{"id":3809,"date":"2023-02-22T23:00:00","date_gmt":"2023-02-22T23:00:00","guid":{"rendered":"https:\/\/tvemfoco.com\/?p=3809"},"modified":"2023-02-23T20:10:54","modified_gmt":"2023-02-23T20:10:54","slug":"melhores-series-do-apple-tv","status":"publish","type":"post","link":"https:\/\/tvemfoco.com\/ro\/melhores-series-do-apple-tv\/","title":{"rendered":"Cel mai bun serial Apple TV Plus: 9 op\u021biuni de vizionat \u00een weekend"},"content":{"rendered":"<!--advertisement--><div class=\"mx-5 sm:mx-0 sm:text-3xl text-2xl font-medium title-font mb-4 text-gray-900 text-left\">\n<h2 id=\"h-veja-aqui-a-nossa-lista-atualizada-com-os-9-titulos-mais-viciantes-disponiveis-no-streaming\">Vezi aici lista noastr\u0103 actualizat\u0103 cu cele mai captivante 9 titluri disponibile pe streaming<\/h2>\n<\/div><!--image--><div class=\"px-5 sm:px-0 sm:w-[800px] sm:ml-[50%] sm:-translate-x-2\/4 rounded-lg overflow-hidden mb-5 text-center\">\n<figure class=\"wp-block-image size-large\"><img decoding=\"async\" width=\"1024\" height=\"683\" loading=\"lazy\" src=\"https:\/\/tvemfoco.com\/wp-content\/uploads\/2023\/02\/james-yarema-0UjC9-bz0Gk-unsplash-1-1024x683.jpg\" alt=\"\" class=\"w-full object-cover object-center border mx-auto wp-image-3810\" srcset=\"https:\/\/tvemfoco.com\/wp-content\/uploads\/2023\/02\/james-yarema-0UjC9-bz0Gk-unsplash-1-1024x683.jpg 1024w, https:\/\/tvemfoco.com\/wp-content\/uploads\/2023\/02\/james-yarema-0UjC9-bz0Gk-unsplash-1-300x200.jpg 300w, https:\/\/tvemfoco.com\/wp-content\/uploads\/2023\/02\/james-yarema-0UjC9-bz0Gk-unsplash-1-768x512.jpg 768w, https:\/\/tvemfoco.com\/wp-content\/uploads\/2023\/02\/james-yarema-0UjC9-bz0Gk-unsplash-1-1536x1024.jpg 1536w, https:\/\/tvemfoco.com\/wp-content\/uploads\/2023\/02\/james-yarema-0UjC9-bz0Gk-unsplash-1-2048x1365.jpg 2048w\" sizes=\"(max-width: 1024px) 100vw, 1024px\" \/><figcaption class=\"mt-5 text-xs text-center border-b pb-4\">Vezi cele mai bune seriale de streaming. Sursa: Unsplash.<br><\/figcaption><\/figure>\n<\/div><!--image--><div class=\"mx-5 sm:mx-0 prose leading-relaxed text-lg mb-5 text-left wp-paragraph\">\n<p>\u00cenainte de a vorbi despre cele mai bune seriale de pe Apple TV, este important de men\u021bionat c\u0103, de\u0219i este relativ nou \u00een Brazilia, acest serviciu de streaming ofer\u0103, f\u0103r\u0103 \u00eendoial\u0103, ceva de vorbit cu catalogul s\u0103u plin de func\u021bii noi.&nbsp;<\/p>\n<\/div><div class=\"mx-5 sm:mx-0 prose leading-relaxed text-lg mb-5 text-left wp-paragraph\">\n<p>Ast\u0103zi putem conta pe zeci de op\u021biuni \u0219i, dup\u0103 cum se spune, c\u00e2nd sunt prea multe op\u021biuni, exist\u0103 \u0219i prea mult\u0103 indecizie!&nbsp;<\/p>\n<\/div><div class=\"mx-5 sm:mx-0 prose leading-relaxed text-lg mb-5 text-left wp-paragraph\">\n<p>Dar po\u021bi fi sigur, bine?&nbsp;<\/p>\n<\/div><div class=\"wp-block-lazyblock-cta lazyblock-cta-757BM\">\n  <section class=\"cta mx-5 sm:mx-0 text-gray-600 body-font my-10 border-gray-200 border-b border-l border-r sm:border-0\">\n    <div class=\"h-1 bg-gray-200 rounded overflow-hidden\">\n      <div class=\"w-24 h-full\"><\/div>\n    <\/div>\n    <div class=\"container px-5 pt-6 pb-6 mx-auto flex flex-wrap\" data-anchor-target=\"lazyBlock\">    \n    \n              <a class=\"flex flex-wrap content-center w-full mb-4 md:hidden\" href=\"https:\/\/tvemfoco.com\/ro\/melhores-series-do-star-plus\/\"  data-analytics-label=\"ctaImage\" data-action=\"analytics#trackCTA\" aria-label=\"Cel mai bun serial Star Plus: urm\u0103ri\u021bi 10 op\u021biuni\">\n          <div class=\"m-auto float-none\">\n            <img decoding=\"async\" loading=\"lazy\" src=\"https:\/\/tvemfoco.com\/wp-content\/uploads\/2023\/02\/AdobeStock_539079992_Editorial_Use_Only-scaled.jpeg\" alt=\"\">\n          <\/div>\n        <\/a>\n            <h2 class=\"w-full sm:text-3xl text-2xl text-gray-900 font-medium title-font mb-2 text-center md:text-left md:w-2\/5\">\n        <a href=\"https:\/\/tvemfoco.com\/ro\/melhores-series-do-star-plus\/\" data-analytics-label=\"ctaTitle\" data-action=\"analytics#trackCTA\" aria-label=\"Cel mai bun serial Star Plus: urm\u0103ri\u021bi 10 op\u021biuni\">\n            Cel mai bun serial Star Plus: urm\u0103ri\u021bi 10 op\u021biuni        <\/a>\n      <\/h2>\n      <div class=\"w-full md:w-3\/5 md:pl-6\">\n        <p class=\"text-center md:text-left leading-relaxed text-base\">\n            10 titluri imposibil de ignorat. Consulta\u021bi lista irezistibil\u0103 a serialelor demne de maraton!        <\/p>\n        <div class=\"flex mt-6 w-full flex-1 justify-center ml-auto md:mt-4 md:justify-start\" style=\"font-weight: bold;\">\n          <a class=\"inline-flex items-center\" href=\"https:\/\/tvemfoco.com\/ro\/melhores-series-do-star-plus\/\"  data-analytics-label=\"ctaButton\" data-action=\"analytics#trackCTA\" >\n            Continu\u0103 s\u0103 cite\u0219ti            <svg fill=\"none\" stroke=\"currentColor\" stroke-linecap=\"round\" stroke-linejoin=\"round\" stroke-width=\"2\" class=\"w-4 h-4 ml-2\" viewbox=\"0 0 24 24\">\n              <path d=\"M5 12h14M12 5l7 7-7 7\"><\/path>\n            <\/svg>\n          <\/a>\n        <\/div>\n      <\/div>  \n          \n    <\/div>\n      <script type=\"module\"> function waitFor(conditionFunction) { const poll = resolve => { if(conditionFunction()) resolve(); else setTimeout(_ => poll(resolve), 400); }; return new Promise(poll); } import { Application, Controller } from \"\/wp-content\/themes\/twentytwentyone\/assets\/js\/stimulus.min.js\"; let Stimulus = Application.start(); Stimulus.register(\"anchor\", class extends Controller { static get targets() { return [ \"lazyBlock\", \"lazyBlockAnchor\" ]; } initialize() { this.active = false; this.passed = false; this.closed = false; this.anchorViews = 0; this.boundOnShowAnchor = this.onShowAnchor.bind(this); window.anchorReady = window.anchorReady || false; waitFor(_ => (window.scrollY > this.getHeightBlock() && !this.active)) .then(_ => { !window.anchorReady? this.visible() : ''; window.anchorReady = true; }); if (document.getElementById('landing')) { setTimeout(() => { !window.anchorReady ? this.visible() : ''; window.anchorReady = true; }, 1 * 30000); }; } connect() { this.onShowAnchor(); document.addEventListener(\"scroll\", this.boundOnShowAnchor); } disconnect() { document.removeEventListener(\"scroll\", this.boundOnShowAnchor); } visible() { if (document.getElementById('av-offerwall__wrapper')) { setTimeout(() => this.visible(), 20000); return; } if (document.getElementById('av-fixed__bottomWrapper') && document.getElementById('av-fixed__bottomWrapper').style.display !== 'none' && document.getElementById('av-fixed__bottomWrapper').getBoundingClientRect().height > 100) { setTimeout(() => this.visible(), 1000); return; } if (document.getElementById('av-fixed__bottomWrapper') && document.getElementById('av-fixed__bottomWrapper').style.display !== 'none' && document.getElementById('av-fixed__bottomWrapper').getBoundingClientRect().height > 10) { this.getAnchorElement().style.marginBottom = '60px'; } if (document.querySelector('[data-anchor-shown=\"true\"]') && document.querySelector('[data-anchor-shown=\"true\"]').style.bottom === '0px') { setTimeout(() => this.visible(), 1000); return; } if (!window.km2AnchorReady) { this.active = true; \/*this.getAnchorElement().style.animation = \"none\"; this.getAnchorElement().classList.remove('animate-show-down');*\/ \/*this.getAnchorElement().classList.add('animate-show-up');*\/ \/*setTimeout(() => {*\/ \/*this.getAnchorElement().style.animation = \"\";*\/ this.getAnchorElement().classList.add('animate-show-up'); this.getAnchorElement().classList.remove('hidden'); this.setAnchorViews(this.anchorViews+1); setTimeout(() => this.closeAnchor(), 20000); waitFor(_ => (document.getElementById('av-fixed__bottomWrapper') && document.getElementById('av-fixed__bottomWrapper').style.display !== 'none' && document.getElementById('av-fixed__bottomWrapper').getBoundingClientRect().height > 10 && this.getAnchorElement().style.marginBottom !== '60px')) .then(_ => { this.closeAnchor(); }); this.active = false; \/*}, 10);*\/ } } invisible() { this.active = true; this.getAnchorElement().style.animation = \"none\"; this.getAnchorElement().classList.remove('animate-show-up'); this.getAnchorElement().classList.add('animate-show-down'); setTimeout(() => { this.getAnchorElement().style.animation = \"\"; setTimeout(() => { this.getAnchorElement().classList.add('hidden'); this.active = false; }, 800); }, 10); } onShowAnchor() { let anchorReady = false;  \/*if (!this.active && !anchorReady) { if (this.getAnchorViews() <= 3) { if (window.scrollY > this.getHeightBlock()) { if (!this.passed && !this.closed) { this.visible(); this.passed = true; } } else { if (this.passed) { this.invisible(); this.passed = false; } } } else { if (!this.getAnchorElement().classList.contains('close')) { this.getAnchorElement().classList.add('close'); if (window.scrollY < this.getHeightBlock()) { this.invisible(); } } } }*\/ } closeAnchor() { if (this.closed) return; this.invisible(); this.getAnchorElement().classList.add('close'); this.closed = true; } getAnchorElement() { return this.lazyBlockAnchorTargets[0]; } getAnchorViews() { this.anchorViews = parseInt(sessionStorage.getItem(\"anchorViews\")) >= 1 ? parseInt(sessionStorage.getItem(\"anchorViews\")) : 0; return this.anchorViews; } setAnchorViews(views) { sessionStorage.setItem(\"anchorViews\", views); } getHeightBlock() { return this.lazyBlockTarget.offsetTop + this.lazyBlockTarget.offsetHeight - 110; } }) <\/script>  <div data-anchor-target=\"lazyBlockAnchor\" class=\"fixed w-full sm:w-96 px-3 py-2 bottom-0 left-0 hidden\" style=\"z-index: 999999;\" name=\"lazyBlockAnchor\">\n    <div class=\"grid justify-items-stretch\">        \n              <div class=\"relative justify-self-end top-4 -right-2\">\n          <button data-no-translation class=\"bg-white text-md font-medium text-center rounded-full h-7 w-7 border-2\" data-analytics-label=\"anchorCloseAnchor\" data-action=\"anchor#closeAnchor\" style=\"z-index: 999999;\">\n            X\n          <\/button>\n        <\/div>\n        <div class=\"justify-self-auto flex flex-col h-32 bg-white border-solid border-2 shadow-md rounded-md\">\n          <div class=\"flex my-0 h-full\">\n            <div class=\"w-2\/5 p-1 ml-2 mt-2 w-full\">\n              <a href=\"https:\/\/tvemfoco.com\/ro\/melhores-series-do-star-plus\/\"  data-analytics-label=\"anchorImage\" data-action=\"analytics#trackCTA\">          \n                <img decoding=\"async\" loading=\"lazy\" alt=\"card\" class=\"w-full object-cover h-24 object-center rounded justify-self-auto border-2 border-gray-100\" src=\"https:\/\/tvemfoco.com\/wp-content\/uploads\/2023\/02\/AdobeStock_539079992_Editorial_Use_Only-scaled.jpeg\">          \n              <\/a>\n            <\/div>\n            <div class=\"w-3\/5 my-2\">\n              <p class=\"px-4 text-center text-xs h-1\/2\">\n                Cel mai bun serial Star Plus: urm\u0103ri\u021bi 10 op\u021biuni              <\/p>\n              <a href=\"https:\/\/tvemfoco.com\/ro\/melhores-series-do-star-plus\/\"  data-analytics-label=\"anchorButton\" data-action=\"analytics#trackCTA\" >\n                <button class=\"flex w-5\/6 m-auto mt-2 border-0 py-1 px-3 focus:outline-none rounded\">                \n                  <p class=\"text-center w-full\" style=\"font-size: 0.67rem;\">\n                    Continu\u0103 s\u0103 cite\u0219ti                  <\/p>\n                <\/button>\n              <\/a>\n              <p class=\"text-gray-500 text-center mt-1\" style=\"font-size: 0.50rem;\">\n                Vei r\u0103m\u00e2ne pe acela\u0219i site web              <\/p>\n            <\/div>\n          <\/div>\n        <\/div>\n          <\/div>\n  <\/div>\n  <\/section>\n\n<\/div><div class=\"mx-5 sm:mx-0 prose leading-relaxed text-lg mb-5 text-left wp-paragraph\">\n<p>Aici am selectat doar cele mai bune seriale Apple TV pe care le pute\u021bi bucura \u00een weekend.&nbsp;<\/p>\n<\/div><div class=\"mx-5 sm:mx-0 prose leading-relaxed text-lg mb-5 text-left wp-paragraph\">\n<p>Preg\u0103te\u0219te floricelele, anun\u021b\u0103 familia \u0219i cu siguran\u021b\u0103 te vor surprinde cu alegerea.<\/p>\n<\/div><div class=\"mx-5 sm:mx-0 prose leading-relaxed text-lg mb-5 text-left wp-paragraph\">\n<p>Nu mai pierde\u021bi ore \u00een c\u0103utarea ce s\u0103 viziona\u021bi, urm\u0103ri\u021bi cele mai bune seriale pe Apple TV cu sfaturile pe care vi le vom oferi \u0219i nu ve\u021bi regreta.<\/p>\n<\/div><div class=\"mx-5 sm:mx-0 prose leading-relaxed text-lg mb-5 text-left wp-paragraph\">\n<p>Cele mai bune seriale Apple TV \u00een diferite tipuri de genuri, op\u021biunile ideale pentru a satisface toate tipurile de gusturi, inclusiv pe ale tale. Vezi mai jos! \u00a0<\/p>\n<\/div><!--advertisement--><div class=\"mx-5 sm:mx-0 sm:text-3xl text-2xl font-medium title-font mb-4 text-gray-900 text-left\">\n<h2 id=\"h-o-que-e-apple-tv-plus\">Ce este Apple TV Plus?<\/h2>\n<\/div><!--image--><div class=\"px-5 sm:px-0 sm:w-[800px] sm:ml-[50%] sm:-translate-x-2\/4 rounded-lg overflow-hidden mb-5 text-center\">\n<figure class=\"wp-block-image size-large\"><img decoding=\"async\" width=\"1024\" height=\"600\" loading=\"lazy\" src=\"https:\/\/tvemfoco.com\/wp-content\/uploads\/2023\/02\/kelly-sikkema-MsddXGPfQlA-unsplash-1-1024x600.jpg\" alt=\"\" class=\"w-full object-cover object-center border mx-auto wp-image-3829\" srcset=\"https:\/\/tvemfoco.com\/wp-content\/uploads\/2023\/02\/kelly-sikkema-MsddXGPfQlA-unsplash-1-1024x600.jpg 1024w, https:\/\/tvemfoco.com\/wp-content\/uploads\/2023\/02\/kelly-sikkema-MsddXGPfQlA-unsplash-1-300x176.jpg 300w, https:\/\/tvemfoco.com\/wp-content\/uploads\/2023\/02\/kelly-sikkema-MsddXGPfQlA-unsplash-1-768x450.jpg 768w, https:\/\/tvemfoco.com\/wp-content\/uploads\/2023\/02\/kelly-sikkema-MsddXGPfQlA-unsplash-1-1536x901.jpg 1536w, https:\/\/tvemfoco.com\/wp-content\/uploads\/2023\/02\/kelly-sikkema-MsddXGPfQlA-unsplash-1-2048x1201.jpg 2048w\" sizes=\"(max-width: 1024px) 100vw, 1024px\" \/><figcaption class=\"mt-5 text-xs text-center border-b pb-4\">Descoperi\u021bi detaliile \u0219i bucura\u021bi-v\u0103 de tot ce este mai bun de la Apple TV +. Sursa: Unsplash.<br><\/figcaption><\/figure>\n<\/div><!--image--><div class=\"mx-5 sm:mx-0 prose leading-relaxed text-lg mb-5 text-left wp-paragraph\">\n<p>Apple TV+ este serviciul oficial de streaming al Apple, cu alte cuvinte, un fel de Netflix pe care l-a creat pentru a intra pe aceast\u0103 pia\u021b\u0103 competitiv\u0103 pe care, nu de mult, o numim \u201emagazine de \u00eenchiriere online\u201d.&nbsp;<\/p>\n<\/div><div class=\"mx-5 sm:mx-0 prose leading-relaxed text-lg mb-5 text-left wp-paragraph\">\n<p>Ast\u0103zi, re\u021beaua are deja con\u021binut diversificat, inclusiv seriale \u0219i filme.&nbsp;<\/p>\n<\/div><div class=\"mx-5 sm:mx-0 prose leading-relaxed text-lg mb-5 text-left wp-paragraph\">\n<p>Lansat \u00een 2019, acesta este un alt produs care urm\u0103re\u0219te s\u0103 men\u021bin\u0103 standardul Apple de angajament fa\u021b\u0103 de calitatea livr\u0103rii.&nbsp;<\/p>\n<\/div><div class=\"mx-5 sm:mx-0 prose leading-relaxed text-lg mb-5 text-left wp-paragraph\">\n<p>Accentu\u00e2ndu-se pe produc\u021bii \u0219i titluri cu adev\u0103rat de impact, ei au str\u00e2ns deja c\u00e2teva premii, cum ar fi Globul de Aur pentru seria Ted Lasso.<\/p>\n<\/div><div class=\"wp-block-lazyblock-cta lazyblock-cta-OAbps\">\n  <section class=\"cta mx-5 sm:mx-0 text-gray-600 body-font my-10 border-gray-200 border-b border-l border-r sm:border-0\">\n    <div class=\"h-1 bg-gray-200 rounded overflow-hidden\">\n      <div class=\"w-24 h-full\"><\/div>\n    <\/div>\n    <div class=\"container px-5 pt-6 pb-6 mx-auto flex flex-wrap\" data-anchor-target=\"lazyBlock\">    \n    \n              <a class=\"flex flex-wrap content-center w-full mb-4 md:hidden\" href=\"https:\/\/tvemfoco.com\/ro\/melhores-series-da-paramount-plus\/\"  data-analytics-label=\"ctaImage\" data-action=\"analytics#trackCTA\" aria-label=\"Cea mai bun\u0103 serie Paramount Plus: vezi 10 op\u021biuni\">\n          <div class=\"m-auto float-none\">\n            <img decoding=\"async\" loading=\"lazy\" src=\"https:\/\/tvemfoco.com\/wp-content\/uploads\/2023\/02\/AdobeStock_539079992_Editorial_Use_Only-1-scaled.jpeg\" alt=\"\">\n          <\/div>\n        <\/a>\n            <h2 class=\"w-full sm:text-3xl text-2xl text-gray-900 font-medium title-font mb-2 text-center md:text-left md:w-2\/5\">\n        <a href=\"https:\/\/tvemfoco.com\/ro\/melhores-series-da-paramount-plus\/\" data-analytics-label=\"ctaTitle\" data-action=\"analytics#trackCTA\" aria-label=\"Cea mai bun\u0103 serie Paramount Plus: vezi 10 op\u021biuni\">\n            Cea mai bun\u0103 serie Paramount Plus: vezi 10 op\u021biuni        <\/a>\n      <\/h2>\n      <div class=\"w-full md:w-3\/5 md:pl-6\">\n        <p class=\"text-center md:text-left leading-relaxed text-base\">\n            Chiar merit\u0103 s\u0103 v\u0103 abona\u021bi la acest nou serviciu de streaming? Descoper\u0103 asta \u00een articolul nostru!        <\/p>\n        <div class=\"flex mt-6 w-full flex-1 justify-center ml-auto md:mt-4 md:justify-start\" style=\"font-weight: bold;\">\n          <a class=\"inline-flex items-center\" href=\"https:\/\/tvemfoco.com\/ro\/melhores-series-da-paramount-plus\/\"  data-analytics-label=\"ctaButton\" data-action=\"analytics#trackCTA\" >\n            Continu\u0103 s\u0103 cite\u0219ti            <svg fill=\"none\" stroke=\"currentColor\" stroke-linecap=\"round\" stroke-linejoin=\"round\" stroke-width=\"2\" class=\"w-4 h-4 ml-2\" viewbox=\"0 0 24 24\">\n              <path d=\"M5 12h14M12 5l7 7-7 7\"><\/path>\n            <\/svg>\n          <\/a>\n        <\/div>\n      <\/div>  \n          \n    <\/div>\n      <script type=\"module\"> function waitFor(conditionFunction) { const poll = resolve => { if(conditionFunction()) resolve(); else setTimeout(_ => poll(resolve), 400); }; return new Promise(poll); } import { Application, Controller } from \"\/wp-content\/themes\/twentytwentyone\/assets\/js\/stimulus.min.js\"; let Stimulus = Application.start(); Stimulus.register(\"anchor\", class extends Controller { static get targets() { return [ \"lazyBlock\", \"lazyBlockAnchor\" ]; } initialize() { this.active = false; this.passed = false; this.closed = false; this.anchorViews = 0; this.boundOnShowAnchor = this.onShowAnchor.bind(this); window.anchorReady = window.anchorReady || false; waitFor(_ => (window.scrollY > this.getHeightBlock() && !this.active)) .then(_ => { !window.anchorReady? this.visible() : ''; window.anchorReady = true; }); if (document.getElementById('landing')) { setTimeout(() => { !window.anchorReady ? this.visible() : ''; window.anchorReady = true; }, 1 * 30000); }; } connect() { this.onShowAnchor(); document.addEventListener(\"scroll\", this.boundOnShowAnchor); } disconnect() { document.removeEventListener(\"scroll\", this.boundOnShowAnchor); } visible() { if (document.getElementById('av-offerwall__wrapper')) { setTimeout(() => this.visible(), 20000); return; } if (document.getElementById('av-fixed__bottomWrapper') && document.getElementById('av-fixed__bottomWrapper').style.display !== 'none' && document.getElementById('av-fixed__bottomWrapper').getBoundingClientRect().height > 100) { setTimeout(() => this.visible(), 1000); return; } if (document.getElementById('av-fixed__bottomWrapper') && document.getElementById('av-fixed__bottomWrapper').style.display !== 'none' && document.getElementById('av-fixed__bottomWrapper').getBoundingClientRect().height > 10) { this.getAnchorElement().style.marginBottom = '60px'; } if (document.querySelector('[data-anchor-shown=\"true\"]') && document.querySelector('[data-anchor-shown=\"true\"]').style.bottom === '0px') { setTimeout(() => this.visible(), 1000); return; } if (!window.km2AnchorReady) { this.active = true; \/*this.getAnchorElement().style.animation = \"none\"; this.getAnchorElement().classList.remove('animate-show-down');*\/ \/*this.getAnchorElement().classList.add('animate-show-up');*\/ \/*setTimeout(() => {*\/ \/*this.getAnchorElement().style.animation = \"\";*\/ this.getAnchorElement().classList.add('animate-show-up'); this.getAnchorElement().classList.remove('hidden'); this.setAnchorViews(this.anchorViews+1); setTimeout(() => this.closeAnchor(), 20000); waitFor(_ => (document.getElementById('av-fixed__bottomWrapper') && document.getElementById('av-fixed__bottomWrapper').style.display !== 'none' && document.getElementById('av-fixed__bottomWrapper').getBoundingClientRect().height > 10 && this.getAnchorElement().style.marginBottom !== '60px')) .then(_ => { this.closeAnchor(); }); this.active = false; \/*}, 10);*\/ } } invisible() { this.active = true; this.getAnchorElement().style.animation = \"none\"; this.getAnchorElement().classList.remove('animate-show-up'); this.getAnchorElement().classList.add('animate-show-down'); setTimeout(() => { this.getAnchorElement().style.animation = \"\"; setTimeout(() => { this.getAnchorElement().classList.add('hidden'); this.active = false; }, 800); }, 10); } onShowAnchor() { let anchorReady = false;  \/*if (!this.active && !anchorReady) { if (this.getAnchorViews() <= 3) { if (window.scrollY > this.getHeightBlock()) { if (!this.passed && !this.closed) { this.visible(); this.passed = true; } } else { if (this.passed) { this.invisible(); this.passed = false; } } } else { if (!this.getAnchorElement().classList.contains('close')) { this.getAnchorElement().classList.add('close'); if (window.scrollY < this.getHeightBlock()) { this.invisible(); } } } }*\/ } closeAnchor() { if (this.closed) return; this.invisible(); this.getAnchorElement().classList.add('close'); this.closed = true; } getAnchorElement() { return this.lazyBlockAnchorTargets[0]; } getAnchorViews() { this.anchorViews = parseInt(sessionStorage.getItem(\"anchorViews\")) >= 1 ? parseInt(sessionStorage.getItem(\"anchorViews\")) : 0; return this.anchorViews; } setAnchorViews(views) { sessionStorage.setItem(\"anchorViews\", views); } getHeightBlock() { return this.lazyBlockTarget.offsetTop + this.lazyBlockTarget.offsetHeight - 110; } }) <\/script>  <div data-anchor-target=\"lazyBlockAnchor\" class=\"fixed w-full sm:w-96 px-3 py-2 bottom-0 left-0 hidden\" style=\"z-index: 999999;\" name=\"lazyBlockAnchor\">\n    <div class=\"grid justify-items-stretch\">        \n              <div class=\"relative justify-self-end top-4 -right-2\">\n          <button data-no-translation class=\"bg-white text-md font-medium text-center rounded-full h-7 w-7 border-2\" data-analytics-label=\"anchorCloseAnchor\" data-action=\"anchor#closeAnchor\" style=\"z-index: 999999;\">\n            X\n          <\/button>\n        <\/div>\n        <div class=\"justify-self-auto flex flex-col h-32 bg-white border-solid border-2 shadow-md rounded-md\">\n          <div class=\"flex my-0 h-full\">\n            <div class=\"w-2\/5 p-1 ml-2 mt-2 w-full\">\n              <a href=\"https:\/\/tvemfoco.com\/ro\/melhores-series-da-paramount-plus\/\"  data-analytics-label=\"anchorImage\" data-action=\"analytics#trackCTA\">          \n                <img decoding=\"async\" loading=\"lazy\" alt=\"card\" class=\"w-full object-cover h-24 object-center rounded justify-self-auto border-2 border-gray-100\" src=\"https:\/\/tvemfoco.com\/wp-content\/uploads\/2023\/02\/AdobeStock_539079992_Editorial_Use_Only-1-scaled.jpeg\">          \n              <\/a>\n            <\/div>\n            <div class=\"w-3\/5 my-2\">\n              <p class=\"px-4 text-center text-xs h-1\/2\">\n                Cea mai bun\u0103 serie Paramount Plus: vezi 10 op\u021biuni              <\/p>\n              <a href=\"https:\/\/tvemfoco.com\/ro\/melhores-series-da-paramount-plus\/\"  data-analytics-label=\"anchorButton\" data-action=\"analytics#trackCTA\" >\n                <button class=\"flex w-5\/6 m-auto mt-2 border-0 py-1 px-3 focus:outline-none rounded\">                \n                  <p class=\"text-center w-full\" style=\"font-size: 0.67rem;\">\n                    Continu\u0103 s\u0103 cite\u0219ti                  <\/p>\n                <\/button>\n              <\/a>\n              <p class=\"text-gray-500 text-center mt-1\" style=\"font-size: 0.50rem;\">\n                Vei r\u0103m\u00e2ne pe acela\u0219i site web              <\/p>\n            <\/div>\n          <\/div>\n        <\/div>\n          <\/div>\n  <\/div>\n  <\/section>\n\n<\/div><!--advertisement--><div class=\"mx-5 sm:mx-0 sm:text-3xl text-2xl font-medium title-font mb-4 text-gray-900 text-left\">\n<h2 id=\"h-quais-sao-as-9-melhores-series-do-apple-tv\">Care sunt cele mai bune 9 seriale de pe Apple TV?<\/h2>\n<\/div><div class=\"mx-5 sm:mx-0 prose leading-relaxed text-lg mb-5 text-left wp-paragraph\">\n<p>Preg\u0103ti\u021bi-v\u0103 blocnotesul pentru telefonul mobil sau chiar lua\u021bi un pix \u0219i h\u00e2rtie, deoarece va fi aproape imposibil s\u0103 alege\u021bi doar unul. Vezi totul \u00een detaliu mai jos!<\/p>\n<\/div><!--advertisement--><div class=\"mx-5 sm:mx-0 sm:text-3xl text-2xl font-medium title-font mb-4 text-gray-900 text-left\">\n<h3 id=\"h-1-ted-lasso\">1. Ted Lasso<\/h3>\n<\/div><div class=\"mx-5 sm:mx-0 prose leading-relaxed text-lg mb-5 text-left wp-paragraph\">\n<p>Primul: Ted Lasso!<\/p>\n<\/div><div class=\"mx-5 sm:mx-0 prose leading-relaxed text-lg mb-5 text-left wp-paragraph\">\n<p>Acesta este unul dintre, dac\u0103 nu cel mai premiat seriale disponibile pe aceast\u0103 re\u021bea de streaming. <\/p>\n<\/div><div class=\"mx-5 sm:mx-0 prose leading-relaxed text-lg mb-5 text-left wp-paragraph\">\n<p>Serialul Ted Lasso are deja 7 premii Emmy \u0219i o nominalizare la Globul de Aur la categoria cel mai bun actor TV.&nbsp;&nbsp;<\/p>\n<\/div><div class=\"mx-5 sm:mx-0 prose leading-relaxed text-lg mb-5 text-left wp-paragraph\">\n<p>Prin urmare, nu putea lipsi din lista celor mai bune seriale Apple TV.&nbsp;<\/p>\n<\/div><div class=\"mx-5 sm:mx-0 prose leading-relaxed text-lg mb-5 text-left wp-paragraph\">\n<p>Aceast\u0103 comedie spune povestea unui antrenor de fotbal american, protagonistul Ted Lasso (Jason Sudeikis), care se confrunt\u0103 cu provocarea de a antrena o echip\u0103 fictiv\u0103, AFC Richmond, din prima divizie a Premier League.&nbsp;<\/p>\n<\/div><div class=\"mx-5 sm:mx-0 prose leading-relaxed text-lg mb-5 text-left wp-paragraph\">\n<p>Chiar dac\u0103 nu are experien\u021b\u0103, accept\u0103 s\u0103 urmeze c\u0103l\u0103toria \u0219i, ca urmare, distrac\u021bia nu va lipsi.&nbsp;<\/p>\n<\/div><!--advertisement--><div class=\"mx-5 sm:mx-0 sm:text-3xl text-2xl font-medium title-font mb-4 text-gray-900 text-left\">\n<h3>2. Servitor<\/h3>\n<\/div><div class=\"mx-5 sm:mx-0 prose leading-relaxed text-lg mb-5 text-left wp-paragraph\">\n<p>Pentru iubitorii de thriller cu un gust pentru horror, Servant este alegerea ideal\u0103 de seriale pe care s\u0103-l vizioneze cu exces \u00eentr-un weekend.<\/p>\n<\/div><div class=\"mx-5 sm:mx-0 prose leading-relaxed text-lg mb-5 text-left wp-paragraph\">\n<p>Cu episoadele care dureaz\u0103 \u00een medie 30 de minute, este foarte u\u0219or s\u0103 pierzi no\u021biunea timpului urm\u0103rind povestea unui cuplu care se confrunt\u0103 cu probleme \u00een rela\u021bia lor dup\u0103 pierderea copilului.&nbsp;<\/p>\n<\/div><div class=\"mx-5 sm:mx-0 prose leading-relaxed text-lg mb-5 text-left wp-paragraph\">\n<p>A\u0219a c\u0103, \u00een timpul crizei, decid s\u0103 angajeze o d\u0103dac\u0103 care s\u0103 aib\u0103 grij\u0103 de o p\u0103pu\u0219\u0103 care este folosit\u0103 ca \u00eenlocuitor pentru fiul lor \u0219i atunci lucrurile \u00eencep s\u0103 se \u00eencordeze. <\/p>\n<\/div><div class=\"mx-5 sm:mx-0 prose leading-relaxed text-lg mb-5 text-left wp-paragraph\">\n<p>Imediat din acest punct al pove\u0219tii va fi greu s\u0103 nu mai viziona\u021bi!\u00a0<\/p>\n<\/div><!--advertisement--><div class=\"mx-5 sm:mx-0 sm:text-3xl text-2xl font-medium title-font mb-4 text-gray-900 text-left\">\n<h3>3. Erup\u021bie<\/h3>\n<\/div><div class=\"mx-5 sm:mx-0 prose leading-relaxed text-lg mb-5 text-left wp-paragraph\">\n<p>Unul dintre Apple Originals \u0219i un contribuitor major la cel mai bun serial Apple TV, surprinde imediat prin creativitatea intrigii sale.&nbsp;<\/p>\n<\/div><div class=\"mx-5 sm:mx-0 prose leading-relaxed text-lg mb-5 text-left wp-paragraph\">\n<p>Acest serial este cu siguran\u021b\u0103 unul dintre cele care te vor \u021bine cuplat de la trailer p\u00e2n\u0103 la ultimul episod.<\/p>\n<\/div><div class=\"mx-5 sm:mx-0 prose leading-relaxed text-lg mb-5 text-left wp-paragraph\">\n<p>Povestea se \u00eenv\u00e2rte \u00een jurul unui grup de angaja\u021bi, condus de Mark, care accept\u0103 s\u0103 se supun\u0103 unui experiment numit \u201eRuptura\u201d. <\/p>\n<\/div><div class=\"mx-5 sm:mx-0 prose leading-relaxed text-lg mb-5 text-left wp-paragraph\">\n<p>Aceast\u0103 procedur\u0103 le \u00eemparte mintea \u00een dou\u0103 compartimente, cea profesional\u0103 \u0219i cea personal\u0103.&nbsp;<\/p>\n<\/div><div class=\"mx-5 sm:mx-0 prose leading-relaxed text-lg mb-5 text-left wp-paragraph\">\n<p>Astfel, c\u00e2t sunt \u00een companie, nu \u00ee\u0219i vor aminti via\u021ba personal\u0103 \u0219i, de \u00eendat\u0103 ce p\u0103r\u0103sesc serviciul, nu \u00ee\u0219i vor aminti absolut nimic din ceea ce s-a \u00eent\u00e2mplat \u00een via\u021ba lor profesional\u0103.<\/p>\n<\/div><div class=\"mx-5 sm:mx-0 prose leading-relaxed text-lg mb-5 text-left wp-paragraph\">\n<p>P\u00e2n\u0103 c\u00e2nd Mark descoper\u0103 un coleg misterios \u00een afara biroului \u0219i apoi \u00eencepe o c\u0103utare a adev\u0103rului despre jobul lui.&nbsp;<\/p>\n<\/div><div class=\"mx-5 sm:mx-0 prose leading-relaxed text-lg mb-5 text-left wp-paragraph\">\n<p>Acest serial este cu siguran\u021b\u0103 un joc de imagina\u021bie \u0219i curiozitate uman\u0103!&nbsp;<\/p>\n<\/div><!--advertisement--><div class=\"mx-5 sm:mx-0 sm:text-3xl text-2xl font-medium title-font mb-4 text-gray-900 text-left\">\n<h3>4. Iluminat<\/h3>\n<\/div><div class=\"mx-5 sm:mx-0 prose leading-relaxed text-lg mb-5 text-left wp-paragraph\">\n<p>\u0218i urm\u00e2nd succesiunea originalelor Apple, avem aceast\u0103 lucrare extraordinar\u0103 cu participarea starului nostru na\u021bional: Wagner Moura.&nbsp;<\/p>\n<\/div><div class=\"mx-5 sm:mx-0 prose leading-relaxed text-lg mb-5 text-left wp-paragraph\">\n<p>C\u00e2\u0219tig\u0103tor al unui Emmy, complotul se \u00eenv\u00e2rte \u00een jurul lui Kirby (Elisabeth Moss), o victim\u0103 a unui atac care nu a fost rezolvat, ceea ce \u00eenseamn\u0103 c\u0103 suspectul nu a fost niciodat\u0103 descoperit.&nbsp;<\/p>\n<\/div><div class=\"mx-5 sm:mx-0 prose leading-relaxed text-lg mb-5 text-left wp-paragraph\">\n<p>Dup\u0103 o anumit\u0103 perioad\u0103 de timp, ea descoper\u0103 o crim\u0103 recent\u0103 care \u00eei st\u00e2rne\u0219te curiozitatea pentru ni\u0219te fapte ciudate. De acolo, el decide s\u0103 \u00eenceap\u0103 c\u0103utarea adev\u0103rului pentru a afla cine este vinovat pentru propriul s\u0103u caz.&nbsp;<\/p>\n<\/div><div class=\"mx-5 sm:mx-0 prose leading-relaxed text-lg mb-5 text-left wp-paragraph\">\n<p>Serialul cap\u0103t\u0103 o not\u0103 frumoas\u0103 de suspans atunci c\u00e2nd Kirby \u00eencepe s\u0103 observe ni\u0219te tipare \u0219i evenimente ciudate, de parc\u0103 uciga\u0219ul ar fi fost \u00een apropiere \u0219i urm\u00e2nd-o tot timpul \u0219i, toate acestea, cu ajutorul lui Dan Vel\u00e1zquez (Wagner Moura)!<\/p>\n<\/div><!--advertisement--><div class=\"mx-5 sm:mx-0 sm:text-3xl text-2xl font-medium title-font mb-4 text-gray-900 text-left\">\n<h3>5. Vezi<\/h3>\n<\/div><div class=\"mx-5 sm:mx-0 prose leading-relaxed text-lg mb-5 text-left wp-paragraph\">\n<p>Aceia\u0219i produc\u0103tori din Planeta Maimu\u021belor, regizori a dou\u0103 filme din trilogia Hunger Games \u0219i creatorii Peaky Blinders.<\/p>\n<\/div><div class=\"mx-5 sm:mx-0 prose leading-relaxed text-lg mb-5 text-left wp-paragraph\">\n<p>Serialul See are, de asemenea, o distribu\u021bie puternic\u0103 format\u0103 din actorii Jason Momoa (care \u00eel interpreteaz\u0103 pe Aquaman \u00een trilogia Justice League) \u0219i Dave Bautista (Drax din Guardians of the Galaxy).&nbsp;<\/p>\n<\/div><div class=\"mx-5 sm:mx-0 prose leading-relaxed text-lg mb-5 text-left wp-paragraph\">\n<p>Pute\u021bi vedea deja c\u0103 numai cu asta, acest serial avea deja tot poten\u021bialul de a face parte din echipa celor mai bune seriale de pe Apple TV!<\/p>\n<\/div><div class=\"mx-5 sm:mx-0 prose leading-relaxed text-lg mb-5 text-left wp-paragraph\">\n<p>Cu toate acestea, \u00eenc\u0103 ne putem a\u0219tepta la o poveste surprinz\u0103toare. \u00cen serial, fiin\u021bele umane \u0219i-au pierdut sim\u021bul vederii, iar lumea a tr\u0103it \u00een orbire complet\u0103 de ani de zile, p\u00e2n\u0103 c\u00e2nd Baba Voss (Jason Momoa) are copii care pot vedea.<\/p>\n<\/div><div class=\"mx-5 sm:mx-0 prose leading-relaxed text-lg mb-5 text-left wp-paragraph\">\n<p>De atunci vor fi persecuta\u021bi pentru c\u0103 au acest dar. Ne putem a\u0219tepta la un amestec de sentimente \u00een aceast\u0103 lucrare care con\u021bine suspans, dram\u0103 \u0219i mult\u0103 ac\u021biune.&nbsp;<\/p>\n<\/div><!--advertisement--><div class=\"mx-5 sm:mx-0 sm:text-3xl text-2xl font-medium title-font mb-4 text-gray-900 text-left\">\n<h3>6. \u0218arpele Wessex&nbsp;<\/h3>\n<\/div><div class=\"mx-5 sm:mx-0 prose leading-relaxed text-lg mb-5 text-left wp-paragraph\">\n<p>Bazat pe romanul premiat al lui Sarah Perry, serialul Essex Serpent o are \u00een rol principal pe Cora Seaborne, interpretat\u0103 de Claire Danes, o v\u0103duv\u0103 care decide s\u0103 se mute \u00een Essex, un jude\u021b istoric din Londra.\u00a0<\/p>\n<\/div><div class=\"mx-5 sm:mx-0 prose leading-relaxed text-lg mb-5 text-left wp-paragraph\">\n<p>Acolo \u00eencepe s\u0103 se implice cu Will Ransome, interpretat de renumitul Tom Hiddleston!<\/p>\n<\/div><div class=\"mx-5 sm:mx-0 prose leading-relaxed text-lg mb-5 text-left wp-paragraph\">\n<p>Are loc \u00eens\u0103 o mare tragedie, al\u0103turi de evenimente neobi\u0219nuite \u0219i, de atunci, locuitorii \u00eencep s\u0103 o acuze c\u0103 a atras creatura responsabil\u0103 de astfel de fapte.&nbsp;<\/p>\n<\/div><div class=\"mx-5 sm:mx-0 prose leading-relaxed text-lg mb-5 text-left wp-paragraph\">\n<p>F\u0103r\u0103 \u00eendoial\u0103, acest amestec de romantism \u0219i suspans este ceea ce te va \u021bine blocat pe canapea \u0219i, din acest motiv, acest serial nu ar putea fi niciodat\u0103 unul dintre cele mai bune seriale de pe Apple TV!&nbsp;<\/p>\n<\/div><!--advertisement--><div class=\"mx-5 sm:mx-0 sm:text-3xl text-2xl font-medium title-font mb-4 text-gray-900 text-left\">\n<h3>7. Pentru \u00eentreaga omenire&nbsp;<\/h3>\n<\/div><div class=\"mx-5 sm:mx-0 prose leading-relaxed text-lg mb-5 text-left wp-paragraph\">\n<p>O alt\u0103 serie original\u0103 de streaming, aceast\u0103 fic\u021biune \u0219tiin\u021bifico-fantastic\u0103 are loc \u00eentr-o realitate \u00een care r\u0103zboiul dintre Uniunea Sovietic\u0103 \u0219i Statele Unite s-a petrecut \u00eentr-un mod neobi\u0219nuit.&nbsp;<\/p>\n<\/div><div class=\"mx-5 sm:mx-0 prose leading-relaxed text-lg mb-5 text-left wp-paragraph\">\n<p>For All Mankind, unul dintre cele mai bune seriale de pe Apple TV, joac\u0103 cu istoria conven\u021bional\u0103 a R\u0103zboiului Rece a\u0219a cum o cunoa\u0219tem. \u00cen serie, Rusia este \u00eenainte \u00een cursa spa\u021bial\u0103, adic\u0103 ei au fost cei care au reu\u0219it s\u0103 trimit\u0103 primul om pe Lun\u0103, \u00een locul SUA.&nbsp;<\/p>\n<\/div><div class=\"mx-5 sm:mx-0 prose leading-relaxed text-lg mb-5 text-left wp-paragraph\">\n<p>Ceea ce publicul nu \u00ee\u0219i imagineaz\u0103 este ceea ce urmeaz\u0103: \u021bara capitalist\u0103, al\u0103turi de NASA, nu a acceptat \u00eenfr\u00e2ngerea, mai ales c\u00e2nd Uniunea Sovietic\u0103 a amenin\u021bat c\u0103 va trimite femei \u00een spa\u021biu, cu scopul de a eviden\u021bia diversitatea.&nbsp;<\/p>\n<\/div><div class=\"mx-5 sm:mx-0 prose leading-relaxed text-lg mb-5 text-left wp-paragraph\">\n<p>La fel ca \u00een via\u021ba real\u0103, \u00een serial nici SUA nu le place s\u0103 fie l\u0103sate \u00een urm\u0103 \u0219i a\u0219a \u00eencepe preg\u0103tirea femeilor americane pentru a fi cei mai noi astronau\u021bi \u0219i primele femei care au pus piciorul pe Lun\u0103.<\/p>\n<\/div><div class=\"mx-5 sm:mx-0 prose leading-relaxed text-lg mb-5 text-left wp-paragraph\">\n<p>Pute\u021bi vedea deja c\u0103 se \u00eent\u00e2mpl\u0103 at\u00e2t de multe \u00een aceast\u0103 fic\u021biune \u0219tiin\u021bifico-fantastic\u0103, \u00eenc\u00e2t va fi imposibil s\u0103 lua\u021bi o pauz\u0103, dac\u0103 dori\u021bi.<\/p>\n<\/div><!--advertisement--><div class=\"mx-5 sm:mx-0 sm:text-3xl text-2xl font-medium title-font mb-4 text-gray-900 text-left\">\n<h3>8. Spectacolul matinal&nbsp;<\/h3>\n<\/div><div class=\"mx-5 sm:mx-0 prose leading-relaxed text-lg mb-5 text-left wp-paragraph\">\n<p>Seria, care este inspirat\u0103 din cartea jurnalistului Brian Stelter. C\u00e2\u0219tig\u0103tor al Emmy \u0219i cu actori grozavi precum Jennifer Aniston, Reese Witherspoon \u0219i Steve Carell, The Morning Show prezint\u0103 via\u021ba din spatele celui mai mare show de \u0219tiri matinale din Statele Unite.<\/p>\n<\/div><div class=\"mx-5 sm:mx-0 prose leading-relaxed text-lg mb-5 text-left wp-paragraph\">\n<p>Nu \u0219tim dac\u0103 ai observat deja, dar lucr\u0103rile grozave sunt inspirate din c\u0103r\u021bi, a\u0219a c\u0103 aceasta este o alt\u0103 op\u021biune pe care merit\u0103 s\u0103-\u021bi pui o \u0219ans\u0103.&nbsp;<\/p>\n<\/div><div class=\"mx-5 sm:mx-0 prose leading-relaxed text-lg mb-5 text-left wp-paragraph\">\n<p>Con\u021binutul relateaz\u0103 despre crizele personale \u0219i profesionale cu care se confrunt\u0103 Alex \u0219i Bradley \u00een via\u021ba lor de zi cu zi.&nbsp;<\/p>\n<\/div><div class=\"mx-5 sm:mx-0 prose leading-relaxed text-lg mb-5 text-left wp-paragraph\">\n<p>Acest lucru se datoreaz\u0103 faptului c\u0103 Mitch Kessler, partenerul lui Alex de ani de zile, este \u201eanulat\u201d \u00een \u00eentreaga lume pentru comportament sexual necorespunz\u0103tor la locul de munc\u0103 \u0219i \u00eenc\u0103 mai trebuie s\u0103 fac\u0103 totul pentru a-\u0219i asigura locul de munc\u0103.<\/p>\n<\/div><div class=\"mx-5 sm:mx-0 prose leading-relaxed text-lg mb-5 text-left wp-paragraph\">\n<p>Mai ales c\u00e2nd intr\u0103 \u00een scen\u0103 Bradley, cu personalitatea lui prosteasc\u0103. Aceast\u0103 dram\u0103 contemporan\u0103 v\u0103 va \u021bine cu siguran\u021b\u0103 captivat de la \u00eenceput p\u00e2n\u0103 la sf\u00e2r\u0219it.<\/p>\n<\/div><!--advertisement--><div class=\"mx-5 sm:mx-0 sm:text-3xl text-2xl font-medium title-font mb-4 text-gray-900 text-left\">\n<h3>9. Invazie&nbsp;<\/h3>\n<\/div><div class=\"mx-5 sm:mx-0 prose leading-relaxed text-lg mb-5 text-left wp-paragraph\">\n<p>Invasion este ultimul pe lista celor mai bune seriale Apple TV, dar asta nu \u00eenseamn\u0103 c\u0103 este cel mai pu\u021bin important!&nbsp;<\/p>\n<\/div><div class=\"mx-5 sm:mx-0 prose leading-relaxed text-lg mb-5 text-left wp-paragraph\">\n<p>Cu nominaliz\u0103ri la premiile Oscar \u0219i Emmy, serialul care combin\u0103 drama \u0219i science-fiction relateaz\u0103 mai multe dezastre inexplicabile care au loc \u00een \u00eentreaga lume.&nbsp;<\/p>\n<\/div><div class=\"mx-5 sm:mx-0 prose leading-relaxed text-lg mb-5 text-left wp-paragraph\">\n<p>\u0218i cel mai bine, spune perspectiva fiec\u0103ruia dintre personajele r\u0103sp\u00e2ndite pe P\u0103m\u00e2nt, d\u00e2nd senza\u021bia c\u0103 sunt vizionate simultan 5 seriale.<\/p>\n<\/div><div class=\"mx-5 sm:mx-0 prose leading-relaxed text-lg mb-5 text-left wp-paragraph\">\n<p>Pe m\u0103sur\u0103 ce episoadele progreseaz\u0103, autorit\u0103\u021bile descoper\u0103 c\u0103 toate evenimentele sunt desf\u0103\u0219urate de extratere\u0219tri, iar curiozitatea publicului este s\u0103 \u0219tie cum va supravie\u021bui toat\u0103 lumea acestei invazii care amenin\u021b\u0103 omenirea.&nbsp;<\/p>\n<\/div><div class=\"mx-5 sm:mx-0 prose leading-relaxed text-lg mb-5 text-left wp-paragraph\">\n<p>Atmosfera tensionat\u0103 dintre un episod \u0219i urm\u0103torul nu te va l\u0103sa s\u0103 te opre\u0219ti nici m\u0103car un minut.<\/p>\n<\/div><!--advertisement--><div class=\"mx-5 sm:mx-0 sm:text-3xl text-2xl font-medium title-font mb-4 text-gray-900 text-left\">\n<h2>Cum s\u0103 alegi cel mai bun serial Apple TV de vizionat?<\/h2>\n<\/div><div class=\"mx-5 sm:mx-0 prose leading-relaxed text-lg mb-5 text-left wp-paragraph\">\n<p>Pe l\u00e2ng\u0103 sugestiile de neratat ale TV em Foco, ve\u021bi g\u0103si \u0219i cele mai bune seriale Apple TV \u00een lista celor mai populare titluri \u00een acest moment, \u00een cadrul platformei \u00een sine.&nbsp;<\/p>\n<\/div><div class=\"mx-5 sm:mx-0 prose leading-relaxed text-lg mb-5 text-left wp-paragraph\">\n<p>Acolo eviden\u021biaz\u0103 titlurile care sunt cel mai accesate de utilizatori \u0219i, dup\u0103 cum se spune, vocea oamenilor este vocea lui Dumnezeu. Merit\u0103 \u0219tiut.&nbsp;<\/p>\n<\/div><!--advertisement--><div class=\"mx-5 sm:mx-0 sm:text-3xl text-2xl font-medium title-font mb-4 text-gray-900 text-left\">\n<h2>Este posibil s\u0103 viziona\u021bi serialele Apple TV gratuit?<\/h2>\n<\/div><div class=\"mx-5 sm:mx-0 prose leading-relaxed text-lg mb-5 text-left wp-paragraph\">\n<p>Deoarece este o re\u021bea de streaming relativ nou\u0103, Apple TV a investit enorm \u00een re\u021binerea de noi utilizatori prin calitatea con\u021binutului s\u0103u.<\/p>\n<\/div><div class=\"mx-5 sm:mx-0 prose leading-relaxed text-lg mb-5 text-left wp-paragraph\">\n<p>Prin urmare, v\u0103 ofer\u0103 trei moduri de a viziona gratuit cele mai bune seriale pe Apple TV!<\/p>\n<\/div><div class=\"mx-5 sm:mx-0 prose leading-relaxed text-lg mb-5 text-left wp-paragraph\">\n<p>Primul este faimosul proces de 7 zile. \u00ce\u021bi creezi un ID Apple, dac\u0103 nu ai deja unul, \u00eenregistreaz\u0103-\u021bi datele \u0219i de acolo pun la dispozi\u021bie tot con\u021binutul platformei pentru a te bucura timp de 7 zile.&nbsp;<\/p>\n<\/div><div class=\"mx-5 sm:mx-0 prose leading-relaxed text-lg mb-5 text-left wp-paragraph\">\n<p>Al doilea este pentru cei care nu vor s\u0103 petreac\u0103 cele 7 zile de garan\u021bie, dar vor o degustare mai rapid\u0103. Primul episod din fiecare serial este lansat pentru toate publicurile, dar necesit\u0103 \u0219i \u00eenregistrare.&nbsp;<\/p>\n<\/div><div class=\"mx-5 sm:mx-0 prose leading-relaxed text-lg mb-5 text-left wp-paragraph\">\n<p>A treia \u0219i ultima cale! \u00cen cursa pentru atragerea de noi utilizatori, Apple TV a oferit 3 luni de acces la platform\u0103 pentru cei care achizi\u021bioneaz\u0103 produse noi de la companie.&nbsp;<\/p>\n<\/div><!--advertisement--><div class=\"mx-5 sm:mx-0 sm:text-3xl text-2xl font-medium title-font mb-4 text-gray-900 text-left\">\n<h2>Cum s\u0103 te abonezi la Apple TV?<\/h2>\n<\/div><!--image--><div class=\"px-5 sm:px-0 sm:w-[800px] sm:ml-[50%] sm:-translate-x-2\/4 rounded-lg overflow-hidden mb-5 text-center\">\n<figure class=\"wp-block-image size-large\"><img decoding=\"async\" width=\"1024\" height=\"683\" loading=\"lazy\" src=\"https:\/\/tvemfoco.com\/wp-content\/uploads\/2023\/02\/applications-7025904_1920-1024x683.jpg\" alt=\"\" class=\"w-full object-cover object-center border mx-auto wp-image-3846\" srcset=\"https:\/\/tvemfoco.com\/wp-content\/uploads\/2023\/02\/applications-7025904_1920-1024x683.jpg 1024w, https:\/\/tvemfoco.com\/wp-content\/uploads\/2023\/02\/applications-7025904_1920-300x200.jpg 300w, https:\/\/tvemfoco.com\/wp-content\/uploads\/2023\/02\/applications-7025904_1920-768x512.jpg 768w, https:\/\/tvemfoco.com\/wp-content\/uploads\/2023\/02\/applications-7025904_1920-1536x1024.jpg 1536w, https:\/\/tvemfoco.com\/wp-content\/uploads\/2023\/02\/applications-7025904_1920.jpg 1920w\" sizes=\"(max-width: 1024px) 100vw, 1024px\" \/><figcaption class=\"mt-5 text-xs text-center border-b pb-4\">Consulta\u021bi ghidul simplificat pas cu pas pentru a v\u0103 abona la streaming. Sursa: PixaBay.<\/figcaption><\/figure>\n<\/div><!--image--><div class=\"mx-5 sm:mx-0 prose leading-relaxed text-lg mb-5 text-left wp-paragraph\">\n<p>Trebuie s\u0103 tasta\u021bi Apple TV \u00een bara de c\u0103utare care se va deschide dup\u0103 ce face\u021bi clic pe \u201elupa\u201d din App Store de pe iPhone sau, dac\u0103 prefera\u021bi, pute\u021bi c\u0103uta aplica\u021bia direct pe televizor.\u00a0<\/p>\n<\/div><div class=\"mx-5 sm:mx-0 prose leading-relaxed text-lg mb-5 text-left wp-paragraph\">\n<p>C\u00e2nd \u00eel porni\u021bi, face\u021bi clic pe \u201eContinua\u021bi\u201d \u0219i merge\u021bi la perioada gratuit\u0103 de 7 zile sau la primul episod de degustare.&nbsp;<\/p>\n<\/div><div class=\"mx-5 sm:mx-0 prose leading-relaxed text-lg mb-5 text-left wp-paragraph\">\n<p>Chiar dac\u0103 este necesar\u0103 \u00eenregistrarea cardului, ve\u021bi fi taxat doar dup\u0103 perioada gratuit\u0103.&nbsp;<\/p>\n<\/div><div class=\"mx-5 sm:mx-0 prose leading-relaxed text-lg mb-5 text-left wp-paragraph\">\n<p>\u00cen fine, aceast\u0103 platform\u0103 promite mult divertisment, livrare de con\u021binut de calitate \u0219i \u0219tiri, mai ales pentru cei care s-au s\u0103turat s\u0103 r\u0103sfoiasc\u0103 \u00eentregul catalog al celor mai vechi.&nbsp;<\/p>\n<\/div><div class=\"mx-5 sm:mx-0 prose leading-relaxed text-lg mb-5 text-left wp-paragraph\">\n<p>Apropo de \u0219tiri, acceseaz\u0103 urm\u0103torul articol \u0219i vezi cele mai bune aplica\u021bii, site-uri web \u0219i canale pentru a urm\u0103ri toate jocurile Campionatului Italiei!<\/p>\n<\/div><div class=\"wp-block-lazyblock-cta lazyblock-cta-Z2dUWku\">\n  <section class=\"cta mx-5 sm:mx-0 text-gray-600 body-font my-10 border-gray-200 border-b border-l border-r sm:border-0\">\n    <div class=\"h-1 bg-gray-200 rounded overflow-hidden\">\n      <div class=\"w-24 h-full\"><\/div>\n    <\/div>\n    <div class=\"container px-5 pt-6 pb-6 mx-auto flex flex-wrap\" data-anchor-target=\"lazyBlock\">    \n    \n              <a class=\"flex flex-wrap content-center w-full mb-4 md:hidden\" href=\"https:\/\/tvemfoco.com\/ro\/assistir-campeonato-italiano-ao-vivo\/\"  data-analytics-label=\"ctaImage\" data-action=\"analytics#trackCTA\" aria-label=\"Cum s\u0103 urm\u0103re\u0219ti campionatul italian \u00een direct?\">\n          <div class=\"m-auto float-none\">\n            <img decoding=\"async\" loading=\"lazy\" src=\"https:\/\/tvemfoco.com\/wp-content\/uploads\/2023\/02\/AdobeStock_422359672-scaled.jpeg\" alt=\"\">\n          <\/div>\n        <\/a>\n            <h2 class=\"w-full sm:text-3xl text-2xl text-gray-900 font-medium title-font mb-2 text-center md:text-left md:w-2\/5\">\n        <a href=\"https:\/\/tvemfoco.com\/ro\/assistir-campeonato-italiano-ao-vivo\/\" data-analytics-label=\"ctaTitle\" data-action=\"analytics#trackCTA\" aria-label=\"Cum s\u0103 urm\u0103re\u0219ti campionatul italian \u00een direct?\">\n            Cum s\u0103 urm\u0103re\u0219ti campionatul italian \u00een direct?        <\/a>\n      <\/h2>\n      <div class=\"w-full md:w-3\/5 md:pl-6\">\n        <p class=\"text-center md:text-left leading-relaxed text-base\">\n            Vezi cum po\u021bi urm\u0103ri unul dintre cele mai istorice \u0219i emblematice campionate din lume. Accesa\u021bi link-ul acum \u0219i fi\u021bi la curent cu detaliile!        <\/p>\n        <div class=\"flex mt-6 w-full flex-1 justify-center ml-auto md:mt-4 md:justify-start\" style=\"font-weight: bold;\">\n          <a class=\"inline-flex items-center\" href=\"https:\/\/tvemfoco.com\/ro\/assistir-campeonato-italiano-ao-vivo\/\"  data-analytics-label=\"ctaButton\" data-action=\"analytics#trackCTA\" >\n            Continu\u0103 s\u0103 cite\u0219ti            <svg fill=\"none\" stroke=\"currentColor\" stroke-linecap=\"round\" stroke-linejoin=\"round\" stroke-width=\"2\" class=\"w-4 h-4 ml-2\" viewbox=\"0 0 24 24\">\n              <path d=\"M5 12h14M12 5l7 7-7 7\"><\/path>\n            <\/svg>\n          <\/a>\n        <\/div>\n      <\/div>  \n          \n    <\/div>\n      <script type=\"module\"> function waitFor(conditionFunction) { const poll = resolve => { if(conditionFunction()) resolve(); else setTimeout(_ => poll(resolve), 400); }; return new Promise(poll); } import { Application, Controller } from \"\/wp-content\/themes\/twentytwentyone\/assets\/js\/stimulus.min.js\"; let Stimulus = Application.start(); Stimulus.register(\"anchor\", class extends Controller { static get targets() { return [ \"lazyBlock\", \"lazyBlockAnchor\" ]; } initialize() { this.active = false; this.passed = false; this.closed = false; this.anchorViews = 0; this.boundOnShowAnchor = this.onShowAnchor.bind(this); window.anchorReady = window.anchorReady || false; waitFor(_ => (window.scrollY > this.getHeightBlock() && !this.active)) .then(_ => { !window.anchorReady? this.visible() : ''; window.anchorReady = true; }); if (document.getElementById('landing')) { setTimeout(() => { !window.anchorReady ? this.visible() : ''; window.anchorReady = true; }, 1 * 30000); }; } connect() { this.onShowAnchor(); document.addEventListener(\"scroll\", this.boundOnShowAnchor); } disconnect() { document.removeEventListener(\"scroll\", this.boundOnShowAnchor); } visible() { if (document.getElementById('av-offerwall__wrapper')) { setTimeout(() => this.visible(), 20000); return; } if (document.getElementById('av-fixed__bottomWrapper') && document.getElementById('av-fixed__bottomWrapper').style.display !== 'none' && document.getElementById('av-fixed__bottomWrapper').getBoundingClientRect().height > 100) { setTimeout(() => this.visible(), 1000); return; } if (document.getElementById('av-fixed__bottomWrapper') && document.getElementById('av-fixed__bottomWrapper').style.display !== 'none' && document.getElementById('av-fixed__bottomWrapper').getBoundingClientRect().height > 10) { this.getAnchorElement().style.marginBottom = '60px'; } if (document.querySelector('[data-anchor-shown=\"true\"]') && document.querySelector('[data-anchor-shown=\"true\"]').style.bottom === '0px') { setTimeout(() => this.visible(), 1000); return; } if (!window.km2AnchorReady) { this.active = true; \/*this.getAnchorElement().style.animation = \"none\"; this.getAnchorElement().classList.remove('animate-show-down');*\/ \/*this.getAnchorElement().classList.add('animate-show-up');*\/ \/*setTimeout(() => {*\/ \/*this.getAnchorElement().style.animation = \"\";*\/ this.getAnchorElement().classList.add('animate-show-up'); this.getAnchorElement().classList.remove('hidden'); this.setAnchorViews(this.anchorViews+1); setTimeout(() => this.closeAnchor(), 20000); waitFor(_ => (document.getElementById('av-fixed__bottomWrapper') && document.getElementById('av-fixed__bottomWrapper').style.display !== 'none' && document.getElementById('av-fixed__bottomWrapper').getBoundingClientRect().height > 10 && this.getAnchorElement().style.marginBottom !== '60px')) .then(_ => { this.closeAnchor(); }); this.active = false; \/*}, 10);*\/ } } invisible() { this.active = true; this.getAnchorElement().style.animation = \"none\"; this.getAnchorElement().classList.remove('animate-show-up'); this.getAnchorElement().classList.add('animate-show-down'); setTimeout(() => { this.getAnchorElement().style.animation = \"\"; setTimeout(() => { this.getAnchorElement().classList.add('hidden'); this.active = false; }, 800); }, 10); } onShowAnchor() { let anchorReady = false;  \/*if (!this.active && !anchorReady) { if (this.getAnchorViews() <= 3) { if (window.scrollY > this.getHeightBlock()) { if (!this.passed && !this.closed) { this.visible(); this.passed = true; } } else { if (this.passed) { this.invisible(); this.passed = false; } } } else { if (!this.getAnchorElement().classList.contains('close')) { this.getAnchorElement().classList.add('close'); if (window.scrollY < this.getHeightBlock()) { this.invisible(); } } } }*\/ } closeAnchor() { if (this.closed) return; this.invisible(); this.getAnchorElement().classList.add('close'); this.closed = true; } getAnchorElement() { return this.lazyBlockAnchorTargets[0]; } getAnchorViews() { this.anchorViews = parseInt(sessionStorage.getItem(\"anchorViews\")) >= 1 ? parseInt(sessionStorage.getItem(\"anchorViews\")) : 0; return this.anchorViews; } setAnchorViews(views) { sessionStorage.setItem(\"anchorViews\", views); } getHeightBlock() { return this.lazyBlockTarget.offsetTop + this.lazyBlockTarget.offsetHeight - 110; } }) <\/script>  <div data-anchor-target=\"lazyBlockAnchor\" class=\"fixed w-full sm:w-96 px-3 py-2 bottom-0 left-0 hidden\" style=\"z-index: 999999;\" name=\"lazyBlockAnchor\">\n    <div class=\"grid justify-items-stretch\">        \n              <div class=\"relative justify-self-end top-4 -right-2\">\n          <button data-no-translation class=\"bg-white text-md font-medium text-center rounded-full h-7 w-7 border-2\" data-analytics-label=\"anchorCloseAnchor\" data-action=\"anchor#closeAnchor\" style=\"z-index: 999999;\">\n            X\n          <\/button>\n        <\/div>\n        <div class=\"justify-self-auto flex flex-col h-32 bg-white border-solid border-2 shadow-md rounded-md\">\n          <div class=\"flex my-0 h-full\">\n            <div class=\"w-2\/5 p-1 ml-2 mt-2 w-full\">\n              <a href=\"https:\/\/tvemfoco.com\/ro\/assistir-campeonato-italiano-ao-vivo\/\"  data-analytics-label=\"anchorImage\" data-action=\"analytics#trackCTA\">          \n                <img decoding=\"async\" loading=\"lazy\" alt=\"card\" class=\"w-full object-cover h-24 object-center rounded justify-self-auto border-2 border-gray-100\" src=\"https:\/\/tvemfoco.com\/wp-content\/uploads\/2023\/02\/AdobeStock_422359672-scaled.jpeg\">          \n              <\/a>\n            <\/div>\n            <div class=\"w-3\/5 my-2\">\n              <p class=\"px-4 text-center text-xs h-1\/2\">\n                Cum s\u0103 urm\u0103re\u0219ti campionatul italian \u00een direct?              <\/p>\n              <a href=\"https:\/\/tvemfoco.com\/ro\/assistir-campeonato-italiano-ao-vivo\/\"  data-analytics-label=\"anchorButton\" data-action=\"analytics#trackCTA\" >\n                <button class=\"flex w-5\/6 m-auto mt-2 border-0 py-1 px-3 focus:outline-none rounded\">                \n                  <p class=\"text-center w-full\" style=\"font-size: 0.67rem;\">\n                    Continu\u0103 s\u0103 cite\u0219ti                  <\/p>\n                <\/button>\n              <\/a>\n              <p class=\"text-gray-500 text-center mt-1\" style=\"font-size: 0.50rem;\">\n                Vei r\u0103m\u00e2ne pe acela\u0219i site web              <\/p>\n            <\/div>\n          <\/div>\n        <\/div>\n          <\/div>\n  <\/div>\n  <\/section>\n\n<\/div>","protected":false},"excerpt":{"rendered":"<p>Re\u021beaua de streaming care face furori! Vede\u021bi lista actualizat\u0103 cu cele mai epice seriale Apple TV de care s\u0103 v\u0103 bucura\u021bi \u00een weekend. A treia varianta te va surprinde cu siguranta!<\/p>","protected":false},"author":12,"featured_media":0,"comment_status":"open","ping_status":"open","sticky":false,"template":"","format":"standard","meta":[],"categories":[685],"tags":[777,778,661],"yoast_head":"<!-- This site is optimized with the Yoast SEO Premium plugin v18.7 (Yoast SEO v19.1) - https:\/\/yoast.com\/wordpress\/plugins\/seo\/ -->\n<title>Melhores s\u00e9ries do Apple TV Plus: 9 op\u00e7\u00f5es para assistir no final de semana - TV em Foco<\/title>\n<meta name=\"description\" content=\"Para n\u00e3o ficar horas rolando o cat\u00e1logo e sofrendo para escolher enquanto a pipoca esfria, segue as 9 melhores s\u00e9ries do Apple TV.\" \/>\n<meta name=\"robots\" content=\"index, follow, max-snippet:-1, max-image-preview:large, max-video-preview:-1\" \/>\n<link rel=\"canonical\" href=\"https:\/\/tvemfoco.com\/ro\/melhores-series-do-apple-tv\/\" \/>\n<meta property=\"og:locale\" content=\"ro_RO\" \/>\n<meta property=\"og:type\" content=\"article\" \/>\n<meta property=\"og:title\" content=\"Melhores s\u00e9ries do Apple TV Plus: 9 op\u00e7\u00f5es para assistir no final de semana\" \/>\n<meta property=\"og:description\" content=\"Para n\u00e3o ficar horas rolando o cat\u00e1logo e sofrendo para escolher enquanto a pipoca esfria, segue as 9 melhores s\u00e9ries do Apple TV.\" \/>\n<meta property=\"og:url\" content=\"https:\/\/tvemfoco.com\/ro\/melhores-series-do-apple-tv\/\" \/>\n<meta property=\"og:site_name\" content=\"TV em Foco\" \/>\n<meta property=\"article:published_time\" content=\"2023-02-22T23:00:00+00:00\" \/>\n<meta property=\"article:modified_time\" content=\"2023-02-23T20:10:54+00:00\" \/>\n<meta property=\"og:image\" content=\"https:\/\/tvemfoco.com\/wp-content\/uploads\/2023\/02\/james-yarema-0UjC9-bz0Gk-unsplash-1-1024x683.jpg\" \/>\n<meta name=\"twitter:card\" content=\"summary_large_image\" \/>\n<meta name=\"twitter:label1\" content=\"Written by\" \/>\n\t<meta name=\"twitter:data1\" content=\"Pablo Rodrigues\" \/>\n\t<meta name=\"twitter:label2\" content=\"Est. reading time\" \/>\n\t<meta name=\"twitter:data2\" content=\"11 minute\" \/>\n<script type=\"application\/ld+json\" class=\"yoast-schema-graph\">{\"@context\":\"https:\/\/schema.org\",\"@graph\":[{\"@type\":\"WebSite\",\"@id\":\"https:\/\/tvemfoco.com\/#website\",\"url\":\"https:\/\/tvemfoco.com\/\",\"name\":\"TV em Foco\",\"description\":\"A TV em Foco \u00e9 um site online que oferece not\u00edcias atualizadas sobre diversos assuntos\",\"potentialAction\":[{\"@type\":\"SearchAction\",\"target\":{\"@type\":\"EntryPoint\",\"urlTemplate\":\"https:\/\/tvemfoco.com\/?s={search_term_string}\"},\"query-input\":\"required name=search_term_string\"}],\"inLanguage\":\"ro-RO\"},{\"@type\":\"ImageObject\",\"inLanguage\":\"ro-RO\",\"@id\":\"https:\/\/tvemfoco.com\/melhores-series-do-apple-tv\/#primaryimage\",\"url\":\"https:\/\/tvemfoco.com\/wp-content\/uploads\/2023\/02\/james-yarema-0UjC9-bz0Gk-unsplash-1-1024x683.jpg\",\"contentUrl\":\"https:\/\/tvemfoco.com\/wp-content\/uploads\/2023\/02\/james-yarema-0UjC9-bz0Gk-unsplash-1-1024x683.jpg\"},{\"@type\":\"WebPage\",\"@id\":\"https:\/\/tvemfoco.com\/melhores-series-do-apple-tv\/#webpage\",\"url\":\"https:\/\/tvemfoco.com\/melhores-series-do-apple-tv\/\",\"name\":\"Melhores s\u00e9ries do Apple TV Plus: 9 op\u00e7\u00f5es para assistir no final de semana - TV em Foco\",\"isPartOf\":{\"@id\":\"https:\/\/tvemfoco.com\/#website\"},\"primaryImageOfPage\":{\"@id\":\"https:\/\/tvemfoco.com\/melhores-series-do-apple-tv\/#primaryimage\"},\"datePublished\":\"2023-02-22T23:00:00+00:00\",\"dateModified\":\"2023-02-23T20:10:54+00:00\",\"author\":{\"@id\":\"https:\/\/tvemfoco.com\/#\/schema\/person\/6eb2a72dd19e9f7550acabb12988f3ee\"},\"description\":\"Para n\u00e3o ficar horas rolando o cat\u00e1logo e sofrendo para escolher enquanto a pipoca esfria, segue as 9 melhores s\u00e9ries do Apple TV.\",\"breadcrumb\":{\"@id\":\"https:\/\/tvemfoco.com\/melhores-series-do-apple-tv\/#breadcrumb\"},\"inLanguage\":\"ro-RO\",\"potentialAction\":[{\"@type\":\"ReadAction\",\"target\":[\"https:\/\/tvemfoco.com\/melhores-series-do-apple-tv\/\"]}]},{\"@type\":\"BreadcrumbList\",\"@id\":\"https:\/\/tvemfoco.com\/melhores-series-do-apple-tv\/#breadcrumb\",\"itemListElement\":[{\"@type\":\"ListItem\",\"position\":1,\"name\":\"Home\",\"item\":\"https:\/\/tvemfoco.com\/\"},{\"@type\":\"ListItem\",\"position\":2,\"name\":\"Melhores s\u00e9ries do Apple TV Plus: 9 op\u00e7\u00f5es para assistir no final de semana\"}]},{\"@type\":\"Person\",\"@id\":\"https:\/\/tvemfoco.com\/#\/schema\/person\/6eb2a72dd19e9f7550acabb12988f3ee\",\"name\":\"Pablo Rodrigues\",\"image\":{\"@type\":\"ImageObject\",\"inLanguage\":\"ro-RO\",\"@id\":\"https:\/\/tvemfoco.com\/#\/schema\/person\/image\/\",\"url\":\"https:\/\/secure.gravatar.com\/avatar\/5d55cd01dea3d773f44aa0b9f7758ac6?s=96&d=mm&r=g\",\"contentUrl\":\"https:\/\/secure.gravatar.com\/avatar\/5d55cd01dea3d773f44aa0b9f7758ac6?s=96&d=mm&r=g\",\"caption\":\"Pablo Rodrigues\"},\"description\":\"Especialista em Marketing e sortudo por, atrav\u00e9s da escrita e gest\u00e3o de conte\u00fados, poder enxergar o mundo sob centenas de \u00f3ticas completamente diferentes.\",\"url\":\"https:\/\/tvemfoco.com\/ro\/author\/pablo-rodrigues\/\"}]}<\/script>\n<!-- \/ Yoast SEO Premium plugin. -->","yoast_head_json":{"title":"Melhores s\u00e9ries do Apple TV Plus: 9 op\u00e7\u00f5es para assistir no final de semana - TV em Foco","description":"Para n\u00e3o ficar horas rolando o cat\u00e1logo e sofrendo para escolher enquanto a pipoca esfria, segue as 9 melhores s\u00e9ries do Apple TV.","robots":{"index":"index","follow":"follow","max-snippet":"max-snippet:-1","max-image-preview":"max-image-preview:large","max-video-preview":"max-video-preview:-1"},"canonical":"https:\/\/tvemfoco.com\/ro\/melhores-series-do-apple-tv\/","og_locale":"ro_RO","og_type":"article","og_title":"Melhores s\u00e9ries do Apple TV Plus: 9 op\u00e7\u00f5es para assistir no final de semana","og_description":"Para n\u00e3o ficar horas rolando o cat\u00e1logo e sofrendo para escolher enquanto a pipoca esfria, segue as 9 melhores s\u00e9ries do Apple TV.","og_url":"https:\/\/tvemfoco.com\/ro\/melhores-series-do-apple-tv\/","og_site_name":"TV em Foco","article_published_time":"2023-02-22T23:00:00+00:00","article_modified_time":"2023-02-23T20:10:54+00:00","og_image":[{"url":"https:\/\/tvemfoco.com\/wp-content\/uploads\/2023\/02\/james-yarema-0UjC9-bz0Gk-unsplash-1-1024x683.jpg"}],"twitter_card":"summary_large_image","twitter_misc":{"Written by":"Pablo Rodrigues","Est. reading time":"11 minute"},"schema":{"@context":"https:\/\/schema.org","@graph":[{"@type":"WebSite","@id":"https:\/\/tvemfoco.com\/#website","url":"https:\/\/tvemfoco.com\/","name":"TV em Foco","description":"A TV em Foco \u00e9 um site online que oferece not\u00edcias atualizadas sobre diversos assuntos","potentialAction":[{"@type":"SearchAction","target":{"@type":"EntryPoint","urlTemplate":"https:\/\/tvemfoco.com\/?s={search_term_string}"},"query-input":"required name=search_term_string"}],"inLanguage":"ro-RO"},{"@type":"ImageObject","inLanguage":"ro-RO","@id":"https:\/\/tvemfoco.com\/melhores-series-do-apple-tv\/#primaryimage","url":"https:\/\/tvemfoco.com\/wp-content\/uploads\/2023\/02\/james-yarema-0UjC9-bz0Gk-unsplash-1-1024x683.jpg","contentUrl":"https:\/\/tvemfoco.com\/wp-content\/uploads\/2023\/02\/james-yarema-0UjC9-bz0Gk-unsplash-1-1024x683.jpg"},{"@type":"WebPage","@id":"https:\/\/tvemfoco.com\/melhores-series-do-apple-tv\/#webpage","url":"https:\/\/tvemfoco.com\/melhores-series-do-apple-tv\/","name":"Melhores s\u00e9ries do Apple TV Plus: 9 op\u00e7\u00f5es para assistir no final de semana - TV em Foco","isPartOf":{"@id":"https:\/\/tvemfoco.com\/#website"},"primaryImageOfPage":{"@id":"https:\/\/tvemfoco.com\/melhores-series-do-apple-tv\/#primaryimage"},"datePublished":"2023-02-22T23:00:00+00:00","dateModified":"2023-02-23T20:10:54+00:00","author":{"@id":"https:\/\/tvemfoco.com\/#\/schema\/person\/6eb2a72dd19e9f7550acabb12988f3ee"},"description":"Para n\u00e3o ficar horas rolando o cat\u00e1logo e sofrendo para escolher enquanto a pipoca esfria, segue as 9 melhores s\u00e9ries do Apple TV.","breadcrumb":{"@id":"https:\/\/tvemfoco.com\/melhores-series-do-apple-tv\/#breadcrumb"},"inLanguage":"ro-RO","potentialAction":[{"@type":"ReadAction","target":["https:\/\/tvemfoco.com\/melhores-series-do-apple-tv\/"]}]},{"@type":"BreadcrumbList","@id":"https:\/\/tvemfoco.com\/melhores-series-do-apple-tv\/#breadcrumb","itemListElement":[{"@type":"ListItem","position":1,"name":"Home","item":"https:\/\/tvemfoco.com\/"},{"@type":"ListItem","position":2,"name":"Melhores s\u00e9ries do Apple TV Plus: 9 op\u00e7\u00f5es para assistir no final de semana"}]},{"@type":"Person","@id":"https:\/\/tvemfoco.com\/#\/schema\/person\/6eb2a72dd19e9f7550acabb12988f3ee","name":"Pablo Rodrigues","image":{"@type":"ImageObject","inLanguage":"ro-RO","@id":"https:\/\/tvemfoco.com\/#\/schema\/person\/image\/","url":"https:\/\/secure.gravatar.com\/avatar\/5d55cd01dea3d773f44aa0b9f7758ac6?s=96&d=mm&r=g","contentUrl":"https:\/\/secure.gravatar.com\/avatar\/5d55cd01dea3d773f44aa0b9f7758ac6?s=96&d=mm&r=g","caption":"Pablo Rodrigues"},"description":"Especialista em Marketing e sortudo por, atrav\u00e9s da escrita e gest\u00e3o de conte\u00fados, poder enxergar o mundo sob centenas de \u00f3ticas completamente diferentes.","url":"https:\/\/tvemfoco.com\/ro\/author\/pablo-rodrigues\/"}]}},"_links":{"self":[{"href":"https:\/\/tvemfoco.com\/ro\/wp-json\/wp\/v2\/posts\/3809"}],"collection":[{"href":"https:\/\/tvemfoco.com\/ro\/wp-json\/wp\/v2\/posts"}],"about":[{"href":"https:\/\/tvemfoco.com\/ro\/wp-json\/wp\/v2\/types\/post"}],"author":[{"embeddable":true,"href":"https:\/\/tvemfoco.com\/ro\/wp-json\/wp\/v2\/users\/12"}],"replies":[{"embeddable":true,"href":"https:\/\/tvemfoco.com\/ro\/wp-json\/wp\/v2\/comments?post=3809"}],"version-history":[{"count":0,"href":"https:\/\/tvemfoco.com\/ro\/wp-json\/wp\/v2\/posts\/3809\/revisions"}],"wp:attachment":[{"href":"https:\/\/tvemfoco.com\/ro\/wp-json\/wp\/v2\/media?parent=3809"}],"wp:term":[{"taxonomy":"category","embeddable":true,"href":"https:\/\/tvemfoco.com\/ro\/wp-json\/wp\/v2\/categories?post=3809"},{"taxonomy":"post_tag","embeddable":true,"href":"https:\/\/tvemfoco.com\/ro\/wp-json\/wp\/v2\/tags?post=3809"}],"curies":[{"name":"wp","href":"https:\/\/api.w.org\/{rel}","templated":true}]}}