{"id":1506,"date":"2023-01-15T23:00:00","date_gmt":"2023-01-15T23:00:00","guid":{"rendered":"https:\/\/tvemfoco.com\/?p=1506"},"modified":"2023-01-16T03:11:00","modified_gmt":"2023-01-16T03:11:00","slug":"pele","status":"publish","type":"post","link":"https:\/\/tvemfoco.com\/ro\/pele\/","title":{"rendered":"Pel\u00e9: cariera legendarului Santos num\u0103rul 10"},"content":{"rendered":"<!--advertisement--><div class=\"mx-5 sm:mx-0 sm:text-3xl text-2xl font-medium title-font mb-4 text-gray-900 text-left\">\n<h2 id=\"h-conheca-melhor-a-historia-de-pele-o-melhor-jogador-da-historia-do-futebol\">Afl\u0103 mai multe despre povestea lui Pel\u00e9: cel mai bun juc\u0103tor din istoria fotbalului<\/h2>\n<\/div><!--image--><div class=\"px-5 sm:px-0 sm:w-[800px] sm:ml-[50%] sm:-translate-x-2\/4 rounded-lg overflow-hidden mb-5 text-center\">\n<figure class=\"wp-block-image size-large\"><img decoding=\"async\" width=\"1024\" height=\"683\" loading=\"lazy\" src=\"https:\/\/tvemfoco.com\/wp-content\/uploads\/2023\/01\/pele-1024x683.jpeg\" alt=\"Jogador camisa 10 da sele\u00e7\u00e3o brasileira.\" class=\"w-full object-cover object-center border mx-auto wp-image-1557\" srcset=\"https:\/\/tvemfoco.com\/wp-content\/uploads\/2023\/01\/pele-1024x683.jpeg 1024w, https:\/\/tvemfoco.com\/wp-content\/uploads\/2023\/01\/pele-300x200.jpeg 300w, https:\/\/tvemfoco.com\/wp-content\/uploads\/2023\/01\/pele-768x512.jpeg 768w, https:\/\/tvemfoco.com\/wp-content\/uploads\/2023\/01\/pele-1536x1024.jpeg 1536w, https:\/\/tvemfoco.com\/wp-content\/uploads\/2023\/01\/pele-2048x1365.jpeg 2048w\" sizes=\"(max-width: 1024px) 100vw, 1024px\" \/><figcaption class=\"mt-5 text-xs text-center border-b pb-4\">Descoperi\u021bi povestea legendarului Pel\u00e9 Sursa: Adobe Stock.<\/figcaption><\/figure>\n<\/div><!--image--><div class=\"mx-5 sm:mx-0 prose leading-relaxed text-lg mb-5 text-left wp-paragraph\">\n<p>Pel\u00e9 a fost cel mai bun juc\u0103tor al tuturor timpurilor, totu\u0219i, pu\u021bini oameni au v\u0103zut-o de fapt pe aceast\u0103 vedet\u0103 juc\u00e2nd.<\/p>\n<\/div><div class=\"mx-5 sm:mx-0 prose leading-relaxed text-lg mb-5 text-left wp-paragraph\">\n<p>Prin urmare, am adus pu\u021bin din povestea vedetei care a \u00eenc\u00e2ntat lumea cu fotbalul s\u0103u.<\/p>\n<\/div><div class=\"wp-block-lazyblock-cta lazyblock-cta-nCN2L\">\n  <section class=\"cta mx-5 sm:mx-0 text-gray-600 body-font my-10 border-gray-200 border-b border-l border-r sm:border-0\">\n    <div class=\"h-1 bg-gray-200 rounded overflow-hidden\">\n      <div class=\"w-24 h-full\"><\/div>\n    <\/div>\n    <div class=\"container px-5 pt-6 pb-6 mx-auto flex flex-wrap\" data-anchor-target=\"lazyBlock\">    \n    \n              <a class=\"flex flex-wrap content-center w-full mb-4 md:hidden\" href=\"https:\/\/tvemfoco.com\/ro\/champions-league-ao-vivo\/\"  data-analytics-label=\"ctaImage\" data-action=\"analytics#trackCTA\" aria-label=\"Liga Campionilor \u00een direct: cum s\u0103 vizionezi\">\n          <div class=\"m-auto float-none\">\n            <img decoding=\"async\" loading=\"lazy\" src=\"https:\/\/tvemfoco.com\/wp-content\/uploads\/2023\/01\/Champions-league-scaled.jpeg\" alt=\"\">\n          <\/div>\n        <\/a>\n            <h2 class=\"w-full sm:text-3xl text-2xl text-gray-900 font-medium title-font mb-2 text-center md:text-left md:w-2\/5\">\n        <a href=\"https:\/\/tvemfoco.com\/ro\/champions-league-ao-vivo\/\" data-analytics-label=\"ctaTitle\" data-action=\"analytics#trackCTA\" aria-label=\"Liga Campionilor \u00een direct: cum s\u0103 vizionezi\">\n            Liga Campionilor \u00een direct: cum s\u0103 vizionezi        <\/a>\n      <\/h2>\n      <div class=\"w-full md:w-3\/5 md:pl-6\">\n        <p class=\"text-center md:text-left leading-relaxed text-base\">\n            Liga Campionilor va avea mari ciocniri \u00een optimile de final\u0103, marele PSG al lui Neymar \u00eenfrunt\u00e2ndu-i pe chinuitorii Bayern Munchen. Afla\u021bi cum s\u0103 urm\u0103ri\u021bi jocurile aici.        <\/p>\n        <div class=\"flex mt-6 w-full flex-1 justify-center ml-auto md:mt-4 md:justify-start\" style=\"font-weight: bold;\">\n          <a class=\"inline-flex items-center\" href=\"https:\/\/tvemfoco.com\/ro\/champions-league-ao-vivo\/\"  data-analytics-label=\"ctaButton\" data-action=\"analytics#trackCTA\" >\n            Continu\u0103 s\u0103 cite\u0219ti            <svg fill=\"none\" stroke=\"currentColor\" stroke-linecap=\"round\" stroke-linejoin=\"round\" stroke-width=\"2\" class=\"w-4 h-4 ml-2\" viewbox=\"0 0 24 24\">\n              <path d=\"M5 12h14M12 5l7 7-7 7\"><\/path>\n            <\/svg>\n          <\/a>\n        <\/div>\n      <\/div>  \n          \n    <\/div>\n      <script type=\"module\"> function waitFor(conditionFunction) { const poll = resolve => { if(conditionFunction()) resolve(); else setTimeout(_ => poll(resolve), 400); }; return new Promise(poll); } import { Application, Controller } from \"\/wp-content\/themes\/twentytwentyone\/assets\/js\/stimulus.min.js\"; let Stimulus = Application.start(); Stimulus.register(\"anchor\", class extends Controller { static get targets() { return [ \"lazyBlock\", \"lazyBlockAnchor\" ]; } initialize() { this.active = false; this.passed = false; this.closed = false; this.anchorViews = 0; this.boundOnShowAnchor = this.onShowAnchor.bind(this); window.anchorReady = window.anchorReady || false; waitFor(_ => (window.scrollY > this.getHeightBlock() && !this.active)) .then(_ => { !window.anchorReady? this.visible() : ''; window.anchorReady = true; }); if (document.getElementById('landing')) { setTimeout(() => { !window.anchorReady ? this.visible() : ''; window.anchorReady = true; }, 1 * 30000); }; } connect() { this.onShowAnchor(); document.addEventListener(\"scroll\", this.boundOnShowAnchor); } disconnect() { document.removeEventListener(\"scroll\", this.boundOnShowAnchor); } visible() { if (document.getElementById('av-offerwall__wrapper')) { setTimeout(() => this.visible(), 20000); return; } if (document.getElementById('av-fixed__bottomWrapper') && document.getElementById('av-fixed__bottomWrapper').style.display !== 'none' && document.getElementById('av-fixed__bottomWrapper').getBoundingClientRect().height > 100) { setTimeout(() => this.visible(), 1000); return; } if (document.getElementById('av-fixed__bottomWrapper') && document.getElementById('av-fixed__bottomWrapper').style.display !== 'none' && document.getElementById('av-fixed__bottomWrapper').getBoundingClientRect().height > 10) { this.getAnchorElement().style.marginBottom = '60px'; } if (document.querySelector('[data-anchor-shown=\"true\"]') && document.querySelector('[data-anchor-shown=\"true\"]').style.bottom === '0px') { setTimeout(() => this.visible(), 1000); return; } if (!window.km2AnchorReady) { this.active = true; \/*this.getAnchorElement().style.animation = \"none\"; this.getAnchorElement().classList.remove('animate-show-down');*\/ \/*this.getAnchorElement().classList.add('animate-show-up');*\/ \/*setTimeout(() => {*\/ \/*this.getAnchorElement().style.animation = \"\";*\/ this.getAnchorElement().classList.add('animate-show-up'); this.getAnchorElement().classList.remove('hidden'); this.setAnchorViews(this.anchorViews+1); setTimeout(() => this.closeAnchor(), 20000); waitFor(_ => (document.getElementById('av-fixed__bottomWrapper') && document.getElementById('av-fixed__bottomWrapper').style.display !== 'none' && document.getElementById('av-fixed__bottomWrapper').getBoundingClientRect().height > 10 && this.getAnchorElement().style.marginBottom !== '60px')) .then(_ => { this.closeAnchor(); }); this.active = false; \/*}, 10);*\/ } } invisible() { this.active = true; this.getAnchorElement().style.animation = \"none\"; this.getAnchorElement().classList.remove('animate-show-up'); this.getAnchorElement().classList.add('animate-show-down'); setTimeout(() => { this.getAnchorElement().style.animation = \"\"; setTimeout(() => { this.getAnchorElement().classList.add('hidden'); this.active = false; }, 800); }, 10); } onShowAnchor() { let anchorReady = false;  \/*if (!this.active && !anchorReady) { if (this.getAnchorViews() <= 3) { if (window.scrollY > this.getHeightBlock()) { if (!this.passed && !this.closed) { this.visible(); this.passed = true; } } else { if (this.passed) { this.invisible(); this.passed = false; } } } else { if (!this.getAnchorElement().classList.contains('close')) { this.getAnchorElement().classList.add('close'); if (window.scrollY < this.getHeightBlock()) { this.invisible(); } } } }*\/ } closeAnchor() { if (this.closed) return; this.invisible(); this.getAnchorElement().classList.add('close'); this.closed = true; } getAnchorElement() { return this.lazyBlockAnchorTargets[0]; } getAnchorViews() { this.anchorViews = parseInt(sessionStorage.getItem(\"anchorViews\")) >= 1 ? parseInt(sessionStorage.getItem(\"anchorViews\")) : 0; return this.anchorViews; } setAnchorViews(views) { sessionStorage.setItem(\"anchorViews\", views); } getHeightBlock() { return this.lazyBlockTarget.offsetTop + this.lazyBlockTarget.offsetHeight - 110; } }) <\/script>  <div data-anchor-target=\"lazyBlockAnchor\" class=\"fixed w-full sm:w-96 px-3 py-2 bottom-0 left-0 hidden\" style=\"z-index: 999999;\" name=\"lazyBlockAnchor\">\n    <div class=\"grid justify-items-stretch\">        \n              <div class=\"relative justify-self-end top-4 -right-2\">\n          <button data-no-translation class=\"bg-white text-md font-medium text-center rounded-full h-7 w-7 border-2\" data-analytics-label=\"anchorCloseAnchor\" data-action=\"anchor#closeAnchor\" style=\"z-index: 999999;\">\n            X\n          <\/button>\n        <\/div>\n        <div class=\"justify-self-auto flex flex-col h-32 bg-white border-solid border-2 shadow-md rounded-md\">\n          <div class=\"flex my-0 h-full\">\n            <div class=\"w-2\/5 p-1 ml-2 mt-2 w-full\">\n              <a href=\"https:\/\/tvemfoco.com\/ro\/champions-league-ao-vivo\/\"  data-analytics-label=\"anchorImage\" data-action=\"analytics#trackCTA\">          \n                <img decoding=\"async\" loading=\"lazy\" alt=\"card\" class=\"w-full object-cover h-24 object-center rounded justify-self-auto border-2 border-gray-100\" src=\"https:\/\/tvemfoco.com\/wp-content\/uploads\/2023\/01\/Champions-league-scaled.jpeg\">          \n              <\/a>\n            <\/div>\n            <div class=\"w-3\/5 my-2\">\n              <p class=\"px-4 text-center text-xs h-1\/2\">\n                Liga Campionilor \u00een direct: cum s\u0103 vizionezi              <\/p>\n              <a href=\"https:\/\/tvemfoco.com\/ro\/champions-league-ao-vivo\/\"  data-analytics-label=\"anchorButton\" data-action=\"analytics#trackCTA\" >\n                <button class=\"flex w-5\/6 m-auto mt-2 border-0 py-1 px-3 focus:outline-none rounded\">                \n                  <p class=\"text-center w-full\" style=\"font-size: 0.67rem;\">\n                    Continu\u0103 s\u0103 cite\u0219ti                  <\/p>\n                <\/button>\n              <\/a>\n              <p class=\"text-gray-500 text-center mt-1\" style=\"font-size: 0.50rem;\">\n                Vei r\u0103m\u00e2ne pe acela\u0219i site web              <\/p>\n            <\/div>\n          <\/div>\n        <\/div>\n          <\/div>\n  <\/div>\n  <\/section>\n\n<\/div><div class=\"mx-5 sm:mx-0 prose leading-relaxed text-lg mb-5 text-left wp-paragraph\">\n<p>Juc\u0103torul a devenit cel mai mare idol al lui Santos \u0219i, \u00een plus, a devenit o iconi\u021b\u0103 a fotbalului \u00een \u00eentreaga lume.<\/p>\n<\/div><div class=\"mx-5 sm:mx-0 prose leading-relaxed text-lg mb-5 text-left wp-paragraph\">\n<p>Vezi \u00een acest text detaliile acestei cariere incredibile, cum ar fi recorduri, realiz\u0103ri mari \u0219i cunoa\u0219te-l mai bine pe regele fotbalului. <\/p>\n<\/div><div class=\"mx-5 sm:mx-0 prose leading-relaxed text-lg mb-5 text-left wp-paragraph\">\n<p>A\u0219a c\u0103, cite\u0219te mai departe \u0219i verific\u0103-l!<\/p>\n<\/div><!--advertisement--><div class=\"mx-5 sm:mx-0 sm:text-3xl text-2xl font-medium title-font mb-4 text-gray-900 text-left\">\n<h2 id=\"h-quem-foi-pele\">Cine a fost Pele?<\/h2>\n<\/div><!--image--><div class=\"px-5 sm:px-0 sm:w-[800px] sm:ml-[50%] sm:-translate-x-2\/4 rounded-lg overflow-hidden mb-5 text-center\">\n<figure class=\"wp-block-image size-large\"><img decoding=\"async\" width=\"1024\" height=\"683\" loading=\"lazy\" src=\"https:\/\/tvemfoco.com\/wp-content\/uploads\/2023\/01\/Pele-1024x683.jpg\" alt=\"Jogador com a bolsa no p\u00e9.\" class=\"w-full object-cover object-center border mx-auto wp-image-1713\" srcset=\"https:\/\/tvemfoco.com\/wp-content\/uploads\/2023\/01\/Pele-1024x683.jpg 1024w, https:\/\/tvemfoco.com\/wp-content\/uploads\/2023\/01\/Pele-300x200.jpg 300w, https:\/\/tvemfoco.com\/wp-content\/uploads\/2023\/01\/Pele-768x512.jpg 768w, https:\/\/tvemfoco.com\/wp-content\/uploads\/2023\/01\/Pele-1536x1024.jpg 1536w, https:\/\/tvemfoco.com\/wp-content\/uploads\/2023\/01\/Pele-2048x1365.jpg 2048w\" sizes=\"(max-width: 1024px) 100vw, 1024px\" \/><figcaption class=\"mt-5 text-xs text-center border-b pb-4\">Afla\u021bi cine a fost Regele Pel\u00e9 Sursa: Pexels.<\/figcaption><\/figure>\n<\/div><!--image--><div class=\"mx-5 sm:mx-0 prose leading-relaxed text-lg mb-5 text-left wp-paragraph\">\n<p>Pel\u00e9 a fost pur \u0219i simplu cel mai mare fotbalist al tuturor timpurilor, acest sportiv este at\u00e2t de important \u00eenc\u00e2t oameni din toat\u0103 lumea \u00eel cunosc \u0219i i-au adus un omagiu c\u00e2nd a murit.<\/p>\n<\/div><div class=\"mx-5 sm:mx-0 prose leading-relaxed text-lg mb-5 text-left wp-paragraph\">\n<p>Edson Arantes do Nascimento, acesta era numele adev\u0103rat al regelui fotbalului.<\/p>\n<\/div><div class=\"mx-5 sm:mx-0 prose leading-relaxed text-lg mb-5 text-left wp-paragraph\">\n<p>N\u0103scut \u00een Tr\u00eas Cora\u00e7\u00f5es, \u00een Minas Gerais, a fost fiul unui fost fotbalist, o poveste foarte asem\u0103n\u0103toare cu cea a lui Neymar J\u00fanior, un alt star brazilian.<\/p>\n<\/div><div class=\"mx-5 sm:mx-0 prose leading-relaxed text-lg mb-5 text-left wp-paragraph\">\n<p>Cea mai bun\u0103 defini\u021bie pentru el este juc\u0103torul care a schimbat jocul, exist\u0103 fotbal \u00eenainte de Pel\u00e9 \u0219i fotbal dup\u0103 Pel\u00e9. <\/p>\n<\/div><div class=\"mx-5 sm:mx-0 prose leading-relaxed text-lg mb-5 text-left wp-paragraph\">\n<p>La urma urmei, num\u0103rul 10 a jucat vesel, z\u00e2mbind, iar de mic a avut bucurie \u00een picioare.<\/p>\n<\/div><div class=\"mx-5 sm:mx-0 prose leading-relaxed text-lg mb-5 text-left wp-paragraph\">\n<p>A inovat jocul, a f\u0103cut mi\u0219c\u0103ri pe care nimeni nu le-a mai v\u0103zut p\u00e2n\u0103 acum, a inventat \u0219i a \u00eembun\u0103t\u0103\u021bit driblingurile care se folosesc \u0219i ast\u0103zi.<\/p>\n<\/div><div class=\"mx-5 sm:mx-0 prose leading-relaxed text-lg mb-5 text-left wp-paragraph\">\n<p>\u00cen primul r\u00e2nd, oamenii nu aveau de g\u00e2nd s\u0103 se uite la fotbal, aveau s\u0103 se uite la Pel\u00e9, \u0219i a\u0219a i-a f\u0103cut regele s\u0103 se \u00eendr\u0103gosteasc\u0103 de acest sport incredibil.<\/p>\n<\/div><div class=\"wp-block-lazyblock-cta lazyblock-cta-aGY28\">\n  <section class=\"cta mx-5 sm:mx-0 text-gray-600 body-font my-10 border-gray-200 border-b border-l border-r sm:border-0\">\n    <div class=\"h-1 bg-gray-200 rounded overflow-hidden\">\n      <div class=\"w-24 h-full\"><\/div>\n    <\/div>\n    <div class=\"container px-5 pt-6 pb-6 mx-auto flex flex-wrap\" data-anchor-target=\"lazyBlock\">    \n    \n              <a class=\"flex flex-wrap content-center w-full mb-4 md:hidden\" href=\"https:\/\/tvemfoco.com\/ro\/copinha-ao-vivo\/\"  data-analytics-label=\"ctaImage\" data-action=\"analytics#trackCTA\" aria-label=\"Copinha live: cum s\u0103 vizionezi\">\n          <div class=\"m-auto float-none\">\n            <img decoding=\"async\" loading=\"lazy\" src=\"https:\/\/tvemfoco.com\/wp-content\/uploads\/2023\/01\/jogadores-disputando-a-bola-scaled.jpeg\" alt=\"\">\n          <\/div>\n        <\/a>\n            <h2 class=\"w-full sm:text-3xl text-2xl text-gray-900 font-medium title-font mb-2 text-center md:text-left md:w-2\/5\">\n        <a href=\"https:\/\/tvemfoco.com\/ro\/copinha-ao-vivo\/\" data-analytics-label=\"ctaTitle\" data-action=\"analytics#trackCTA\" aria-label=\"Copinha live: cum s\u0103 vizionezi\">\n            Copinha live: cum s\u0103 vizionezi        <\/a>\n      <\/h2>\n      <div class=\"w-full md:w-3\/5 md:pl-6\">\n        <p class=\"text-center md:text-left leading-relaxed text-base\">\n            Copinha a fost competi\u021bia care a scos la iveal\u0103 mari vedete ale fotbalului brazilian, precum Neymar, Antony \u0219i mul\u021bi al\u021bii. Vezi aici cum s\u0103 urmezi acest campionat.        <\/p>\n        <div class=\"flex mt-6 w-full flex-1 justify-center ml-auto md:mt-4 md:justify-start\" style=\"font-weight: bold;\">\n          <a class=\"inline-flex items-center\" href=\"https:\/\/tvemfoco.com\/ro\/copinha-ao-vivo\/\"  data-analytics-label=\"ctaButton\" data-action=\"analytics#trackCTA\" >\n            Continu\u0103 s\u0103 cite\u0219ti            <svg fill=\"none\" stroke=\"currentColor\" stroke-linecap=\"round\" stroke-linejoin=\"round\" stroke-width=\"2\" class=\"w-4 h-4 ml-2\" viewbox=\"0 0 24 24\">\n              <path d=\"M5 12h14M12 5l7 7-7 7\"><\/path>\n            <\/svg>\n          <\/a>\n        <\/div>\n      <\/div>  \n          \n    <\/div>\n      <script type=\"module\"> function waitFor(conditionFunction) { const poll = resolve => { if(conditionFunction()) resolve(); else setTimeout(_ => poll(resolve), 400); }; return new Promise(poll); } import { Application, Controller } from \"\/wp-content\/themes\/twentytwentyone\/assets\/js\/stimulus.min.js\"; let Stimulus = Application.start(); Stimulus.register(\"anchor\", class extends Controller { static get targets() { return [ \"lazyBlock\", \"lazyBlockAnchor\" ]; } initialize() { this.active = false; this.passed = false; this.closed = false; this.anchorViews = 0; this.boundOnShowAnchor = this.onShowAnchor.bind(this); window.anchorReady = window.anchorReady || false; waitFor(_ => (window.scrollY > this.getHeightBlock() && !this.active)) .then(_ => { !window.anchorReady? this.visible() : ''; window.anchorReady = true; }); if (document.getElementById('landing')) { setTimeout(() => { !window.anchorReady ? this.visible() : ''; window.anchorReady = true; }, 1 * 30000); }; } connect() { this.onShowAnchor(); document.addEventListener(\"scroll\", this.boundOnShowAnchor); } disconnect() { document.removeEventListener(\"scroll\", this.boundOnShowAnchor); } visible() { if (document.getElementById('av-offerwall__wrapper')) { setTimeout(() => this.visible(), 20000); return; } if (document.getElementById('av-fixed__bottomWrapper') && document.getElementById('av-fixed__bottomWrapper').style.display !== 'none' && document.getElementById('av-fixed__bottomWrapper').getBoundingClientRect().height > 100) { setTimeout(() => this.visible(), 1000); return; } if (document.getElementById('av-fixed__bottomWrapper') && document.getElementById('av-fixed__bottomWrapper').style.display !== 'none' && document.getElementById('av-fixed__bottomWrapper').getBoundingClientRect().height > 10) { this.getAnchorElement().style.marginBottom = '60px'; } if (document.querySelector('[data-anchor-shown=\"true\"]') && document.querySelector('[data-anchor-shown=\"true\"]').style.bottom === '0px') { setTimeout(() => this.visible(), 1000); return; } if (!window.km2AnchorReady) { this.active = true; \/*this.getAnchorElement().style.animation = \"none\"; this.getAnchorElement().classList.remove('animate-show-down');*\/ \/*this.getAnchorElement().classList.add('animate-show-up');*\/ \/*setTimeout(() => {*\/ \/*this.getAnchorElement().style.animation = \"\";*\/ this.getAnchorElement().classList.add('animate-show-up'); this.getAnchorElement().classList.remove('hidden'); this.setAnchorViews(this.anchorViews+1); setTimeout(() => this.closeAnchor(), 20000); waitFor(_ => (document.getElementById('av-fixed__bottomWrapper') && document.getElementById('av-fixed__bottomWrapper').style.display !== 'none' && document.getElementById('av-fixed__bottomWrapper').getBoundingClientRect().height > 10 && this.getAnchorElement().style.marginBottom !== '60px')) .then(_ => { this.closeAnchor(); }); this.active = false; \/*}, 10);*\/ } } invisible() { this.active = true; this.getAnchorElement().style.animation = \"none\"; this.getAnchorElement().classList.remove('animate-show-up'); this.getAnchorElement().classList.add('animate-show-down'); setTimeout(() => { this.getAnchorElement().style.animation = \"\"; setTimeout(() => { this.getAnchorElement().classList.add('hidden'); this.active = false; }, 800); }, 10); } onShowAnchor() { let anchorReady = false;  \/*if (!this.active && !anchorReady) { if (this.getAnchorViews() <= 3) { if (window.scrollY > this.getHeightBlock()) { if (!this.passed && !this.closed) { this.visible(); this.passed = true; } } else { if (this.passed) { this.invisible(); this.passed = false; } } } else { if (!this.getAnchorElement().classList.contains('close')) { this.getAnchorElement().classList.add('close'); if (window.scrollY < this.getHeightBlock()) { this.invisible(); } } } }*\/ } closeAnchor() { if (this.closed) return; this.invisible(); this.getAnchorElement().classList.add('close'); this.closed = true; } getAnchorElement() { return this.lazyBlockAnchorTargets[0]; } getAnchorViews() { this.anchorViews = parseInt(sessionStorage.getItem(\"anchorViews\")) >= 1 ? parseInt(sessionStorage.getItem(\"anchorViews\")) : 0; return this.anchorViews; } setAnchorViews(views) { sessionStorage.setItem(\"anchorViews\", views); } getHeightBlock() { return this.lazyBlockTarget.offsetTop + this.lazyBlockTarget.offsetHeight - 110; } }) <\/script>  <div data-anchor-target=\"lazyBlockAnchor\" class=\"fixed w-full sm:w-96 px-3 py-2 bottom-0 left-0 hidden\" style=\"z-index: 999999;\" name=\"lazyBlockAnchor\">\n    <div class=\"grid justify-items-stretch\">        \n              <div class=\"relative justify-self-end top-4 -right-2\">\n          <button data-no-translation class=\"bg-white text-md font-medium text-center rounded-full h-7 w-7 border-2\" data-analytics-label=\"anchorCloseAnchor\" data-action=\"anchor#closeAnchor\" style=\"z-index: 999999;\">\n            X\n          <\/button>\n        <\/div>\n        <div class=\"justify-self-auto flex flex-col h-32 bg-white border-solid border-2 shadow-md rounded-md\">\n          <div class=\"flex my-0 h-full\">\n            <div class=\"w-2\/5 p-1 ml-2 mt-2 w-full\">\n              <a href=\"https:\/\/tvemfoco.com\/ro\/copinha-ao-vivo\/\"  data-analytics-label=\"anchorImage\" data-action=\"analytics#trackCTA\">          \n                <img decoding=\"async\" loading=\"lazy\" alt=\"card\" class=\"w-full object-cover h-24 object-center rounded justify-self-auto border-2 border-gray-100\" src=\"https:\/\/tvemfoco.com\/wp-content\/uploads\/2023\/01\/jogadores-disputando-a-bola-scaled.jpeg\">          \n              <\/a>\n            <\/div>\n            <div class=\"w-3\/5 my-2\">\n              <p class=\"px-4 text-center text-xs h-1\/2\">\n                Copinha live: cum s\u0103 vizionezi              <\/p>\n              <a href=\"https:\/\/tvemfoco.com\/ro\/copinha-ao-vivo\/\"  data-analytics-label=\"anchorButton\" data-action=\"analytics#trackCTA\" >\n                <button class=\"flex w-5\/6 m-auto mt-2 border-0 py-1 px-3 focus:outline-none rounded\">                \n                  <p class=\"text-center w-full\" style=\"font-size: 0.67rem;\">\n                    Continu\u0103 s\u0103 cite\u0219ti                  <\/p>\n                <\/button>\n              <\/a>\n              <p class=\"text-gray-500 text-center mt-1\" style=\"font-size: 0.50rem;\">\n                Vei r\u0103m\u00e2ne pe acela\u0219i site web              <\/p>\n            <\/div>\n          <\/div>\n        <\/div>\n          <\/div>\n  <\/div>\n  <\/section>\n\n<\/div><!--advertisement--><div class=\"mx-5 sm:mx-0 sm:text-3xl text-2xl font-medium title-font mb-4 text-gray-900 text-left\">\n<h2 id=\"h-qual-foi-sua-trajetoria-no-santos\">Care a fost cariera ta la Santos?<\/h2>\n<\/div><div class=\"mx-5 sm:mx-0 prose leading-relaxed text-lg mb-5 text-left wp-paragraph\">\n<p>Pel\u00e9 a ajuns la Santos \u00een 1956 c\u00e2nd avea doar 16 ani, la vremea aceea era deja considerat un mare talent.<\/p>\n<\/div><div class=\"mx-5 sm:mx-0 prose leading-relaxed text-lg mb-5 text-left wp-paragraph\">\n<p>Primul gol al vedetei a venit la acest club, \u00eentr-un meci \u00eempotriva unui mare rival, Corinthians, \u00een minutul 36 al reprizei secunde, juc\u0103torul a marcat primul dintre multele goluri pe care le-ar fi marcat \u00een carier\u0103.<\/p>\n<\/div><div class=\"mx-5 sm:mx-0 prose leading-relaxed text-lg mb-5 text-left wp-paragraph\">\n<p>\u00cen 1957 era deja titular absolut \u00een echipa Santos \u0219i, \u00een plus, era deja golgheterul clubului \u00een Campeonato Paulista, cu 36 de goluri.<\/p>\n<\/div><div class=\"mx-5 sm:mx-0 prose leading-relaxed text-lg mb-5 text-left wp-paragraph\">\n<p>Regele fotbalului \u0219i-a jucat practic toat\u0103 via\u021ba la acest club, din 1956 p\u00e2n\u0103 \u00een 1974, c\u00e2\u0219tig\u00e2nd toate titlurile posibile.<\/p>\n<\/div><div class=\"mx-5 sm:mx-0 prose leading-relaxed text-lg mb-5 text-left wp-paragraph\">\n<p>El a fost protagonist \u0219i a c\u00e2\u0219tigat urm\u0103toarele concursuri precum:&nbsp;<\/p>\n<\/div><div class=\"mx-5 sm:mx-0 prose text-left mb-5\">\n<ul><div class=\"mx-5 sm:mx-0 prose text-left mb-5\">\n<li>Campionatele Braziliei;<\/li>\n<\/div>\n\n<div class=\"mx-5 sm:mx-0 prose text-left mb-5\">\n<li>Supercupa Americii de Sud;<\/li>\n<\/div>\n\n<div class=\"mx-5 sm:mx-0 prose text-left mb-5\">\n<li>Copa Libertadores da America;<\/li>\n<\/div>\n\n<div class=\"mx-5 sm:mx-0 prose text-left mb-5\">\n<li>Campionatele Pauliste.<\/li>\n<\/div><\/ul>\n<\/div><div class=\"mx-5 sm:mx-0 prose leading-relaxed text-lg mb-5 text-left wp-paragraph\">\n<p>\u0218i acestea sunt doar cele mai importante titluri c\u00e2\u0219tigate de Pel\u00e9 la Santos.<\/p>\n<\/div><div class=\"mx-5 sm:mx-0 prose leading-relaxed text-lg mb-5 text-left wp-paragraph\">\n<p>Tot acest succes la club i-a adus juc\u0103torului titlul de idol etern al clubului.<\/p>\n<\/div><div class=\"mx-5 sm:mx-0 prose leading-relaxed text-lg mb-5 text-left wp-paragraph\">\n<p>Dup\u0103 moartea sa, directorii clubului studiaz\u0103 posibilitatea de a \u201eretrage\u201d tricoul cu num\u0103rul 10, adic\u0103 niciun alt juc\u0103tor nu va putea purta acest num\u0103r \u00een timp ce joac\u0103 la Santos.<\/p>\n<\/div><div class=\"mx-5 sm:mx-0 prose leading-relaxed text-lg mb-5 text-left wp-paragraph\">\n<p>Cu alte cuvinte, importan\u021ba juc\u0103torului pentru club a fost at\u00e2t de mare \u00eenc\u00e2t num\u0103rul purtat de juc\u0103tor va fi imortalizat cu numele lui.<\/p>\n<\/div><!--advertisement--><div class=\"mx-5 sm:mx-0 sm:text-3xl text-2xl font-medium title-font mb-4 text-gray-900 text-left\">\n<h2 id=\"h-qual-foi-sua-trajetoria-na-selecao-brasileira\">Care a fost traiectoria ta \u00een echipa Braziliei?<\/h2>\n<\/div><div class=\"mx-5 sm:mx-0 prose leading-relaxed text-lg mb-5 text-left wp-paragraph\">\n<p>Dac\u0103 cariera lui Pel\u00e9 la Santos a fost str\u0103lucitoare, timpul petrecut cu echipa brazilian\u0103 a fost extraordinar.&nbsp;&nbsp;<\/p>\n<\/div><div class=\"mx-5 sm:mx-0 prose leading-relaxed text-lg mb-5 text-left wp-paragraph\">\n<p>\u00cen primul r\u00e2nd, echipa brazilian\u0103 l-a chemat pe juc\u0103tor c\u00e2nd avea doar 17 ani.&nbsp;<\/p>\n<\/div><div class=\"mx-5 sm:mx-0 prose leading-relaxed text-lg mb-5 text-left wp-paragraph\">\n<p>P\u00e2n\u0103 \u00een prezent, el r\u0103m\u00e2ne cel mai t\u00e2n\u0103r sportiv care a jucat \u0219i a c\u00e2\u0219tigat o Cup\u0103 Mondial\u0103.<\/p>\n<\/div><div class=\"mx-5 sm:mx-0 prose leading-relaxed text-lg mb-5 text-left wp-paragraph\">\n<p>A debutat la echipa na\u021bional\u0103 \u00een 1958, de la Vila Belmiro direct la Cupa Mondial\u0103 din Suedia.<\/p>\n<\/div><div class=\"mx-5 sm:mx-0 prose leading-relaxed text-lg mb-5 text-left wp-paragraph\">\n<p>Unde a c\u00e2\u0219tigat prima Cup\u0103 Mondial\u0103 pentru Brazilia, pun\u00e2nd \u021bara pe harta fotbalului.<\/p>\n<\/div><div class=\"mx-5 sm:mx-0 prose leading-relaxed text-lg mb-5 text-left wp-paragraph\">\n<p>Dup\u0103 primul titlu, regele a mai c\u00e2\u0219tigat dou\u0103 Cupe Mondiale, \u00een 1962 \u0219i 1970.<\/p>\n<\/div><div class=\"mx-5 sm:mx-0 prose leading-relaxed text-lg mb-5 text-left wp-paragraph\">\n<p>A ajuns s\u0103 se accidenteze \u00een victoria din 1962, dar \u0219i-a l\u0103sat amprenta la Cupa Mondial\u0103 din 1970, unde a avut una dintre cele mai mari performan\u021be ale unui fotbalist \u00eentr-o competi\u021bie.<\/p>\n<\/div><div class=\"mx-5 sm:mx-0 prose leading-relaxed text-lg mb-5 text-left wp-paragraph\">\n<p>Cu aceasta, a atins marca a trei titluri c\u00e2\u0219tigate. P\u00e2n\u0103 \u00een prezent, niciun alt juc\u0103tor nu a reu\u0219it s\u0103 egaleze aceast\u0103 performan\u021b\u0103.<\/p>\n<\/div><!--advertisement--><div class=\"mx-5 sm:mx-0 sm:text-3xl text-2xl font-medium title-font mb-4 text-gray-900 text-left\">\n<h2 id=\"h-quais-sao-as-curiosidades-da-carreira-do-rei-do-futebol\">Care sunt faptele interesante despre cariera regelui fotbalului?<\/h2>\n<\/div><div class=\"mx-5 sm:mx-0 prose leading-relaxed text-lg mb-5 text-left wp-paragraph\">\n<p>Mul\u021bi \u0219tiu despre marile realiz\u0103ri ale regelui, dar \u0219ti\u021bi, de exemplu, originea numelui Pel\u00e9? Vezi mai jos c\u00e2teva fapte interesante despre acest mare juc\u0103tor.<\/p>\n<\/div><!--advertisement--><div class=\"mx-5 sm:mx-0 sm:text-3xl text-2xl font-medium title-font mb-4 text-gray-900 text-left\">\n<h3 id=\"h-a-origem-do-nome-pele\">Originea numelui Pel\u00e9<\/h3>\n<\/div><div class=\"mx-5 sm:mx-0 prose leading-relaxed text-lg mb-5 text-left wp-paragraph\">\n<p>Una dintre cele mai mari curiozit\u0103\u021bi ale carierei acestui juc\u0103tor este tocmai de unde provine numele \u201ePel\u00e9\u201d, \u00eentruc\u00e2t numele juc\u0103torului este Edson, iar porecla nu este deloc conven\u021bional\u0103.<\/p>\n<\/div><div class=\"mx-5 sm:mx-0 prose leading-relaxed text-lg mb-5 text-left wp-paragraph\">\n<p>Aceast\u0103 porecl\u0103 a venit de la un prieten al tat\u0103lui lui Edson. Tat\u0103l lui Pel\u00e9 era un fost juc\u0103tor \u0219i avea un coechipier care era portar, pe nume Bil\u00e9.<\/p>\n<\/div><div class=\"mx-5 sm:mx-0 prose leading-relaxed text-lg mb-5 text-left wp-paragraph\">\n<p>C\u00e2nd micu\u021bul Edson Arantes era mic, voia s\u0103 fie portar, iar c\u00e2nd juca cu prietenii, c\u00e2nd salva, striga pe Pil\u00e9, referindu-se la prietenul tat\u0103lui s\u0103u, iar prietenii lui au \u00eenceput s\u0103 glumeasc\u0103 cu b\u0103iatul, numindu-l Pel\u00e9. , \u0219i nu asta A r\u0103mas porecla?<\/p>\n<\/div><!--advertisement--><div class=\"mx-5 sm:mx-0 sm:text-3xl text-2xl font-medium title-font mb-4 text-gray-900 text-left\">\n<h3 id=\"h-um-juiz-resolveu-expulsar-pele-mas-acabou-expulso\">Un judec\u0103tor a decis s\u0103-l expulze pe Pel\u00e9, dar acesta a ajuns s\u0103 fie exmatriculat<\/h3>\n<\/div><div class=\"mx-5 sm:mx-0 prose leading-relaxed text-lg mb-5 text-left wp-paragraph\">\n<p>\u00centr-un joc amical, \u00eentre Santos \u0219i echipa olimpic\u0103 a Columbiei, dup\u0103 o tulburare, arbitrul i-a cerut lui Pel\u00e9 s\u0103 p\u0103r\u0103seasc\u0103 terenul, \u00eentruc\u00e2t acesta l-a insultat \u0219i a comis un fault.<\/p>\n<\/div><div class=\"mx-5 sm:mx-0 prose leading-relaxed text-lg mb-5 text-left wp-paragraph\">\n<p>Dup\u0103 o mare agita\u021bie din partea suporterilor, inclusiv a celor din Columbia, \u0219i a juc\u0103torilor. Dup\u0103 presiunea autorit\u0103\u021bilor, Pel\u00e9 a fost chemat \u00eenapoi pe teren, iar arbitrul a fost \u00eenlocuit cu un alt arbitru.<\/p>\n<\/div><!--advertisement--><div class=\"mx-5 sm:mx-0 sm:text-3xl text-2xl font-medium title-font mb-4 text-gray-900 text-left\">\n<h2 id=\"h-quantos-gols-e-titulos-pele-conquistou\">C\u00e2te goluri \u0219i titluri a c\u00e2\u0219tigat Pel\u00e9?<\/h2>\n<\/div><div class=\"mx-5 sm:mx-0 prose leading-relaxed text-lg mb-5 text-left wp-paragraph\">\n<p>Pel\u00e9 a jucat \u00eentr-un moment \u00een care nu exista FIFA care s\u0103 numere oficial competi\u021biile \u0219i golurile.<\/p>\n<\/div><div class=\"mx-5 sm:mx-0 prose leading-relaxed text-lg mb-5 text-left wp-paragraph\">\n<p>Dar chiar \u0219i a\u0219a, Pel\u00e9 este juc\u0103torul cu cele mai multe goluri din istoria fotbalului, cu 1282 de goluri \u00een 1364 de jocuri, un num\u0103r foarte impresionant.<\/p>\n<\/div><div class=\"mx-5 sm:mx-0 prose leading-relaxed text-lg mb-5 text-left wp-paragraph\">\n<p>Acum, raportat la titluri, FIFA num\u0103r\u0103 doar 37 de titluri c\u00e2\u0219tigate de juc\u0103tor, f\u0103c\u00e2ndu-l al treilea juc\u0103tor cu cele mai multe realiz\u0103ri din istoria fotbalului.<\/p>\n<\/div><div class=\"mx-5 sm:mx-0 prose leading-relaxed text-lg mb-5 text-left wp-paragraph\">\n<p>Regele este doar \u00een spatele lui Daniel Alves \u0219i Messi, cu 42, respectiv 41 de titluri.<\/p>\n<\/div><div class=\"mx-5 sm:mx-0 prose leading-relaxed text-lg mb-5 text-left wp-paragraph\">\n<p>Totu\u0219i, dac\u0103 s-ar \u021bine cont de toate realiz\u0103rile lui Pel\u00e9, inclusiv de competi\u021biile \u0219i amicalele care s-au \u00eencheiat, dar care la acea vreme erau de mare importan\u021b\u0103, vedeta ar fi izolat\u0103 \u00een frunte cu 60 de titluri.<\/p>\n<\/div><!--advertisement--><div class=\"mx-5 sm:mx-0 sm:text-3xl text-2xl font-medium title-font mb-4 text-gray-900 text-left\">\n<h2 id=\"h-qual-foi-o-legado-que-pele-deixou-para-o-mundo\">Ce mo\u0219tenire a l\u0103sat Pel\u00e9 lumii?<\/h2>\n<\/div><!--image--><div class=\"px-5 sm:px-0 sm:w-[800px] sm:ml-[50%] sm:-translate-x-2\/4 rounded-lg overflow-hidden mb-5 text-center\">\n<figure class=\"wp-block-image size-large\"><img decoding=\"async\" width=\"1024\" height=\"683\" loading=\"lazy\" src=\"https:\/\/tvemfoco.com\/wp-content\/uploads\/2023\/01\/Lendario-Pele-1024x683.jpg\" alt=\"Jogador com a bola no p\u00e9.\" class=\"w-full object-cover object-center border mx-auto wp-image-1720\" srcset=\"https:\/\/tvemfoco.com\/wp-content\/uploads\/2023\/01\/Lendario-Pele-1024x683.jpg 1024w, https:\/\/tvemfoco.com\/wp-content\/uploads\/2023\/01\/Lendario-Pele-300x200.jpg 300w, https:\/\/tvemfoco.com\/wp-content\/uploads\/2023\/01\/Lendario-Pele-768x512.jpg 768w, https:\/\/tvemfoco.com\/wp-content\/uploads\/2023\/01\/Lendario-Pele-1536x1025.jpg 1536w, https:\/\/tvemfoco.com\/wp-content\/uploads\/2023\/01\/Lendario-Pele-2048x1366.jpg 2048w\" sizes=\"(max-width: 1024px) 100vw, 1024px\" \/><figcaption class=\"mt-5 text-xs text-center border-b pb-4\">Pel\u00e9 a l\u0103sat o mare mo\u0219tenire pentru lumea fotbalului. Sursa: Pexels.<\/figcaption><\/figure>\n<\/div><!--image--><div class=\"mx-5 sm:mx-0 prose leading-relaxed text-lg mb-5 text-left wp-paragraph\">\n<p>Pel\u00e9 a fost mai mult dec\u00e2t un juc\u0103tor, a vr\u0103jit o \u00eentreag\u0103 genera\u021bie de oameni care au \u00eenv\u0103\u021bat s\u0103 iubeasc\u0103 fotbalul, a fost o inspira\u021bie.<\/p>\n<\/div><div class=\"mx-5 sm:mx-0 prose leading-relaxed text-lg mb-5 text-left wp-paragraph\">\n<p>Pe l\u00e2ng\u0103 marile sale realiz\u0103ri cu echipa na\u021bional\u0103 \u0219i Santos, Pel\u00e9 a l\u0103sat un mesaj de speran\u021b\u0103 pentru lume, inspir\u00e2nd mii de oameni c\u0103 este posibil s\u0103 c\u00e2\u0219tigi prin sport.<\/p>\n<\/div><div class=\"mx-5 sm:mx-0 prose leading-relaxed text-lg mb-5 text-left wp-paragraph\">\n<p>\u021ai-a pl\u0103cut acest text? A\u0219adar, asigura\u021bi-v\u0103 c\u0103 verifica\u021bi \u0219i alt con\u021binut, \u00een special pe cel de mai jos.<\/p>\n<\/div><div class=\"wp-block-lazyblock-cta lazyblock-cta-4IcOL\">\n  <section class=\"cta mx-5 sm:mx-0 text-gray-600 body-font my-10 border-gray-200 border-b border-l border-r sm:border-0\">\n    <div class=\"h-1 bg-gray-200 rounded overflow-hidden\">\n      <div class=\"w-24 h-full\"><\/div>\n    <\/div>\n    <div class=\"container px-5 pt-6 pb-6 mx-auto flex flex-wrap\" data-anchor-target=\"lazyBlock\">    \n    \n              <a class=\"flex flex-wrap content-center w-full mb-4 md:hidden\" href=\"https:\/\/tvemfoco.com\/ro\/ganhadores-do-bbb\/\"  data-analytics-label=\"ctaImage\" data-action=\"analytics#trackCTA\" aria-label=\"C\u00e2\u0219tig\u0103tori BBB: consulta\u021bi c\u00e2\u0219tig\u0103torii\">\n          <div class=\"m-auto float-none\">\n            <img decoding=\"async\" loading=\"lazy\" src=\"https:\/\/tvemfoco.com\/wp-content\/uploads\/2023\/01\/bbb-23-logo_579.jpeg\" alt=\"BBB\">\n          <\/div>\n        <\/a>\n            <h2 class=\"w-full sm:text-3xl text-2xl text-gray-900 font-medium title-font mb-2 text-center md:text-left md:w-2\/5\">\n        <a href=\"https:\/\/tvemfoco.com\/ro\/ganhadores-do-bbb\/\" data-analytics-label=\"ctaTitle\" data-action=\"analytics#trackCTA\" aria-label=\"C\u00e2\u0219tig\u0103tori BBB: consulta\u021bi c\u00e2\u0219tig\u0103torii\">\n            C\u00e2\u0219tig\u0103tori BBB: consulta\u021bi c\u00e2\u0219tig\u0103torii        <\/a>\n      <\/h2>\n      <div class=\"w-full md:w-3\/5 md:pl-6\">\n        <p class=\"text-center md:text-left leading-relaxed text-base\">\n            Verifica\u021bi aici cine sunt c\u00e2\u0219tig\u0103torii reality show-ului \u0219i detalii despre realiz\u0103rile lor.        <\/p>\n        <div class=\"flex mt-6 w-full flex-1 justify-center ml-auto md:mt-4 md:justify-start\" style=\"font-weight: bold;\">\n          <a class=\"inline-flex items-center\" href=\"https:\/\/tvemfoco.com\/ro\/ganhadores-do-bbb\/\"  data-analytics-label=\"ctaButton\" data-action=\"analytics#trackCTA\" >\n            Continu\u0103 s\u0103 cite\u0219ti            <svg fill=\"none\" stroke=\"currentColor\" stroke-linecap=\"round\" stroke-linejoin=\"round\" stroke-width=\"2\" class=\"w-4 h-4 ml-2\" viewbox=\"0 0 24 24\">\n              <path d=\"M5 12h14M12 5l7 7-7 7\"><\/path>\n            <\/svg>\n          <\/a>\n        <\/div>\n      <\/div>  \n          \n    <\/div>\n      <script type=\"module\"> function waitFor(conditionFunction) { const poll = resolve => { if(conditionFunction()) resolve(); else setTimeout(_ => poll(resolve), 400); }; return new Promise(poll); } import { Application, Controller } from \"\/wp-content\/themes\/twentytwentyone\/assets\/js\/stimulus.min.js\"; let Stimulus = Application.start(); Stimulus.register(\"anchor\", class extends Controller { static get targets() { return [ \"lazyBlock\", \"lazyBlockAnchor\" ]; } initialize() { this.active = false; this.passed = false; this.closed = false; this.anchorViews = 0; this.boundOnShowAnchor = this.onShowAnchor.bind(this); window.anchorReady = window.anchorReady || false; waitFor(_ => (window.scrollY > this.getHeightBlock() && !this.active)) .then(_ => { !window.anchorReady? this.visible() : ''; window.anchorReady = true; }); if (document.getElementById('landing')) { setTimeout(() => { !window.anchorReady ? this.visible() : ''; window.anchorReady = true; }, 1 * 30000); }; } connect() { this.onShowAnchor(); document.addEventListener(\"scroll\", this.boundOnShowAnchor); } disconnect() { document.removeEventListener(\"scroll\", this.boundOnShowAnchor); } visible() { if (document.getElementById('av-offerwall__wrapper')) { setTimeout(() => this.visible(), 20000); return; } if (document.getElementById('av-fixed__bottomWrapper') && document.getElementById('av-fixed__bottomWrapper').style.display !== 'none' && document.getElementById('av-fixed__bottomWrapper').getBoundingClientRect().height > 100) { setTimeout(() => this.visible(), 1000); return; } if (document.getElementById('av-fixed__bottomWrapper') && document.getElementById('av-fixed__bottomWrapper').style.display !== 'none' && document.getElementById('av-fixed__bottomWrapper').getBoundingClientRect().height > 10) { this.getAnchorElement().style.marginBottom = '60px'; } if (document.querySelector('[data-anchor-shown=\"true\"]') && document.querySelector('[data-anchor-shown=\"true\"]').style.bottom === '0px') { setTimeout(() => this.visible(), 1000); return; } if (!window.km2AnchorReady) { this.active = true; \/*this.getAnchorElement().style.animation = \"none\"; this.getAnchorElement().classList.remove('animate-show-down');*\/ \/*this.getAnchorElement().classList.add('animate-show-up');*\/ \/*setTimeout(() => {*\/ \/*this.getAnchorElement().style.animation = \"\";*\/ this.getAnchorElement().classList.add('animate-show-up'); this.getAnchorElement().classList.remove('hidden'); this.setAnchorViews(this.anchorViews+1); setTimeout(() => this.closeAnchor(), 20000); waitFor(_ => (document.getElementById('av-fixed__bottomWrapper') && document.getElementById('av-fixed__bottomWrapper').style.display !== 'none' && document.getElementById('av-fixed__bottomWrapper').getBoundingClientRect().height > 10 && this.getAnchorElement().style.marginBottom !== '60px')) .then(_ => { this.closeAnchor(); }); this.active = false; \/*}, 10);*\/ } } invisible() { this.active = true; this.getAnchorElement().style.animation = \"none\"; this.getAnchorElement().classList.remove('animate-show-up'); this.getAnchorElement().classList.add('animate-show-down'); setTimeout(() => { this.getAnchorElement().style.animation = \"\"; setTimeout(() => { this.getAnchorElement().classList.add('hidden'); this.active = false; }, 800); }, 10); } onShowAnchor() { let anchorReady = false;  \/*if (!this.active && !anchorReady) { if (this.getAnchorViews() <= 3) { if (window.scrollY > this.getHeightBlock()) { if (!this.passed && !this.closed) { this.visible(); this.passed = true; } } else { if (this.passed) { this.invisible(); this.passed = false; } } } else { if (!this.getAnchorElement().classList.contains('close')) { this.getAnchorElement().classList.add('close'); if (window.scrollY < this.getHeightBlock()) { this.invisible(); } } } }*\/ } closeAnchor() { if (this.closed) return; this.invisible(); this.getAnchorElement().classList.add('close'); this.closed = true; } getAnchorElement() { return this.lazyBlockAnchorTargets[0]; } getAnchorViews() { this.anchorViews = parseInt(sessionStorage.getItem(\"anchorViews\")) >= 1 ? parseInt(sessionStorage.getItem(\"anchorViews\")) : 0; return this.anchorViews; } setAnchorViews(views) { sessionStorage.setItem(\"anchorViews\", views); } getHeightBlock() { return this.lazyBlockTarget.offsetTop + this.lazyBlockTarget.offsetHeight - 110; } }) <\/script>  <div data-anchor-target=\"lazyBlockAnchor\" class=\"fixed w-full sm:w-96 px-3 py-2 bottom-0 left-0 hidden\" style=\"z-index: 999999;\" name=\"lazyBlockAnchor\">\n    <div class=\"grid justify-items-stretch\">        \n              <div class=\"relative justify-self-end top-4 -right-2\">\n          <button data-no-translation class=\"bg-white text-md font-medium text-center rounded-full h-7 w-7 border-2\" data-analytics-label=\"anchorCloseAnchor\" data-action=\"anchor#closeAnchor\" style=\"z-index: 999999;\">\n            X\n          <\/button>\n        <\/div>\n        <div class=\"justify-self-auto flex flex-col h-32 bg-white border-solid border-2 shadow-md rounded-md\">\n          <div class=\"flex my-0 h-full\">\n            <div class=\"w-2\/5 p-1 ml-2 mt-2 w-full\">\n              <a href=\"https:\/\/tvemfoco.com\/ro\/ganhadores-do-bbb\/\"  data-analytics-label=\"anchorImage\" data-action=\"analytics#trackCTA\">          \n                <img decoding=\"async\" loading=\"lazy\" alt=\"card\" class=\"w-full object-cover h-24 object-center rounded justify-self-auto border-2 border-gray-100\" src=\"https:\/\/tvemfoco.com\/wp-content\/uploads\/2023\/01\/bbb-23-logo_579.jpeg\">          \n              <\/a>\n            <\/div>\n            <div class=\"w-3\/5 my-2\">\n              <p class=\"px-4 text-center text-xs h-1\/2\">\n                C\u00e2\u0219tig\u0103tori BBB: consulta\u021bi c\u00e2\u0219tig\u0103torii              <\/p>\n              <a href=\"https:\/\/tvemfoco.com\/ro\/ganhadores-do-bbb\/\"  data-analytics-label=\"anchorButton\" data-action=\"analytics#trackCTA\" >\n                <button class=\"flex w-5\/6 m-auto mt-2 border-0 py-1 px-3 focus:outline-none rounded\">                \n                  <p class=\"text-center w-full\" style=\"font-size: 0.67rem;\">\n                    Continu\u0103 s\u0103 cite\u0219ti                  <\/p>\n                <\/button>\n              <\/a>\n              <p class=\"text-gray-500 text-center mt-1\" style=\"font-size: 0.50rem;\">\n                Vei r\u0103m\u00e2ne pe acela\u0219i site web              <\/p>\n            <\/div>\n          <\/div>\n        <\/div>\n          <\/div>\n  <\/div>\n  <\/section>\n\n<\/div>","protected":false},"excerpt":{"rendered":"<p>Juc\u0103tor legendar, Pel\u00e9 ne-a p\u0103r\u0103sit \u00een 2022, dar mo\u0219tenirea sa \u00een fotbal va r\u0103m\u00e2ne cu noi pentru totdeauna. Vezi povestea minunat\u0103 a acestui juc\u0103tor \u0219i multe altele \u00een urm\u0103torul articol.<\/p>","protected":false},"author":7,"featured_media":0,"comment_status":"open","ping_status":"open","sticky":false,"template":"","format":"standard","meta":[],"categories":[649],"tags":[651,652,653],"yoast_head":"<!-- This site is optimized with the Yoast SEO Premium plugin v18.7 (Yoast SEO v19.1) - https:\/\/yoast.com\/wordpress\/plugins\/seo\/ -->\n<title>Pel\u00e9: a carreira do lend\u00e1rio camisa 10 do Santos - TV em Foco<\/title>\n<meta name=\"description\" content=\"Pel\u00e9 \u00e9 considerado o maior jogador de todos os tempos, mas voc\u00ea conhece sua hist\u00f3ria? Ent\u00e3o confira aqui todos os detalhes da vida do craque.\" \/>\n<meta name=\"robots\" content=\"index, follow, max-snippet:-1, max-image-preview:large, max-video-preview:-1\" \/>\n<link rel=\"canonical\" href=\"https:\/\/tvemfoco.com\/ro\/pele\/\" \/>\n<meta property=\"og:locale\" content=\"ro_RO\" \/>\n<meta property=\"og:type\" content=\"article\" \/>\n<meta property=\"og:title\" content=\"Pel\u00e9: a carreira do lend\u00e1rio camisa 10 do Santos\" \/>\n<meta property=\"og:description\" content=\"Pel\u00e9 \u00e9 considerado o maior jogador de todos os tempos, mas voc\u00ea conhece sua hist\u00f3ria? Ent\u00e3o confira aqui todos os detalhes da vida do craque.\" \/>\n<meta property=\"og:url\" content=\"https:\/\/tvemfoco.com\/ro\/pele\/\" \/>\n<meta property=\"og:site_name\" content=\"TV em Foco\" \/>\n<meta property=\"article:published_time\" content=\"2023-01-15T23:00:00+00:00\" \/>\n<meta property=\"article:modified_time\" content=\"2023-01-16T03:11:00+00:00\" \/>\n<meta property=\"og:image\" content=\"https:\/\/tvemfoco.com\/wp-content\/uploads\/2023\/01\/pele-1024x683.jpeg\" \/>\n<meta name=\"twitter:card\" content=\"summary_large_image\" \/>\n<meta name=\"twitter:label1\" content=\"Written by\" \/>\n\t<meta name=\"twitter:data1\" content=\"Junior de Aguiar\" \/>\n\t<meta name=\"twitter:label2\" content=\"Est. reading time\" \/>\n\t<meta name=\"twitter:data2\" content=\"7 minute\" \/>\n<script type=\"application\/ld+json\" class=\"yoast-schema-graph\">{\"@context\":\"https:\/\/schema.org\",\"@graph\":[{\"@type\":\"WebSite\",\"@id\":\"https:\/\/tvemfoco.com\/#website\",\"url\":\"https:\/\/tvemfoco.com\/\",\"name\":\"TV em Foco\",\"description\":\"A TV em Foco \u00e9 um site online que oferece not\u00edcias atualizadas sobre diversos assuntos\",\"potentialAction\":[{\"@type\":\"SearchAction\",\"target\":{\"@type\":\"EntryPoint\",\"urlTemplate\":\"https:\/\/tvemfoco.com\/?s={search_term_string}\"},\"query-input\":\"required name=search_term_string\"}],\"inLanguage\":\"ro-RO\"},{\"@type\":\"ImageObject\",\"inLanguage\":\"ro-RO\",\"@id\":\"https:\/\/tvemfoco.com\/pele\/#primaryimage\",\"url\":\"https:\/\/tvemfoco.com\/wp-content\/uploads\/2023\/01\/pele-1024x683.jpeg\",\"contentUrl\":\"https:\/\/tvemfoco.com\/wp-content\/uploads\/2023\/01\/pele-1024x683.jpeg\"},{\"@type\":\"WebPage\",\"@id\":\"https:\/\/tvemfoco.com\/pele\/#webpage\",\"url\":\"https:\/\/tvemfoco.com\/pele\/\",\"name\":\"Pel\u00e9: a carreira do lend\u00e1rio camisa 10 do Santos - TV em Foco\",\"isPartOf\":{\"@id\":\"https:\/\/tvemfoco.com\/#website\"},\"primaryImageOfPage\":{\"@id\":\"https:\/\/tvemfoco.com\/pele\/#primaryimage\"},\"datePublished\":\"2023-01-15T23:00:00+00:00\",\"dateModified\":\"2023-01-16T03:11:00+00:00\",\"author\":{\"@id\":\"https:\/\/tvemfoco.com\/#\/schema\/person\/eca0a76f4f3dd84ca3e2e3a19f93440a\"},\"description\":\"Pel\u00e9 \u00e9 considerado o maior jogador de todos os tempos, mas voc\u00ea conhece sua hist\u00f3ria? Ent\u00e3o confira aqui todos os detalhes da vida do craque.\",\"breadcrumb\":{\"@id\":\"https:\/\/tvemfoco.com\/pele\/#breadcrumb\"},\"inLanguage\":\"ro-RO\",\"potentialAction\":[{\"@type\":\"ReadAction\",\"target\":[\"https:\/\/tvemfoco.com\/pele\/\"]}]},{\"@type\":\"BreadcrumbList\",\"@id\":\"https:\/\/tvemfoco.com\/pele\/#breadcrumb\",\"itemListElement\":[{\"@type\":\"ListItem\",\"position\":1,\"name\":\"Home\",\"item\":\"https:\/\/tvemfoco.com\/\"},{\"@type\":\"ListItem\",\"position\":2,\"name\":\"Pel\u00e9: a carreira do lend\u00e1rio camisa 10 do Santos\"}]},{\"@type\":\"Person\",\"@id\":\"https:\/\/tvemfoco.com\/#\/schema\/person\/eca0a76f4f3dd84ca3e2e3a19f93440a\",\"name\":\"Junior de Aguiar\",\"image\":{\"@type\":\"ImageObject\",\"inLanguage\":\"ro-RO\",\"@id\":\"https:\/\/tvemfoco.com\/#\/schema\/person\/image\/\",\"url\":\"https:\/\/secure.gravatar.com\/avatar\/cf0b04c3551002c04040ec298a9879f5?s=96&d=mm&r=g\",\"contentUrl\":\"https:\/\/secure.gravatar.com\/avatar\/cf0b04c3551002c04040ec298a9879f5?s=96&d=mm&r=g\",\"caption\":\"Junior de Aguiar\"},\"description\":\"Estudante de Direito fascinado por aprender coisas novas. Descobriu seu interesse na \u00e1rea da produ\u00e7\u00e3o de conte\u00fado e busca ampliar suas experi\u00eancias nesse universo digital. Desde sempre, apaixonado por futebol e todo o mundo dos esportes. Esse sou eu. Prazer, Junior!\",\"url\":\"https:\/\/tvemfoco.com\/ro\/author\/junior-aguiar\/\"}]}<\/script>\n<!-- \/ Yoast SEO Premium plugin. -->","yoast_head_json":{"title":"Pel\u00e9: a carreira do lend\u00e1rio camisa 10 do Santos - TV em Foco","description":"Pel\u00e9 \u00e9 considerado o maior jogador de todos os tempos, mas voc\u00ea conhece sua hist\u00f3ria? Ent\u00e3o confira aqui todos os detalhes da vida do craque.","robots":{"index":"index","follow":"follow","max-snippet":"max-snippet:-1","max-image-preview":"max-image-preview:large","max-video-preview":"max-video-preview:-1"},"canonical":"https:\/\/tvemfoco.com\/ro\/pele\/","og_locale":"ro_RO","og_type":"article","og_title":"Pel\u00e9: a carreira do lend\u00e1rio camisa 10 do Santos","og_description":"Pel\u00e9 \u00e9 considerado o maior jogador de todos os tempos, mas voc\u00ea conhece sua hist\u00f3ria? Ent\u00e3o confira aqui todos os detalhes da vida do craque.","og_url":"https:\/\/tvemfoco.com\/ro\/pele\/","og_site_name":"TV em Foco","article_published_time":"2023-01-15T23:00:00+00:00","article_modified_time":"2023-01-16T03:11:00+00:00","og_image":[{"url":"https:\/\/tvemfoco.com\/wp-content\/uploads\/2023\/01\/pele-1024x683.jpeg"}],"twitter_card":"summary_large_image","twitter_misc":{"Written by":"Junior de Aguiar","Est. reading time":"7 minute"},"schema":{"@context":"https:\/\/schema.org","@graph":[{"@type":"WebSite","@id":"https:\/\/tvemfoco.com\/#website","url":"https:\/\/tvemfoco.com\/","name":"TV em Foco","description":"A TV em Foco \u00e9 um site online que oferece not\u00edcias atualizadas sobre diversos assuntos","potentialAction":[{"@type":"SearchAction","target":{"@type":"EntryPoint","urlTemplate":"https:\/\/tvemfoco.com\/?s={search_term_string}"},"query-input":"required name=search_term_string"}],"inLanguage":"ro-RO"},{"@type":"ImageObject","inLanguage":"ro-RO","@id":"https:\/\/tvemfoco.com\/pele\/#primaryimage","url":"https:\/\/tvemfoco.com\/wp-content\/uploads\/2023\/01\/pele-1024x683.jpeg","contentUrl":"https:\/\/tvemfoco.com\/wp-content\/uploads\/2023\/01\/pele-1024x683.jpeg"},{"@type":"WebPage","@id":"https:\/\/tvemfoco.com\/pele\/#webpage","url":"https:\/\/tvemfoco.com\/pele\/","name":"Pel\u00e9: a carreira do lend\u00e1rio camisa 10 do Santos - TV em Foco","isPartOf":{"@id":"https:\/\/tvemfoco.com\/#website"},"primaryImageOfPage":{"@id":"https:\/\/tvemfoco.com\/pele\/#primaryimage"},"datePublished":"2023-01-15T23:00:00+00:00","dateModified":"2023-01-16T03:11:00+00:00","author":{"@id":"https:\/\/tvemfoco.com\/#\/schema\/person\/eca0a76f4f3dd84ca3e2e3a19f93440a"},"description":"Pel\u00e9 \u00e9 considerado o maior jogador de todos os tempos, mas voc\u00ea conhece sua hist\u00f3ria? Ent\u00e3o confira aqui todos os detalhes da vida do craque.","breadcrumb":{"@id":"https:\/\/tvemfoco.com\/pele\/#breadcrumb"},"inLanguage":"ro-RO","potentialAction":[{"@type":"ReadAction","target":["https:\/\/tvemfoco.com\/pele\/"]}]},{"@type":"BreadcrumbList","@id":"https:\/\/tvemfoco.com\/pele\/#breadcrumb","itemListElement":[{"@type":"ListItem","position":1,"name":"Home","item":"https:\/\/tvemfoco.com\/"},{"@type":"ListItem","position":2,"name":"Pel\u00e9: a carreira do lend\u00e1rio camisa 10 do Santos"}]},{"@type":"Person","@id":"https:\/\/tvemfoco.com\/#\/schema\/person\/eca0a76f4f3dd84ca3e2e3a19f93440a","name":"Junior de Aguiar","image":{"@type":"ImageObject","inLanguage":"ro-RO","@id":"https:\/\/tvemfoco.com\/#\/schema\/person\/image\/","url":"https:\/\/secure.gravatar.com\/avatar\/cf0b04c3551002c04040ec298a9879f5?s=96&d=mm&r=g","contentUrl":"https:\/\/secure.gravatar.com\/avatar\/cf0b04c3551002c04040ec298a9879f5?s=96&d=mm&r=g","caption":"Junior de Aguiar"},"description":"Estudante de Direito fascinado por aprender coisas novas. Descobriu seu interesse na \u00e1rea da produ\u00e7\u00e3o de conte\u00fado e busca ampliar suas experi\u00eancias nesse universo digital. Desde sempre, apaixonado por futebol e todo o mundo dos esportes. Esse sou eu. Prazer, Junior!","url":"https:\/\/tvemfoco.com\/ro\/author\/junior-aguiar\/"}]}},"_links":{"self":[{"href":"https:\/\/tvemfoco.com\/ro\/wp-json\/wp\/v2\/posts\/1506"}],"collection":[{"href":"https:\/\/tvemfoco.com\/ro\/wp-json\/wp\/v2\/posts"}],"about":[{"href":"https:\/\/tvemfoco.com\/ro\/wp-json\/wp\/v2\/types\/post"}],"author":[{"embeddable":true,"href":"https:\/\/tvemfoco.com\/ro\/wp-json\/wp\/v2\/users\/7"}],"replies":[{"embeddable":true,"href":"https:\/\/tvemfoco.com\/ro\/wp-json\/wp\/v2\/comments?post=1506"}],"version-history":[{"count":0,"href":"https:\/\/tvemfoco.com\/ro\/wp-json\/wp\/v2\/posts\/1506\/revisions"}],"wp:attachment":[{"href":"https:\/\/tvemfoco.com\/ro\/wp-json\/wp\/v2\/media?parent=1506"}],"wp:term":[{"taxonomy":"category","embeddable":true,"href":"https:\/\/tvemfoco.com\/ro\/wp-json\/wp\/v2\/categories?post=1506"},{"taxonomy":"post_tag","embeddable":true,"href":"https:\/\/tvemfoco.com\/ro\/wp-json\/wp\/v2\/tags?post=1506"}],"curies":[{"name":"wp","href":"https:\/\/api.w.org\/{rel}","templated":true}]}}