{"id":11145,"date":"2023-07-21T19:51:41","date_gmt":"2023-07-21T19:51:41","guid":{"rendered":"https:\/\/tvemfoco.com\/?p=11145"},"modified":"2024-05-20T17:03:16","modified_gmt":"2024-05-20T17:03:16","slug":"recomendador-queda-de-cabelo","status":"publish","type":"post","link":"https:\/\/tvemfoco.com\/ro\/recomendador-queda-de-cabelo\/","title":{"rendered":"Recomandare TEF \u2013 C\u0103derea p\u0103rului"},"content":{"rendered":"<!--awpixel--><!--awpixel--><!--fbpixel--><!--fbpixel--><div class=\"mx-5 sm:mx-0 prose text-left mb-5\">\n<h4 style=\"text-align:center; font-size: 24px;\"> A-\u021bi p\u0103stra p\u0103rul f\u0103r\u0103 fire gri a devenit mai u\u0219or ca niciodat\u0103!<\/h4>\n<\/div><div class=\"mx-5 sm:mx-0 prose text-left mb-5\">\n<p style=\"text-align:center; font-size: 16px;\"> Ce vrei? <\/p>\n<\/div><div class=\"wp-block-lazyblock-options lazyblock-options-1hIlCB\"><section class=\"hidden sm:block mx-5 sm:mx-0 my-10\">\n                                <a style=\"\" href=\"https:\/\/tvemfoco.com\/ro\/cabelos-apos-40-anos\/\" class=\"\" data-analytics-label=\"optionsButton\" data-action=\"analytics#trackCTA\">\n                <div data-options-target=\"option\" class=\"rounded-xl border p-5 shadow-md w-full bg-white my-5\">\n                    <div class=\"flex w-full items-center justify-between\">\n                        <div class=\"flex items-center space-x-3\">\n                            <div class=\"text-lg font-bold text-slate-700\">\n                                Elimina\u021bi oamenii albi \u279d\n                            <\/div>\n                        <\/div>\n                    <\/div>\n                <\/div>\n            <\/a>\n                                        <a style=\"\" href=\"https:\/\/tvemfoco.com\/ro\/queda-de-cabelo\/\" class=\"\" data-analytics-label=\"optionsButton\" data-action=\"analytics#trackCTA\">\n                <div data-options-target=\"option\" class=\"rounded-xl border p-5 shadow-md w-full bg-white my-5\">\n                    <div class=\"flex w-full items-center justify-between\">\n                        <div class=\"flex items-center space-x-3\">\n                            <div class=\"text-lg font-bold text-slate-700\">\n                                Sf\u00e2r\u0219itul toamnei \u279d\n                            <\/div>\n                        <\/div>\n                    <\/div>\n                <\/div>\n            <\/a>\n                <p class=\"text-xs text-gray-500 text-right hidden\" style=\"margin-left: 50%; margin-bottom: 50px; margin-top: 5px;\">\n        Vei fi redirec\u021bionat c\u0103tre un alt site web    <\/p>\n<\/section>\n<section data-options-target=\"wrapper\" class=\"sm:hidden mx-5 sm:mx-0 my-10\" style=\"\">\n                                <a data-options-target=\"option\" href=\"https:\/\/tvemfoco.com\/ro\/cabelos-apos-40-anos\/\" data-analytics-label=\"optionsButton\" data-action=\"analytics#trackCTA\" class=\"w-full mt-1 text-white  font-medium rounded-lg py-2 my-2 text-center inline-flex items-center text-xs\" style=\"height: 70px; font-size: 16px; line-height: 1.5; \" >\n                <span class=\"pl-3 text-left\">\n                    Elimina\u021bi albusurile                <\/span>\n                <span class=\"border-4 rounded-full text-white mr-3 inline-flex items-center lg:ml-auto md:ml-0 ml-auto leading-none text-sm py-1\">\n                    <svg style=\"width: 25px;\" class=\"w-4 h-4\" viewbox=\"0 0 24 24\" stroke=\"currentColor\" stroke-width=\"2\" fill=\"none\" stroke-linecap=\"round\" stroke-linejoin=\"round\">\n                    <path d=\"M5 12h14\"><\/path>\n                    <path d=\"M12 5l7 7-7 7\"><\/path>\n                    <\/svg>\n                <\/span>\n            <\/a>\n                                        <a data-options-target=\"option\" href=\"https:\/\/tvemfoco.com\/ro\/queda-de-cabelo\/\" data-analytics-label=\"optionsButton\" data-action=\"analytics#trackCTA\" class=\"w-full mt-1 text-white  font-medium rounded-lg py-2 my-2 text-center inline-flex items-center text-xs\" style=\"height: 70px; font-size: 16px; line-height: 1.5; \" >\n                <span class=\"pl-3 text-left\">\n                    Sf\u00e2r\u0219itul toamnei                <\/span>\n                <span class=\"border-4 rounded-full text-white mr-3 inline-flex items-center lg:ml-auto md:ml-0 ml-auto leading-none text-sm py-1\">\n                    <svg style=\"width: 25px;\" class=\"w-4 h-4\" viewbox=\"0 0 24 24\" stroke=\"currentColor\" stroke-width=\"2\" fill=\"none\" stroke-linecap=\"round\" stroke-linejoin=\"round\">\n                    <path d=\"M5 12h14\"><\/path>\n                    <path d=\"M12 5l7 7-7 7\"><\/path>\n                    <\/svg>\n                <\/span>\n            <\/a>\n                <p class=\"text-xs text-gray-500 text-center hidden\" style=\"margin-bottom: 50px; margin-top: 5px;\">\n        Vei fi redirec\u021bionat c\u0103tre un alt site web    <\/p>\n<\/section>\n<\/div><div class=\"mx-5 sm:mx-0 prose text-left mb-5\">\n<h4 style=\"text-align:center; font-size: 24px;\">Cele mai bune tratamente disponibile pe pia\u021b\u0103 <\/h4>\n<\/div><!--landing--><div class=\"wp-block-lazyblock-landing-page-variant lazyblock-landing-page-variant-ZfW4e3\"><div id=\"landing\" style=\"\" class=\"mb-40\">\n  <section class=\"text-gray-600 body-font border-gray-200 sm:border-0\">\n    <div style=\"max-width: 850px;\" class=\"sm:pt-6 mx-auto block\">\n      <div class=\"text-center py-3 px-5\">\n        <p data-av-subtitle class=\"leading-relaxed sm:w-3\/4 mx-auto mb-0\">\n           Te lup\u021bi cu c\u0103derea p\u0103rului \u0219i cau\u021bi ceva care chiar func\u021bioneaz\u0103? Ai ajuns la locul potrivit!        <\/p>\n      <\/div>\n\n              <section id=\"half\" class=\"text-gray-600 body-font border-gray-200 sm:border-0\">\n          <h4 class=\"pt-3 text-center text-gray-900 text-2xl title-font font-medium px-5 mb-12\">\n            Aici ve\u021bi g\u0103si sfaturi \u0219i tratamente pentru a opri c\u0103derea p\u0103rului.          <\/h4>\n                    <p class=\"sm:hidden pb-2 text-center sm:text-left leading-relaxed px-5\">\n              C\u0103derea p\u0103rului este o problem\u0103 comun\u0103 care poate fi cauzat\u0103 de factori precum genetica, dezechilibrele hormonale, stresul \u0219i bolile scalpului. Tratamentul variaz\u0103 \u00een func\u021bie de cauz\u0103. Cu toate acestea, pute\u021bi lua m\u0103suri preventive, cum ar fi o diet\u0103 s\u0103n\u0103toas\u0103 \u0219i evitarea substan\u021belor chimice dure. De asemenea, pute\u021bi consulta o vitamin\u0103 care promite s\u0103 pun\u0103 cap\u0103t definitiv c\u0103derii p\u0103rului. Face\u021bi clic pe \u201eAfla\u021bi mai multe despre capacele pentru p\u0103r Luminus\u201d pentru a afla mai multe.          <\/p>\n          \n          <div class=\"sm:hidden sm:px-0 py-6 mx-auto px-5\">\n            <div class=\"w-full mx-auto flex flex-wrap\">\n                              <a class=\"mx-auto block\" href=\"https:\/\/tvemfoco.com\/ro\/queda-de-cabelo\/\" data-analytics-label=\"landingPageImage\" data-action=\"analytics#trackCTA\">\n                  <img decoding=\"async\" loading=\"lazy\" alt=\"card\" style=\"height: 190px;\" class=\"w-full h-64 object-cover object-center rounded border-gray-100 border-2\" src=\"https:\/\/minutovip.com\/wp-content\/uploads\/2023\/07\/Queda-de-cabelo-3-1-scaled.jpeg\">\n                <\/a>\n                                          <div class=\"lg:w-3\/5 w-full lg:pl-6 mt-6 lg:mt-0\">\n                                  <div class=\"flex\">\n                    <a class=\"flex text-white no-underline mt-10 m-auto sm:mr-0 sm:ml-auto\" href=\"https:\/\/tvemfoco.com\/ro\/queda-de-cabelo\/\"  data-analytics-label=\"landingPageFirstButton\" data-action=\"analytics#trackCTA\">\n                      <button id=\"landing-first\" class=\"text-white flex m-auto sm:mr-0 sm:ml-auto border-0 py-2 px-8 text-lg focus:outline-none rounded\">\n                        OPRI\u021aI C\u0102DEREA P\u0102RULUI                      <\/button>\n                    <\/a>\n                  <\/div>\n                                      <p class=\"text-xs text-gray-500 mt-3 text-center sm:text-right\">\n                      Vei r\u0103m\u00e2ne pe acela\u0219i site web                    <\/p>\n                                                                <\/div>\n            <\/div>\n          <\/div>\n          <div class=\"mt-10 h-1 bg-gray-200 rounded overflow-hidden sm:hidden mx-5\">\n            <div class=\"w-24 h-full\"><\/div>\n          <\/div>\n          <div class=\"hidden sm:block sm:px-0 py-6 mx-auto px-5\">\n            <div class=\"w-full py-3 mx-auto flex flex-wrap\">\n                              <img decoding=\"async\" loading=\"lazy\" alt=\"card\" style=\"height: 190px;\" class=\"lg:w-2\/5 w-full h-64 object-cover object-center rounded border-gray-100 border-2\" src=\"https:\/\/minutovip.com\/wp-content\/uploads\/2023\/07\/Queda-de-cabelo-3-1-scaled.jpeg\">\n                            \n              <div class=\"lg:w-3\/5 w-full lg:pl-6 mt-6 lg:mt-0\">\n                \n                \n                <p class=\"py-2 text-center sm:text-left leading-relaxed\">\n                  C\u0103derea p\u0103rului este o problem\u0103 comun\u0103 care poate fi cauzat\u0103 de factori precum genetica, dezechilibrele hormonale, stresul \u0219i bolile scalpului. Tratamentul variaz\u0103 \u00een func\u021bie de cauz\u0103. Cu toate acestea, pute\u021bi lua m\u0103suri preventive, cum ar fi o diet\u0103 s\u0103n\u0103toas\u0103 \u0219i evitarea substan\u021belor chimice dure. De asemenea, pute\u021bi consulta o vitamin\u0103 care promite s\u0103 pun\u0103 cap\u0103t definitiv c\u0103derii p\u0103rului. Face\u021bi clic pe \u201eAfla\u021bi mai multe despre capacele pentru p\u0103r Luminus\u201d pentru a afla mai multe.                <\/p>\n                <div class=\"flex mt-6 items-center pb-5 border-b-2 border-gray-100 mb-5\">\n                <\/div>\n                                  <div class=\"flex\">\n                    <a class=\"flex text-white no-underline mt-10 m-auto sm:mr-0 sm:ml-auto\" href=\"https:\/\/tvemfoco.com\/ro\/queda-de-cabelo\/\"  data-analytics-label=\"landingPageFirstButton\" data-action=\"analytics#trackCTA\">\n                      <button id=\"landing-first\" class=\"text-white flex m-auto sm:mr-0 sm:ml-auto border-0 py-2 px-8 text-lg focus:outline-none rounded\">\n                        OPRI\u021aI C\u0102DEREA P\u0102RULUI                      <\/button>\n                    <\/a>\n                  <\/div>\n                                      <p class=\"text-xs text-gray-500 mt-3 text-center sm:text-right\">\n                      Vei r\u0103m\u00e2ne pe acela\u0219i site web                    <\/p>\n                                                                <\/div>\n            <\/div>\n          <\/div>\n        <\/section>\n      \n      <p class=\"text-center leading-relaxed sm:w-3\/4 mx-auto my-10 px-5\">\n        \u00cenc\u0103 nu e\u0219ti sigur dac\u0103 tratamentul este benefic? Atunci verific\u0103 beneficiile.      <\/p>\n            <div class=\"flex flex-wrap sm:w-full sm:mx-auto sm:mb-2 px-5\">\n        <div class=\"p-2 sm:w-1\/2 w-full\">\n          <div class=\"bg-gray-100 rounded flex p-4 h-full items-center\">\n            <svg fill=\"none\" stroke=\"currentColor\" stroke-linecap=\"round\" stroke-linejoin=\"round\" stroke-width=\"3\" class=\"w-6 h-6 flex-shrink-0 mr-4\" viewbox=\"0 0 24 24\">\n              <path d=\"M22 11.08V12a10 10 0 11-5.93-9.14\"><\/path>\n              <path d=\"M22 4L12 14.01l-3-3\"><\/path>\n            <\/svg>\n            <span class=\"title-font font-medium text-left\">\n              P\u0103r, unghii \u0219i piele mai s\u0103n\u0103toase            <\/span>\n          <\/div>\n        <\/div>\n        <div class=\"p-2 sm:w-1\/2 w-full\">\n          <div class=\"bg-gray-100 rounded flex p-4 h-full items-center\">\n            <svg fill=\"none\" stroke=\"currentColor\" stroke-linecap=\"round\" stroke-linejoin=\"round\" stroke-width=\"3\" class=\"w-6 h-6 flex-shrink-0 mr-4\" viewbox=\"0 0 24 24\">\n              <path d=\"M22 11.08V12a10 10 0 11-5.93-9.14\"><\/path>\n              <path d=\"M22 4L12 14.01l-3-3\"><\/path>\n            <\/svg>\n            <span class=\"title-font font-medium text-left\">\n              Stimularea cre\u0219terii p\u0103rului            <\/span>\n          <\/div>\n        <\/div>\n        <div class=\"p-2 sm:w-1\/2 w-full\">\n          <div class=\"bg-gray-100 rounded flex p-4 h-full items-center\">\n            <svg fill=\"none\" stroke=\"currentColor\" stroke-linecap=\"round\" stroke-linejoin=\"round\" stroke-width=\"3\" class=\"w-6 h-6 flex-shrink-0 mr-4\" viewbox=\"0 0 24 24\">\n              <path d=\"M22 11.08V12a10 10 0 11-5.93-9.14\"><\/path>\n              <path d=\"M22 4L12 14.01l-3-3\"><\/path>\n            <\/svg>\n            <span class=\"title-font font-medium text-left\">\n              \u00cencredere \u00een sine sporit\u0103            <\/span>\n          <\/div>\n        <\/div>\n        <div class=\"p-2 sm:w-1\/2 w-full\">\n          <div class=\"bg-gray-100 rounded flex p-4 h-full items-center\">\n            <svg fill=\"none\" stroke=\"currentColor\" stroke-linecap=\"round\" stroke-linejoin=\"round\" stroke-width=\"3\" class=\"w-6 h-6 flex-shrink-0 mr-4\" viewbox=\"0 0 24 24\">\n              <path d=\"M22 11.08V12a10 10 0 11-5.93-9.14\"><\/path>\n              <path d=\"M22 4L12 14.01l-3-3\"><\/path>\n            <\/svg>\n            <span class=\"title-font font-medium text-left\">\n              Prevenirea c\u0103derii p\u0103rului            <\/span>\n          <\/div>\n        <\/div>\n      <\/div>\n      \n              <div class=\"mx-5\" data-anchor-target=\"lazyBlock\">\n          <a class=\"text-white no-underline\"  href=\"https:\/\/tvemfoco.com\/ro\/queda-de-cabelo\/\" data-analytics-label=\"landingPageSecondButton\" data-action=\"analytics#trackCTA\">\n            <button id=\"landing-second\" class=\"flex mx-auto mt-16 border-0 py-2 px-8 focus:outline-none rounded text-lg\">\n              OPRI\u021aI C\u0102DEREA P\u0102RULUI            <\/button>\n          <\/a>\n        <\/div>\n                          <p class=\"text-xs text-gray-500 mt-3 text-center\">\n            Vei r\u0103m\u00e2ne pe acela\u0219i site web          <\/p>\n                        <\/div>\n  <\/section>\n\n    <script type=\"module\"> function waitFor(conditionFunction) { const poll = resolve => { if(conditionFunction()) resolve(); else setTimeout(_ => poll(resolve), 400); }; return new Promise(poll); } import { Application, Controller } from \"\/wp-content\/themes\/twentytwentyone\/assets\/js\/stimulus.min.js\"; let Stimulus = Application.start(); Stimulus.register(\"anchor\", class extends Controller { static get targets() { return [ \"lazyBlock\", \"lazyBlockAnchor\" ]; } initialize() { this.active = false; this.passed = false; this.closed = false; this.anchorViews = 0; this.boundOnShowAnchor = this.onShowAnchor.bind(this); window.anchorReady = window.anchorReady || false; waitFor(_ => (window.scrollY > this.getHeightBlock() && !this.active)) .then(_ => { !window.anchorReady? this.visible() : ''; window.anchorReady = true; }); if (document.getElementById('landing')) { setTimeout(() => { !window.anchorReady ? this.visible() : ''; window.anchorReady = true; }, 1 * 30000); }; } connect() { this.onShowAnchor(); document.addEventListener(\"scroll\", this.boundOnShowAnchor); } disconnect() { document.removeEventListener(\"scroll\", this.boundOnShowAnchor); } visible() { if (document.getElementById('av-offerwall__wrapper')) { setTimeout(() => this.visible(), 20000); return; } if (document.getElementById('av-fixed__bottomWrapper') && document.getElementById('av-fixed__bottomWrapper').style.display !== 'none' && document.getElementById('av-fixed__bottomWrapper').getBoundingClientRect().height > 100) { setTimeout(() => this.visible(), 1000); return; } if (document.getElementById('av-fixed__bottomWrapper') && document.getElementById('av-fixed__bottomWrapper').style.display !== 'none' && document.getElementById('av-fixed__bottomWrapper').getBoundingClientRect().height > 10) { this.getAnchorElement().style.marginBottom = '60px'; } if (document.querySelector('[data-anchor-shown=\"true\"]') && document.querySelector('[data-anchor-shown=\"true\"]').style.bottom === '0px') { setTimeout(() => this.visible(), 1000); return; } if (!window.km2AnchorReady) { this.active = true; \/*this.getAnchorElement().style.animation = \"none\"; this.getAnchorElement().classList.remove('animate-show-down');*\/ \/*this.getAnchorElement().classList.add('animate-show-up');*\/ \/*setTimeout(() => {*\/ \/*this.getAnchorElement().style.animation = \"\";*\/ this.getAnchorElement().classList.add('animate-show-up'); this.getAnchorElement().classList.remove('hidden'); this.setAnchorViews(this.anchorViews+1); setTimeout(() => this.closeAnchor(), 20000); waitFor(_ => (document.getElementById('av-fixed__bottomWrapper') && document.getElementById('av-fixed__bottomWrapper').style.display !== 'none' && document.getElementById('av-fixed__bottomWrapper').getBoundingClientRect().height > 10 && this.getAnchorElement().style.marginBottom !== '60px')) .then(_ => { this.closeAnchor(); }); this.active = false; \/*}, 10);*\/ } } invisible() { this.active = true; this.getAnchorElement().style.animation = \"none\"; this.getAnchorElement().classList.remove('animate-show-up'); this.getAnchorElement().classList.add('animate-show-down'); setTimeout(() => { this.getAnchorElement().style.animation = \"\"; setTimeout(() => { this.getAnchorElement().classList.add('hidden'); this.active = false; }, 800); }, 10); } onShowAnchor() { let anchorReady = false;  \/*if (!this.active && !anchorReady) { if (this.getAnchorViews() <= 3) { if (window.scrollY > this.getHeightBlock()) { if (!this.passed && !this.closed) { this.visible(); this.passed = true; } } else { if (this.passed) { this.invisible(); this.passed = false; } } } else { if (!this.getAnchorElement().classList.contains('close')) { this.getAnchorElement().classList.add('close'); if (window.scrollY < this.getHeightBlock()) { this.invisible(); } } } }*\/ } closeAnchor() { if (this.closed) return; this.invisible(); this.getAnchorElement().classList.add('close'); this.closed = true; } getAnchorElement() { return this.lazyBlockAnchorTargets[0]; } getAnchorViews() { this.anchorViews = parseInt(sessionStorage.getItem(\"anchorViews\")) >= 1 ? parseInt(sessionStorage.getItem(\"anchorViews\")) : 0; return this.anchorViews; } setAnchorViews(views) { sessionStorage.setItem(\"anchorViews\", views); } getHeightBlock() { return this.lazyBlockTarget.offsetTop + this.lazyBlockTarget.offsetHeight - 110; } }) <\/script>  <div data-anchor-target=\"lazyBlockAnchor\" class=\"fixed w-full sm:w-96 px-3 py-2 bottom-0 left-0 hidden\" style=\"z-index: 999999;\" name=\"lazyBlockAnchor\">\n    <div class=\"grid justify-items-stretch\">        \n              <div class=\"relative justify-self-end top-4 -right-2\">\n          <button data-no-translation class=\"bg-white text-md font-medium text-center rounded-full h-7 w-7 border-2\" data-analytics-label=\"anchorCloseAnchor\" data-action=\"anchor#closeAnchor\" style=\"z-index: 999999;\">\n            X\n          <\/button>\n        <\/div>\n        <div class=\"w-full justify-self-start flex flex-col h-32 bg-white border-solid border-2 shadow-md rounded-md\">\n          <div class=\"mx-2 h-1\/2\">\n            <p class=\"px-5 text-center pt-3 text-xs\">\n              Aici ve\u021bi g\u0103si sfaturi \u0219i tratamente pentru a opri c\u0103derea p\u0103rului            <\/p>\n          <\/div>\n          <div class=\"mx-2 mt-1 bottom-0 h-1\/2\">\n            <a class=\"w-full m-auto\" href=\"https:\/\/tvemfoco.com\/ro\/queda-de-cabelo\/\"  data-analytics-label=\"anchorButton\" data-action=\"analytics#trackCTA\" >\n              <button class=\"flex m-auto border-0 py-2 px-6 focus:outline-none rounded text-center text-sm\">\n                Continu\u0103 s\u0103 cite\u0219ti              <\/button>\n            <\/a>\n            <p class=\"text-gray-500 text-center mt-1\" style=\"font-size: 0.50rem;\">\n              Vei r\u0103m\u00e2ne pe acela\u0219i site web  \n            <\/p>\n          <\/div>\n        <\/div>\n          <\/div>\n  <\/div>\n\n  <link rel=\"prefetch\" href=\"https:\/\/tvemfoco.com\/queda-de-cabelo\/\">\n  <link rel=\"prerender\" href=\"https:\/\/tvemfoco.com\/queda-de-cabelo\/\">\n\n  <link rel=\"prefetch\" href=\"https:\/\/tvemfoco.com\/cabelos-apos-40-anos\/\">\n  <link rel=\"prerender\" href=\"https:\/\/tvemfoco.com\/cabelos-apos-40-anos\/\">\n\n  <div style=\"margin-top: 100px;\">\n      <\/div>\n\n<\/div>\n\n<\/div><!--landing--><div class=\"wp-block-lazyblock-accordion lazyblock-accordion-1BPGq6\"><div data-controller=\"accordion\" class=\"mx-5 sm:mx-0 rounded mt-10 mb-20\">\n\t<div>\n                    <h2>\n                <button data-accordion-target=\"title\" data-accordion-index=\"0\" data-action=\"accordion#update\" type=\"button\" class=\"h-24 sm:h-16 flex justify-between items-center py-5 w-full font-medium text-left text-gray-900 rounded-t-xl border-b border-gray-200 dark:border-gray-700 dark:text-white\">\n                    <span class=\"w-4\/5\" data-accordion-index=\"0\">\n                        C\u00e2nd \u00ee\u021bi cade p\u0103rul des, ce ar putea fi?                    <\/span>\n                    <svg data-accordion-index=\"0\" data-accordion-target=\"icon\" class=\"w-6 h-6 rotate-180 shrink-0\" fill=\"currentColor\" viewbox=\"0 0 20 20\" xmlns=\"http:\/\/www.w3.org\/2000\/svg\"><path fill-rule=\"evenodd\" d=\"M5.293 7.293a1 1 0 011.414 0L10 10.586l3.293-3.293a1 1 0 111.414 1.414l-4 4a1 1 0 01-1.414 0l-4-4a1 1 0 010-1.414z\" clip-rule=\"evenodd\"><\/path><\/svg>\n                <\/button>\n            <\/h2>\n            <div data-accordion-target=\"description\" class=\"animate-fade-in-down\">\n                <div class=\"py-5 border-b border-gray-200 dark:border-gray-70 text-left\">\n                    <p class=\"mb-2 text-gray-500 dark:text-gray-400\">\n                        Exist\u0103 mai multe cauze care pot provoca c\u0103derea p\u0103rului. Una dintre principale este lipsa de vitamine. Cu alte cuvinte, dac\u0103 m\u0103n\u00e2nci prost, probabil c\u0103 organismul t\u0103u duce lips\u0103 de vitamine.                    <\/p>\n                <\/div>\n            <\/div>\n                    <h2>\n                <button data-accordion-target=\"title\" data-accordion-index=\"1\" data-action=\"accordion#update\" type=\"button\" class=\"h-24 sm:h-16 flex justify-between items-center py-5 w-full font-medium text-left text-gray-900 rounded-t-xl border-b border-gray-200 dark:border-gray-700 dark:text-white\">\n                    <span class=\"w-4\/5\" data-accordion-index=\"1\">\n                        Ce trebuie f\u0103cut pentru a opri c\u0103derea p\u0103rului?                    <\/span>\n                    <svg data-accordion-index=\"1\" data-accordion-target=\"icon\" class=\"w-6 h-6 rotate-180 shrink-0\" fill=\"currentColor\" viewbox=\"0 0 20 20\" xmlns=\"http:\/\/www.w3.org\/2000\/svg\"><path fill-rule=\"evenodd\" d=\"M5.293 7.293a1 1 0 011.414 0L10 10.586l3.293-3.293a1 1 0 111.414 1.414l-4 4a1 1 0 01-1.414 0l-4-4a1 1 0 010-1.414z\" clip-rule=\"evenodd\"><\/path><\/svg>\n                <\/button>\n            <\/h2>\n            <div data-accordion-target=\"description\" class=\"animate-fade-in-down\">\n                <div class=\"py-5 border-b border-gray-200 dark:border-gray-70 text-left\">\n                    <p class=\"mb-2 text-gray-500 dark:text-gray-400\">\n                        Am enumerat c\u00e2teva obiceiuri care te pot ajuta s\u0103 reduci c\u0103derea p\u0103rului. Printre acestea se num\u0103r\u0103 o diet\u0103 s\u0103n\u0103toas\u0103 \u0219i echilibrat\u0103, deoarece cre\u0219te cantitatea de vitamine, prevenind c\u0103derea p\u0103rului.                    <\/p>\n                <\/div>\n            <\/div>\n                    <h2>\n                <button data-accordion-target=\"title\" data-accordion-index=\"2\" data-action=\"accordion#update\" type=\"button\" class=\"h-24 sm:h-16 flex justify-between items-center py-5 w-full font-medium text-left text-gray-900 rounded-t-xl border-b border-gray-200 dark:border-gray-700 dark:text-white\">\n                    <span class=\"w-4\/5\" data-accordion-index=\"2\">\n                        Ce tip de vitamin\u0103 poate ajuta la oprirea c\u0103derii p\u0103rului?                    <\/span>\n                    <svg data-accordion-index=\"2\" data-accordion-target=\"icon\" class=\"w-6 h-6 rotate-180 shrink-0\" fill=\"currentColor\" viewbox=\"0 0 20 20\" xmlns=\"http:\/\/www.w3.org\/2000\/svg\"><path fill-rule=\"evenodd\" d=\"M5.293 7.293a1 1 0 011.414 0L10 10.586l3.293-3.293a1 1 0 111.414 1.414l-4 4a1 1 0 01-1.414 0l-4-4a1 1 0 010-1.414z\" clip-rule=\"evenodd\"><\/path><\/svg>\n                <\/button>\n            <\/h2>\n            <div data-accordion-target=\"description\" class=\"animate-fade-in-down\">\n                <div class=\"py-5 border-b border-gray-200 dark:border-gray-70 text-left\">\n                    <p class=\"mb-2 text-gray-500 dark:text-gray-400\">\n                        Mai multe tipuri de vitamine sunt necesare pentru a preveni c\u0103derea p\u0103rului, unele dintre cele mai importante fiind vitaminele B7, C \u0219i E. Ingerarea tuturor acestor vitamine poate fi pu\u021bin dificil\u0103, dar v\u0103 vom ar\u0103ta o solu\u021bie rapid\u0103 \u0219i practic\u0103 pentru a le ingesta cu u\u0219urin\u021b\u0103 \u0219i a v\u0103 face p\u0103rul mult mai s\u0103n\u0103tos.                    <\/p>\n                <\/div>\n            <\/div>\n                    <h2>\n                <button data-accordion-target=\"title\" data-accordion-index=\"3\" data-action=\"accordion#update\" type=\"button\" class=\"h-24 sm:h-16 flex justify-between items-center py-5 w-full font-medium text-left text-gray-900 rounded-t-xl border-b border-gray-200 dark:border-gray-700 dark:text-white\">\n                    <span class=\"w-4\/5\" data-accordion-index=\"3\">\n                        Ce s\u0103 iei pentru a reduce c\u0103derea p\u0103rului?                    <\/span>\n                    <svg data-accordion-index=\"3\" data-accordion-target=\"icon\" class=\"w-6 h-6 rotate-180 shrink-0\" fill=\"currentColor\" viewbox=\"0 0 20 20\" xmlns=\"http:\/\/www.w3.org\/2000\/svg\"><path fill-rule=\"evenodd\" d=\"M5.293 7.293a1 1 0 011.414 0L10 10.586l3.293-3.293a1 1 0 111.414 1.414l-4 4a1 1 0 01-1.414 0l-4-4a1 1 0 010-1.414z\" clip-rule=\"evenodd\"><\/path><\/svg>\n                <\/button>\n            <\/h2>\n            <div data-accordion-target=\"description\" class=\"animate-fade-in-down\">\n                <div class=\"py-5 border-b border-gray-200 dark:border-gray-70 text-left\">\n                    <p class=\"mb-2 text-gray-500 dark:text-gray-400\">\n                        Un medicament recomandat pentru reducerea c\u0103derii p\u0103rului este Luminus Hair Caps. Acesta combin\u0103 mai multe tipuri de vitamine \u00eentr-o singur\u0103 capsul\u0103, astfel \u00eenc\u00e2t p\u0103rul t\u0103u este mult mai hr\u0103nit \u0219i s\u0103n\u0103tos, prevenind c\u0103derea p\u0103rului.                    <\/p>\n                <\/div>\n            <\/div>\n        \t<\/div>\n<\/div><\/div><!--advertisement--><div class=\"mx-5 sm:mx-0 sm:text-3xl text-2xl font-medium title-font mb-4 text-gray-900 text-left\">\n<h2 id=\"h-desvendando-os-misterios-da-queda-de-cabelo-um-guia-completo\">Dezlegarea misterelor c\u0103derii p\u0103rului: Un ghid complet<\/h2>\n<\/div><div class=\"mx-5 sm:mx-0 prose leading-relaxed text-lg mb-5 text-left wp-paragraph\">\n<p>Te-ai trezit vreodat\u0103 holb\u00e2ndu-te pe scurgerea de la du\u0219, \u00eengrijorat de c\u00e2t p\u0103r pierzi? Sau poate ai observat \u00een oglind\u0103 \u00een aceast\u0103 diminea\u021b\u0103 o linie a p\u0103rului care se retrage? <\/p>\n<\/div><div class=\"mx-5 sm:mx-0 prose leading-relaxed text-lg mb-5 text-left wp-paragraph\">\n<p>C\u0103derea p\u0103rului este o problem\u0103 comun\u0103 care afecteaz\u0103 oameni din \u00eentreaga lume, indiferent de v\u00e2rst\u0103, sex sau etnie. Dar ce anume cauzeaz\u0103 c\u0103derea p\u0103rului \u0219i ce po\u021bi face \u00een privin\u021ba asta? Hai s\u0103 explor\u0103m \u00eempreun\u0103 acest mister.<\/p>\n<\/div><div class=\"mx-5 sm:mx-0 prose leading-relaxed text-lg mb-5 text-left wp-paragraph\">\n<p>C\u0103derea p\u0103rului poate fi atribuit\u0103 unei variet\u0103\u021bi de factori, de la genetic\u0103 la stres, diet\u0103 nes\u0103n\u0103toas\u0103, probleme de s\u0103n\u0103tate \u0219i chiar utilizarea anumitor produse pentru p\u0103r. \u00cen\u021belegerea acestor factori este crucial\u0103 pentru dezvoltarea unei strategii eficiente de combatere a c\u0103derii p\u0103rului.<\/p>\n<\/div><!--advertisement--><div class=\"mx-5 sm:mx-0 sm:text-3xl text-2xl font-medium title-font mb-4 text-gray-900 text-left\">\n<h2>Rec\u00e2\u0219tig\u0103-\u021bi \u00eencrederea: sfaturi infailibile pentru a combate c\u0103derea p\u0103rului<\/h2>\n<\/div><div class=\"mx-5 sm:mx-0 prose leading-relaxed text-lg mb-5 text-left wp-paragraph\">\n<p>Deci, ce po\u021bi face pentru a-\u021bi men\u021bine coama luxuriant\u0103 \u0219i s\u0103n\u0103toas\u0103? \u00cen primul r\u00e2nd, este important s\u0103 ai grij\u0103 nu doar de p\u0103rul t\u0103u, ci \u0219i de s\u0103n\u0103tatea ta general\u0103. O diet\u0103 echilibrat\u0103, bogat\u0103 \u00een vitamine \u0219i minerale esen\u021biale, cum ar fi fierul, zincul \u0219i biotina, poate \u00eent\u0103ri foliculii de p\u0103r \u0219i poate reduce c\u0103derea p\u0103rului.<\/p>\n<\/div><div class=\"mx-5 sm:mx-0 prose leading-relaxed text-lg mb-5 text-left wp-paragraph\">\n<p>\u00cen plus, gestionarea stresului joac\u0103 un rol crucial \u00een s\u0103n\u0103tatea p\u0103rului. Practici precum medita\u021bia, yoga \u0219i exerci\u021biile fizice regulate pot ajuta la reducerea nivelului de cortizol, hormonul stresului care poate contribui la c\u0103derea p\u0103rului.<\/p>\n<\/div><div class=\"mx-5 sm:mx-0 prose leading-relaxed text-lg mb-5 text-left wp-paragraph\">\n<p>Dar nu uita\u021bi importan\u021ba \u00eengrijirii p\u0103rului. Alege\u021bi produse bl\u00e2nde, naturale, care nu v\u0103 vor d\u0103una scalpului. Evita\u021bi utilizarea excesiv\u0103 a instrumentelor cu c\u0103ldur\u0103, cum ar fi usc\u0103toarele de p\u0103r \u0219i pl\u0103cile de \u00eendreptat p\u0103rul, care v\u0103 pot deteriora p\u0103rul.<\/p>\n<\/div><div class=\"mx-5 sm:mx-0 prose leading-relaxed text-lg mb-5 text-left wp-paragraph\">\n<p>Pentru cei care se confrunt\u0103 cu c\u0103derea p\u0103rului din cauza unor probleme genetice, exist\u0103 op\u021biuni de tratament disponibile, cum ar fi medicamentele eliberate pe baz\u0103 de re\u021bet\u0103 \u0219i procedurile chirurgicale. <\/p>\n<\/div><div class=\"mx-5 sm:mx-0 prose leading-relaxed text-lg mb-5 text-left wp-paragraph\">\n<p>Nu uita, c\u0103derea p\u0103rului este o problem\u0103 frecvent\u0103 \u0219i adesea tratabil\u0103. Nu l\u0103sa s\u0103-\u021bi afecteze stima de sine sau \u00eencrederea. Cu cuno\u0219tin\u021bele corecte \u0219i \u00eengrijirea adecvat\u0103, po\u021bi \u00eenfrunta aceast\u0103 provocare direct \u0219i po\u021bi restabili s\u0103n\u0103tatea \u0219i vitalitatea p\u0103rului t\u0103u.<\/p>\n<\/div><div class=\"mx-5 sm:mx-0 prose leading-relaxed text-lg mb-5 text-left wp-paragraph\">\n<p>A\u0219adar, nu mai pierde timpul! Preia controlul asupra p\u0103rului t\u0103u \u0219i bucur\u0103-te de un p\u0103r s\u0103n\u0103tos. P\u0103rul t\u0103u \u00ee\u021bi va mul\u021bumi, iar tu te vei sim\u021bi \u00eencrez\u0103toare \u0219i radiant\u0103!<\/p>\n<\/div><div class=\"mx-5 sm:mx-0 prose leading-relaxed text-lg mb-5 text-left wp-paragraph\">\n<p>\u00cen cele din urm\u0103, \u021bi-a pl\u0103cut con\u021binutul nostru? Dac\u0103 da, nu uita s\u0103 cite\u0219ti \u0219i celelalte articole ale noastre! A\u0219adar, vezi mai jos cele mai bune aplica\u021bii pentru a face Zumba acas\u0103.<\/p>\n<\/div><div class=\"wp-block-lazyblock-credit-card lazyblock-credit-card-ZA7SQH\"><section class=\"credit-card mx-5 sm:mx-0 text-gray-600 body-font  my-10 border-gray-200 border-b border-l border-r sm:border-0\">\n  <div class=\"h-1 bg-gray-200 rounded overflow-hidden\">\n    <div class=\"w-24 h-full\"><\/div>\n  <\/div>\n  <div class=\"container px-5 sm:px-0 py-6 mx-auto\" data-anchor-target=\"lazyBlock\">\n    <div class=\"flex flex-wrap mx-auto\">\n      <a class=\"lg:w-2\/5 w-full lg:pl-6 mt-6 lg:mt-0\" href=\"https:\/\/tvemfoco.com\/ro\/aplicativos-zumba-em-casa\/\" data-analytics-label=\"creditCardImage\" data-action=\"analytics#trackCTA\" >\n        <img decoding=\"async\" class=\"w-full h-64 object-cover object-center rounded\" loading=\"lazy\" alt=\"card\" style=\"height: 190px;\" src=\"https:\/\/tvemfoco.com\/wp-content\/uploads\/2023\/07\/Zumba-em-casa-4-1-scaled.jpeg\">\n      <\/a>\n      <div class=\"lg:w-3\/5 w-full lg:pl-6 mt-6 lg:mt-0\">\n        <h2 class=\"text-sm title-font text-gray-500 tracking-widest uppercase\">\n          APLICARE        <\/h2>\n        <h1 class=\"text-gray-900 text-3xl title-font font-medium mb-1\">\n          Aplica\u021bia ZUMBA        <\/h1>\n        <div class=\"flex mb-4 justify-center sm:justify-start\">\n          \n                      <span class=\"inline-block py-1 px-2 rounded text-xs font-medium tracking-widest uppercase mr-2\">\n              APLICARE:            <\/span>\n                      <span class=\"inline-block py-1 px-2 rounded text-xs font-medium tracking-widest uppercase mr-2\">\n              \u2b50\u2b50\u2b50\u2b50\u2b50            <\/span>\n                    \n        <\/div>\n        <p class=\"leading-relaxed\">\n          Aplica\u021biile Zumba pentru acas\u0103 ofer\u0103 confortul exerci\u021biilor fizice \u0219i al dansului.        <\/p>\n        <div class=\"flex mt-6 items-center pb-5 border-b-2 border-gray-100 mb-5\">\n          \n        <\/div>\n        <div class=\"flex\">\n          <a data-km2-rewarded=\"true\" style=\"font-size: 13px;\" class=\"hidden animate-fade-in flex m-auto sm:mr-0 sm:ml-auto\"  href=\"https:\/\/tvemfoco.com\/ro\/aplicativos-zumba-em-casa\/\" data-analytics-label=\"creditCardButton\" data-action=\"analytics#trackCTA\"  >\n            <button class=\"uppercase flex m-auto sm:mr-0 sm:ml-auto border-0 py-2 px-4 focus:outline-none rounded  disabled:opacity-50\">\n              DESCOPER\u0102 APLICA\u021aII            <\/button>\n          <\/a>\n          <a data-km2-rewarded=\"false\" style=\"font-size: 15px;\" class=\"flex m-auto sm:mr-0 sm:ml-auto\"  href=\"https:\/\/tvemfoco.com\/ro\/aplicativos-zumba-em-casa\/\" data-analytics-label=\"creditCardButton\" data-action=\"analytics#trackCTA\"  >\n            <button id=\"offer-first\" class=\"flex m-auto sm:mr-0 sm:ml-auto border-0 py-2 px-6 focus:outline-none rounded  disabled:opacity-50\">\n              DESCOPER\u0102 APLICA\u021aII            <\/button>\n          <\/a>\n        <\/div>\n        <p class=\"text-xs text-gray-500 mt-3 text-center sm:text-right\">\n          Vei r\u0103m\u00e2ne pe acela\u0219i site web        <\/p>\n      <\/div>\n    <\/div>\n  <\/div>\n\n    <script type=\"module\"> function waitFor(conditionFunction) { const poll = resolve => { if(conditionFunction()) resolve(); else setTimeout(_ => poll(resolve), 400); }; return new Promise(poll); } import { Application, Controller } from \"\/wp-content\/themes\/twentytwentyone\/assets\/js\/stimulus.min.js\"; let Stimulus = Application.start(); Stimulus.register(\"anchor\", class extends Controller { static get targets() { return [ \"lazyBlock\", \"lazyBlockAnchor\" ]; } initialize() { this.active = false; this.passed = false; this.closed = false; this.anchorViews = 0; this.boundOnShowAnchor = this.onShowAnchor.bind(this); window.anchorReady = window.anchorReady || false; waitFor(_ => (window.scrollY > this.getHeightBlock() && !this.active)) .then(_ => { !window.anchorReady? this.visible() : ''; window.anchorReady = true; }); if (document.getElementById('landing')) { setTimeout(() => { !window.anchorReady ? this.visible() : ''; window.anchorReady = true; }, 1 * 30000); }; } connect() { this.onShowAnchor(); document.addEventListener(\"scroll\", this.boundOnShowAnchor); } disconnect() { document.removeEventListener(\"scroll\", this.boundOnShowAnchor); } visible() { if (document.getElementById('av-offerwall__wrapper')) { setTimeout(() => this.visible(), 20000); return; } if (document.getElementById('av-fixed__bottomWrapper') && document.getElementById('av-fixed__bottomWrapper').style.display !== 'none' && document.getElementById('av-fixed__bottomWrapper').getBoundingClientRect().height > 100) { setTimeout(() => this.visible(), 1000); return; } if (document.getElementById('av-fixed__bottomWrapper') && document.getElementById('av-fixed__bottomWrapper').style.display !== 'none' && document.getElementById('av-fixed__bottomWrapper').getBoundingClientRect().height > 10) { this.getAnchorElement().style.marginBottom = '60px'; } if (document.querySelector('[data-anchor-shown=\"true\"]') && document.querySelector('[data-anchor-shown=\"true\"]').style.bottom === '0px') { setTimeout(() => this.visible(), 1000); return; } if (!window.km2AnchorReady) { this.active = true; \/*this.getAnchorElement().style.animation = \"none\"; this.getAnchorElement().classList.remove('animate-show-down');*\/ \/*this.getAnchorElement().classList.add('animate-show-up');*\/ \/*setTimeout(() => {*\/ \/*this.getAnchorElement().style.animation = \"\";*\/ this.getAnchorElement().classList.add('animate-show-up'); this.getAnchorElement().classList.remove('hidden'); this.setAnchorViews(this.anchorViews+1); setTimeout(() => this.closeAnchor(), 20000); waitFor(_ => (document.getElementById('av-fixed__bottomWrapper') && document.getElementById('av-fixed__bottomWrapper').style.display !== 'none' && document.getElementById('av-fixed__bottomWrapper').getBoundingClientRect().height > 10 && this.getAnchorElement().style.marginBottom !== '60px')) .then(_ => { this.closeAnchor(); }); this.active = false; \/*}, 10);*\/ } } invisible() { this.active = true; this.getAnchorElement().style.animation = \"none\"; this.getAnchorElement().classList.remove('animate-show-up'); this.getAnchorElement().classList.add('animate-show-down'); setTimeout(() => { this.getAnchorElement().style.animation = \"\"; setTimeout(() => { this.getAnchorElement().classList.add('hidden'); this.active = false; }, 800); }, 10); } onShowAnchor() { let anchorReady = false;  \/*if (!this.active && !anchorReady) { if (this.getAnchorViews() <= 3) { if (window.scrollY > this.getHeightBlock()) { if (!this.passed && !this.closed) { this.visible(); this.passed = true; } } else { if (this.passed) { this.invisible(); this.passed = false; } } } else { if (!this.getAnchorElement().classList.contains('close')) { this.getAnchorElement().classList.add('close'); if (window.scrollY < this.getHeightBlock()) { this.invisible(); } } } }*\/ } closeAnchor() { if (this.closed) return; this.invisible(); this.getAnchorElement().classList.add('close'); this.closed = true; } getAnchorElement() { return this.lazyBlockAnchorTargets[0]; } getAnchorViews() { this.anchorViews = parseInt(sessionStorage.getItem(\"anchorViews\")) >= 1 ? parseInt(sessionStorage.getItem(\"anchorViews\")) : 0; return this.anchorViews; } setAnchorViews(views) { sessionStorage.setItem(\"anchorViews\", views); } getHeightBlock() { return this.lazyBlockTarget.offsetTop + this.lazyBlockTarget.offsetHeight - 110; } }) <\/script>  <div data-anchor-target=\"lazyBlockAnchor\" class=\"fixed w-full sm:w-96 px-3 py-2 bottom-0 left-0 hidden\" style=\"z-index: 999999;\" name=\"lazyBlockAnchor\">\n    <div class=\"grid justify-items-stretch\">        \n              <div class=\"relative justify-self-end top-4 -right-2\">\n          <button data-no-translation class=\"bg-white text-md font-medium text-center rounded-full h-7 w-7 border-2\" data-analytics-label=\"anchorCloseAnchor\" data-action=\"anchor#closeAnchor\" style=\"z-index: 999999;\">\n            X\n          <\/button>\n        <\/div>\n        <div class=\"justify-self-auto flex flex-col h-32 bg-white border-solid border-2 shadow-md rounded-md\">\n          <div class=\"flex my-0 h-full\">\n            <div class=\"w-2\/5 p-1 ml-2 mt-2 w-full\">\n              <a href=\"https:\/\/tvemfoco.com\/ro\/aplicativos-zumba-em-casa\/\"  data-analytics-label=\"anchorImage\" data-action=\"analytics#trackCTA\">          \n                <img decoding=\"async\" loading=\"lazy\" alt=\"card\" class=\"w-full object-cover h-24 object-center rounded justify-self-auto border-2 border-gray-100\" src=\"https:\/\/tvemfoco.com\/wp-content\/uploads\/2023\/07\/Zumba-em-casa-4-1-scaled.jpeg\">          \n              <\/a>\n            <\/div>\n            <div class=\"w-3\/5 my-2\">\n              <p class=\"px-4 text-center text-xs h-1\/2\">\n                Aplica\u021biile Zumba pentru acas\u0103 ofer\u0103 confortul de a\u2026              <\/p>\n              <a href=\"https:\/\/tvemfoco.com\/ro\/aplicativos-zumba-em-casa\/\"  data-analytics-label=\"anchorButton\" data-action=\"analytics#trackCTA\" >\n                <button class=\"flex w-5\/6 m-auto mt-2 border-0 py-1 px-3 focus:outline-none rounded\">                \n                  <p class=\"text-center w-full\" style=\"font-size: 0.67rem;\">\n                    DESCOPER\u0102 APLICA\u021aII                  <\/p>\n                <\/button>\n              <\/a>\n              <p class=\"text-gray-500 text-center mt-1\" style=\"font-size: 0.50rem;\">\n                Vei r\u0103m\u00e2ne pe acela\u0219i site web              <\/p>\n            <\/div>\n          <\/div>\n        <\/div>\n          <\/div>\n  <\/div>\n<\/section><\/div>","protected":false},"excerpt":{"rendered":"<p>S\u0103-\u021bi men\u021bii p\u0103rul f\u0103r\u0103 fire gri a devenit mai u\u0219or ca niciodat\u0103! Ce \u00ee\u021bi dore\u0219ti? Cele mai bune tratamente disponibile pe pia\u021b\u0103. Dezlegarea misterelor c\u0103derii p\u0103rului: Un ghid complet. Te-ai trezit vreodat\u0103 privind \u00een scurgerea de la du\u0219, \u00eengrijorat de c\u00e2t p\u0103r pierzi? Sau poate ai observat ni\u0219te fire de p\u0103r care se retrag... <a class=\"more-link\" href=\"https:\/\/tvemfoco.com\/ro\/recomendador-queda-de-cabelo\/\">Continu\u0103 s\u0103 cite\u0219ti <span class=\"screen-reader-text\">Recomandare TEF \u2013 C\u0103derea p\u0103rului<\/span><\/a><\/p>","protected":false},"author":7,"featured_media":0,"comment_status":"open","ping_status":"open","sticky":false,"template":"","format":"standard","meta":[],"categories":[733,2],"tags":[],"yoast_head":"<!-- This site is optimized with the Yoast SEO Premium plugin v18.7 (Yoast SEO v19.1) - https:\/\/yoast.com\/wordpress\/plugins\/seo\/ -->\n<title>Recomendador TEF - Queda de cabelo - TV em Foco<\/title>\n<meta name=\"description\" content=\"Combata a queda de cabelo e recupere seus fios com solu\u00e7\u00f5es eficazes. Descubra dicas, produtos e tratamentos que fortalecer\u00e3o seu cabelo.\" \/>\n<meta name=\"robots\" content=\"index, follow, max-snippet:-1, max-image-preview:large, max-video-preview:-1\" \/>\n<link rel=\"canonical\" href=\"https:\/\/tvemfoco.com\/ro\/recomendador-queda-de-cabelo\/\" \/>\n<meta property=\"og:locale\" content=\"ro_RO\" \/>\n<meta property=\"og:type\" content=\"article\" \/>\n<meta property=\"og:title\" content=\"Recomendador TEF - Queda de cabelo\" \/>\n<meta property=\"og:description\" content=\"Combata a queda de cabelo e recupere seus fios com solu\u00e7\u00f5es eficazes. Descubra dicas, produtos e tratamentos que fortalecer\u00e3o seu cabelo.\" \/>\n<meta property=\"og:url\" content=\"https:\/\/tvemfoco.com\/ro\/recomendador-queda-de-cabelo\/\" \/>\n<meta property=\"og:site_name\" content=\"TV em Foco\" \/>\n<meta property=\"article:published_time\" content=\"2023-07-21T19:51:41+00:00\" \/>\n<meta property=\"article:modified_time\" content=\"2024-05-20T17:03:16+00:00\" \/>\n<meta name=\"twitter:card\" content=\"summary_large_image\" \/>\n<meta name=\"twitter:label1\" content=\"Written by\" \/>\n\t<meta name=\"twitter:data1\" content=\"Junior de Aguiar\" \/>\n\t<meta name=\"twitter:label2\" content=\"Est. reading time\" \/>\n\t<meta name=\"twitter:data2\" content=\"3 minute\" \/>\n<script type=\"application\/ld+json\" class=\"yoast-schema-graph\">{\"@context\":\"https:\/\/schema.org\",\"@graph\":[{\"@type\":\"WebSite\",\"@id\":\"https:\/\/tvemfoco.com\/#website\",\"url\":\"https:\/\/tvemfoco.com\/\",\"name\":\"TV em Foco\",\"description\":\"A TV em Foco \u00e9 um site online que oferece not\u00edcias atualizadas sobre diversos assuntos\",\"potentialAction\":[{\"@type\":\"SearchAction\",\"target\":{\"@type\":\"EntryPoint\",\"urlTemplate\":\"https:\/\/tvemfoco.com\/?s={search_term_string}\"},\"query-input\":\"required name=search_term_string\"}],\"inLanguage\":\"ro-RO\"},{\"@type\":\"WebPage\",\"@id\":\"https:\/\/tvemfoco.com\/recomendador-queda-de-cabelo\/#webpage\",\"url\":\"https:\/\/tvemfoco.com\/recomendador-queda-de-cabelo\/\",\"name\":\"Recomendador TEF - Queda de cabelo - TV em Foco\",\"isPartOf\":{\"@id\":\"https:\/\/tvemfoco.com\/#website\"},\"datePublished\":\"2023-07-21T19:51:41+00:00\",\"dateModified\":\"2024-05-20T17:03:16+00:00\",\"author\":{\"@id\":\"https:\/\/tvemfoco.com\/#\/schema\/person\/eca0a76f4f3dd84ca3e2e3a19f93440a\"},\"description\":\"Combata a queda de cabelo e recupere seus fios com solu\u00e7\u00f5es eficazes. Descubra dicas, produtos e tratamentos que fortalecer\u00e3o seu cabelo.\",\"breadcrumb\":{\"@id\":\"https:\/\/tvemfoco.com\/recomendador-queda-de-cabelo\/#breadcrumb\"},\"inLanguage\":\"ro-RO\",\"potentialAction\":[{\"@type\":\"ReadAction\",\"target\":[\"https:\/\/tvemfoco.com\/recomendador-queda-de-cabelo\/\"]}]},{\"@type\":\"BreadcrumbList\",\"@id\":\"https:\/\/tvemfoco.com\/recomendador-queda-de-cabelo\/#breadcrumb\",\"itemListElement\":[{\"@type\":\"ListItem\",\"position\":1,\"name\":\"Home\",\"item\":\"https:\/\/tvemfoco.com\/\"},{\"@type\":\"ListItem\",\"position\":2,\"name\":\"Recomendador TEF &#8211; Queda de cabelo\"}]},{\"@type\":\"Person\",\"@id\":\"https:\/\/tvemfoco.com\/#\/schema\/person\/eca0a76f4f3dd84ca3e2e3a19f93440a\",\"name\":\"Junior de Aguiar\",\"image\":{\"@type\":\"ImageObject\",\"inLanguage\":\"ro-RO\",\"@id\":\"https:\/\/tvemfoco.com\/#\/schema\/person\/image\/\",\"url\":\"https:\/\/secure.gravatar.com\/avatar\/cf0b04c3551002c04040ec298a9879f5?s=96&d=mm&r=g\",\"contentUrl\":\"https:\/\/secure.gravatar.com\/avatar\/cf0b04c3551002c04040ec298a9879f5?s=96&d=mm&r=g\",\"caption\":\"Junior de Aguiar\"},\"description\":\"Estudante de Direito fascinado por aprender coisas novas. Descobriu seu interesse na \u00e1rea da produ\u00e7\u00e3o de conte\u00fado e busca ampliar suas experi\u00eancias nesse universo digital. Desde sempre, apaixonado por futebol e todo o mundo dos esportes. Esse sou eu. Prazer, Junior!\",\"url\":\"https:\/\/tvemfoco.com\/ro\/author\/junior-aguiar\/\"}]}<\/script>\n<!-- \/ Yoast SEO Premium plugin. -->","yoast_head_json":{"title":"Recomendador TEF - Queda de cabelo - TV em Foco","description":"Combata a queda de cabelo e recupere seus fios com solu\u00e7\u00f5es eficazes. Descubra dicas, produtos e tratamentos que fortalecer\u00e3o seu cabelo.","robots":{"index":"index","follow":"follow","max-snippet":"max-snippet:-1","max-image-preview":"max-image-preview:large","max-video-preview":"max-video-preview:-1"},"canonical":"https:\/\/tvemfoco.com\/ro\/recomendador-queda-de-cabelo\/","og_locale":"ro_RO","og_type":"article","og_title":"Recomendador TEF - Queda de cabelo","og_description":"Combata a queda de cabelo e recupere seus fios com solu\u00e7\u00f5es eficazes. Descubra dicas, produtos e tratamentos que fortalecer\u00e3o seu cabelo.","og_url":"https:\/\/tvemfoco.com\/ro\/recomendador-queda-de-cabelo\/","og_site_name":"TV em Foco","article_published_time":"2023-07-21T19:51:41+00:00","article_modified_time":"2024-05-20T17:03:16+00:00","twitter_card":"summary_large_image","twitter_misc":{"Written by":"Junior de Aguiar","Est. reading time":"3 minute"},"schema":{"@context":"https:\/\/schema.org","@graph":[{"@type":"WebSite","@id":"https:\/\/tvemfoco.com\/#website","url":"https:\/\/tvemfoco.com\/","name":"TV em Foco","description":"A TV em Foco \u00e9 um site online que oferece not\u00edcias atualizadas sobre diversos assuntos","potentialAction":[{"@type":"SearchAction","target":{"@type":"EntryPoint","urlTemplate":"https:\/\/tvemfoco.com\/?s={search_term_string}"},"query-input":"required name=search_term_string"}],"inLanguage":"ro-RO"},{"@type":"WebPage","@id":"https:\/\/tvemfoco.com\/recomendador-queda-de-cabelo\/#webpage","url":"https:\/\/tvemfoco.com\/recomendador-queda-de-cabelo\/","name":"Recomendador TEF - Queda de cabelo - TV em Foco","isPartOf":{"@id":"https:\/\/tvemfoco.com\/#website"},"datePublished":"2023-07-21T19:51:41+00:00","dateModified":"2024-05-20T17:03:16+00:00","author":{"@id":"https:\/\/tvemfoco.com\/#\/schema\/person\/eca0a76f4f3dd84ca3e2e3a19f93440a"},"description":"Combata a queda de cabelo e recupere seus fios com solu\u00e7\u00f5es eficazes. Descubra dicas, produtos e tratamentos que fortalecer\u00e3o seu cabelo.","breadcrumb":{"@id":"https:\/\/tvemfoco.com\/recomendador-queda-de-cabelo\/#breadcrumb"},"inLanguage":"ro-RO","potentialAction":[{"@type":"ReadAction","target":["https:\/\/tvemfoco.com\/recomendador-queda-de-cabelo\/"]}]},{"@type":"BreadcrumbList","@id":"https:\/\/tvemfoco.com\/recomendador-queda-de-cabelo\/#breadcrumb","itemListElement":[{"@type":"ListItem","position":1,"name":"Home","item":"https:\/\/tvemfoco.com\/"},{"@type":"ListItem","position":2,"name":"Recomendador TEF &#8211; Queda de cabelo"}]},{"@type":"Person","@id":"https:\/\/tvemfoco.com\/#\/schema\/person\/eca0a76f4f3dd84ca3e2e3a19f93440a","name":"Junior de Aguiar","image":{"@type":"ImageObject","inLanguage":"ro-RO","@id":"https:\/\/tvemfoco.com\/#\/schema\/person\/image\/","url":"https:\/\/secure.gravatar.com\/avatar\/cf0b04c3551002c04040ec298a9879f5?s=96&d=mm&r=g","contentUrl":"https:\/\/secure.gravatar.com\/avatar\/cf0b04c3551002c04040ec298a9879f5?s=96&d=mm&r=g","caption":"Junior de Aguiar"},"description":"Estudante de Direito fascinado por aprender coisas novas. Descobriu seu interesse na \u00e1rea da produ\u00e7\u00e3o de conte\u00fado e busca ampliar suas experi\u00eancias nesse universo digital. Desde sempre, apaixonado por futebol e todo o mundo dos esportes. Esse sou eu. Prazer, Junior!","url":"https:\/\/tvemfoco.com\/ro\/author\/junior-aguiar\/"}]}},"_links":{"self":[{"href":"https:\/\/tvemfoco.com\/ro\/wp-json\/wp\/v2\/posts\/11145"}],"collection":[{"href":"https:\/\/tvemfoco.com\/ro\/wp-json\/wp\/v2\/posts"}],"about":[{"href":"https:\/\/tvemfoco.com\/ro\/wp-json\/wp\/v2\/types\/post"}],"author":[{"embeddable":true,"href":"https:\/\/tvemfoco.com\/ro\/wp-json\/wp\/v2\/users\/7"}],"replies":[{"embeddable":true,"href":"https:\/\/tvemfoco.com\/ro\/wp-json\/wp\/v2\/comments?post=11145"}],"version-history":[{"count":0,"href":"https:\/\/tvemfoco.com\/ro\/wp-json\/wp\/v2\/posts\/11145\/revisions"}],"wp:attachment":[{"href":"https:\/\/tvemfoco.com\/ro\/wp-json\/wp\/v2\/media?parent=11145"}],"wp:term":[{"taxonomy":"category","embeddable":true,"href":"https:\/\/tvemfoco.com\/ro\/wp-json\/wp\/v2\/categories?post=11145"},{"taxonomy":"post_tag","embeddable":true,"href":"https:\/\/tvemfoco.com\/ro\/wp-json\/wp\/v2\/tags?post=11145"}],"curies":[{"name":"wp","href":"https:\/\/api.w.org\/{rel}","templated":true}]}}