{"id":11145,"date":"2023-07-21T19:51:41","date_gmt":"2023-07-21T19:51:41","guid":{"rendered":"https:\/\/tvemfoco.com\/?p=11145"},"modified":"2024-05-20T17:03:16","modified_gmt":"2024-05-20T17:03:16","slug":"recomendador-queda-de-cabelo","status":"publish","type":"post","link":"https:\/\/tvemfoco.com\/it\/recomendador-queda-de-cabelo\/","title":{"rendered":"TEF Recommender \u2013 Perdita di capelli"},"content":{"rendered":"<!--awpixel--><!--awpixel--><!--fbpixel--><!--fbpixel--><div class=\"mx-5 sm:mx-0 prose text-left mb-5\">\n<h4 style=\"text-align:center; font-size: 24px;\"> Mantenere i capelli liberi dai capelli grigi \u00e8 diventato pi\u00f9 facile che mai!<\/h4>\n<\/div><div class=\"mx-5 sm:mx-0 prose text-left mb-5\">\n<p style=\"text-align:center; font-size: 16px;\"> Cosa vuoi? <\/p>\n<\/div><div class=\"wp-block-lazyblock-options lazyblock-options-1hIlCB\"><section class=\"hidden sm:block mx-5 sm:mx-0 my-10\">\n                                <a style=\"\" href=\"https:\/\/tvemfoco.com\/it\/cabelos-apos-40-anos\/\" class=\"\" data-analytics-label=\"optionsButton\" data-action=\"analytics#trackCTA\">\n                <div data-options-target=\"option\" class=\"rounded-xl border p-5 shadow-md w-full bg-white my-5\">\n                    <div class=\"flex w-full items-center justify-between\">\n                        <div class=\"flex items-center space-x-3\">\n                            <div class=\"text-lg font-bold text-slate-700\">\n                                Elimina i bianchi \u279d\n                            <\/div>\n                        <\/div>\n                    <\/div>\n                <\/div>\n            <\/a>\n                                        <a style=\"\" href=\"https:\/\/tvemfoco.com\/it\/queda-de-cabelo\/\" class=\"\" data-analytics-label=\"optionsButton\" data-action=\"analytics#trackCTA\">\n                <div data-options-target=\"option\" class=\"rounded-xl border p-5 shadow-md w-full bg-white my-5\">\n                    <div class=\"flex w-full items-center justify-between\">\n                        <div class=\"flex items-center space-x-3\">\n                            <div class=\"text-lg font-bold text-slate-700\">\n                                Fine dell&#039;autunno \u279d\n                            <\/div>\n                        <\/div>\n                    <\/div>\n                <\/div>\n            <\/a>\n                <p class=\"text-xs text-gray-500 text-right hidden\" style=\"margin-left: 50%; margin-bottom: 50px; margin-top: 5px;\">\n        Ricontrollalo su un altro sito web    <\/p>\n<\/section>\n<section data-options-target=\"wrapper\" class=\"sm:hidden mx-5 sm:mx-0 my-10\" style=\"\">\n                                <a data-options-target=\"option\" href=\"https:\/\/tvemfoco.com\/it\/cabelos-apos-40-anos\/\" data-analytics-label=\"optionsButton\" data-action=\"analytics#trackCTA\" class=\"w-full mt-1 text-white  font-medium rounded-lg py-2 my-2 text-center inline-flex items-center text-xs\" style=\"height: 70px; font-size: 16px; line-height: 1.5; \" >\n                <span class=\"pl-3 text-left\">\n                    Eliminare gli albumi                <\/span>\n                <span class=\"border-4 rounded-full text-white mr-3 inline-flex items-center lg:ml-auto md:ml-0 ml-auto leading-none text-sm py-1\">\n                    <svg style=\"width: 25px;\" class=\"w-4 h-4\" viewbox=\"0 0 24 24\" stroke=\"currentColor\" stroke-width=\"2\" fill=\"none\" stroke-linecap=\"round\" stroke-linejoin=\"round\">\n                    <path d=\"M5 12h14\"><\/path>\n                    <path d=\"M12 5l7 7-7 7\"><\/path>\n                    <\/svg>\n                <\/span>\n            <\/a>\n                                        <a data-options-target=\"option\" href=\"https:\/\/tvemfoco.com\/it\/queda-de-cabelo\/\" data-analytics-label=\"optionsButton\" data-action=\"analytics#trackCTA\" class=\"w-full mt-1 text-white  font-medium rounded-lg py-2 my-2 text-center inline-flex items-center text-xs\" style=\"height: 70px; font-size: 16px; line-height: 1.5; \" >\n                <span class=\"pl-3 text-left\">\n                    Fine della caduta                <\/span>\n                <span class=\"border-4 rounded-full text-white mr-3 inline-flex items-center lg:ml-auto md:ml-0 ml-auto leading-none text-sm py-1\">\n                    <svg style=\"width: 25px;\" class=\"w-4 h-4\" viewbox=\"0 0 24 24\" stroke=\"currentColor\" stroke-width=\"2\" fill=\"none\" stroke-linecap=\"round\" stroke-linejoin=\"round\">\n                    <path d=\"M5 12h14\"><\/path>\n                    <path d=\"M12 5l7 7-7 7\"><\/path>\n                    <\/svg>\n                <\/span>\n            <\/a>\n                <p class=\"text-xs text-gray-500 text-center hidden\" style=\"margin-bottom: 50px; margin-top: 5px;\">\n        Ricontrollalo su un altro sito web    <\/p>\n<\/section>\n<\/div><div class=\"mx-5 sm:mx-0 prose text-left mb-5\">\n<h4 style=\"text-align:center; font-size: 24px;\">I migliori trattamenti disponibili sul mercato <\/h4>\n<\/div><!--landing--><div class=\"wp-block-lazyblock-landing-page-variant lazyblock-landing-page-variant-ZfW4e3\"><div id=\"landing\" style=\"\" class=\"mb-40\">\n  <section class=\"text-gray-600 body-font border-gray-200 sm:border-0\">\n    <div style=\"max-width: 850px;\" class=\"sm:pt-6 mx-auto block\">\n      <div class=\"text-center py-3 px-5\">\n        <p data-av-subtitle class=\"leading-relaxed sm:w-3\/4 mx-auto mb-0\">\n           Stai lottando contro la caduta dei capelli e stai cercando qualcosa che funzioni davvero? Sei nel posto giusto!        <\/p>\n      <\/div>\n\n              <section id=\"half\" class=\"text-gray-600 body-font border-gray-200 sm:border-0\">\n          <h4 class=\"pt-3 text-center text-gray-900 text-2xl title-font font-medium px-5 mb-12\">\n            Qui troverete consigli e trattamenti per fermare la caduta dei capelli.          <\/h4>\n                    <p class=\"sm:hidden pb-2 text-center sm:text-left leading-relaxed px-5\">\n              La caduta dei capelli \u00e8 un problema comune che pu\u00f2 essere causato da fattori come genetica, squilibri ormonali, stress e malattie del cuoio capelluto. Il trattamento varia a seconda della causa. Tuttavia, \u00e8 possibile adottare misure preventive, come una dieta sana ed evitare sostanze chimiche aggressive. Puoi anche provare una vitamina che promette di porre fine alla caduta dei capelli una volta per tutte. Clicca su &quot;Scopri di pi\u00f9 sulle cuffie Luminus Hair Caps&quot; per saperne di pi\u00f9.          <\/p>\n          \n          <div class=\"sm:hidden sm:px-0 py-6 mx-auto px-5\">\n            <div class=\"w-full mx-auto flex flex-wrap\">\n                              <a class=\"mx-auto block\" href=\"https:\/\/tvemfoco.com\/it\/queda-de-cabelo\/\" data-analytics-label=\"landingPageImage\" data-action=\"analytics#trackCTA\">\n                  <img decoding=\"async\" loading=\"lazy\" alt=\"card\" style=\"height: 190px;\" class=\"w-full h-64 object-cover object-center rounded border-gray-100 border-2\" src=\"https:\/\/minutovip.com\/wp-content\/uploads\/2023\/07\/Queda-de-cabelo-3-1-scaled.jpeg\">\n                <\/a>\n                                          <div class=\"lg:w-3\/5 w-full lg:pl-6 mt-6 lg:mt-0\">\n                                  <div class=\"flex\">\n                    <a class=\"flex text-white no-underline mt-10 m-auto sm:mr-0 sm:ml-auto\" href=\"https:\/\/tvemfoco.com\/it\/queda-de-cabelo\/\"  data-analytics-label=\"landingPageFirstButton\" data-action=\"analytics#trackCTA\">\n                      <button id=\"landing-first\" class=\"text-white flex m-auto sm:mr-0 sm:ml-auto border-0 py-2 px-8 text-lg focus:outline-none rounded\">\n                        FERMARE LA CADUTA DEI CAPELLI                      <\/button>\n                    <\/a>\n                  <\/div>\n                                      <p class=\"text-xs text-gray-500 mt-3 text-center sm:text-right\">\n                      Rimarrai su questo sito web                    <\/p>\n                                                                <\/div>\n            <\/div>\n          <\/div>\n          <div class=\"mt-10 h-1 bg-gray-200 rounded overflow-hidden sm:hidden mx-5\">\n            <div class=\"w-24 h-full\"><\/div>\n          <\/div>\n          <div class=\"hidden sm:block sm:px-0 py-6 mx-auto px-5\">\n            <div class=\"w-full py-3 mx-auto flex flex-wrap\">\n                              <img decoding=\"async\" loading=\"lazy\" alt=\"card\" style=\"height: 190px;\" class=\"lg:w-2\/5 w-full h-64 object-cover object-center rounded border-gray-100 border-2\" src=\"https:\/\/minutovip.com\/wp-content\/uploads\/2023\/07\/Queda-de-cabelo-3-1-scaled.jpeg\">\n                            \n              <div class=\"lg:w-3\/5 w-full lg:pl-6 mt-6 lg:mt-0\">\n                \n                \n                <p class=\"py-2 text-center sm:text-left leading-relaxed\">\n                  La caduta dei capelli \u00e8 un problema comune che pu\u00f2 essere causato da fattori come genetica, squilibri ormonali, stress e malattie del cuoio capelluto. Il trattamento varia a seconda della causa. Tuttavia, \u00e8 possibile adottare misure preventive, come una dieta sana ed evitare sostanze chimiche aggressive. Puoi anche provare una vitamina che promette di porre fine alla caduta dei capelli una volta per tutte. Clicca su &quot;Scopri di pi\u00f9 sulle cuffie Luminus Hair Caps&quot; per saperne di pi\u00f9.                <\/p>\n                <div class=\"flex mt-6 items-center pb-5 border-b-2 border-gray-100 mb-5\">\n                <\/div>\n                                  <div class=\"flex\">\n                    <a class=\"flex text-white no-underline mt-10 m-auto sm:mr-0 sm:ml-auto\" href=\"https:\/\/tvemfoco.com\/it\/queda-de-cabelo\/\"  data-analytics-label=\"landingPageFirstButton\" data-action=\"analytics#trackCTA\">\n                      <button id=\"landing-first\" class=\"text-white flex m-auto sm:mr-0 sm:ml-auto border-0 py-2 px-8 text-lg focus:outline-none rounded\">\n                        FERMARE LA CADUTA DEI CAPELLI                      <\/button>\n                    <\/a>\n                  <\/div>\n                                      <p class=\"text-xs text-gray-500 mt-3 text-center sm:text-right\">\n                      Rimarrai su questo sito web                    <\/p>\n                                                                <\/div>\n            <\/div>\n          <\/div>\n        <\/section>\n      \n      <p class=\"text-center leading-relaxed sm:w-3\/4 mx-auto my-10 px-5\">\n        Non sei ancora sicuro che il trattamento sia efficace? Scopri i benefici.      <\/p>\n            <div class=\"flex flex-wrap sm:w-full sm:mx-auto sm:mb-2 px-5\">\n        <div class=\"p-2 sm:w-1\/2 w-full\">\n          <div class=\"bg-gray-100 rounded flex p-4 h-full items-center\">\n            <svg fill=\"none\" stroke=\"currentColor\" stroke-linecap=\"round\" stroke-linejoin=\"round\" stroke-width=\"3\" class=\"w-6 h-6 flex-shrink-0 mr-4\" viewbox=\"0 0 24 24\">\n              <path d=\"M22 11.08V12a10 10 0 11-5.93-9.14\"><\/path>\n              <path d=\"M22 4L12 14.01l-3-3\"><\/path>\n            <\/svg>\n            <span class=\"title-font font-medium text-left\">\n              Capelli, unghie e pelle pi\u00f9 sani            <\/span>\n          <\/div>\n        <\/div>\n        <div class=\"p-2 sm:w-1\/2 w-full\">\n          <div class=\"bg-gray-100 rounded flex p-4 h-full items-center\">\n            <svg fill=\"none\" stroke=\"currentColor\" stroke-linecap=\"round\" stroke-linejoin=\"round\" stroke-width=\"3\" class=\"w-6 h-6 flex-shrink-0 mr-4\" viewbox=\"0 0 24 24\">\n              <path d=\"M22 11.08V12a10 10 0 11-5.93-9.14\"><\/path>\n              <path d=\"M22 4L12 14.01l-3-3\"><\/path>\n            <\/svg>\n            <span class=\"title-font font-medium text-left\">\n              Stimolazione della crescita dei capelli            <\/span>\n          <\/div>\n        <\/div>\n        <div class=\"p-2 sm:w-1\/2 w-full\">\n          <div class=\"bg-gray-100 rounded flex p-4 h-full items-center\">\n            <svg fill=\"none\" stroke=\"currentColor\" stroke-linecap=\"round\" stroke-linejoin=\"round\" stroke-width=\"3\" class=\"w-6 h-6 flex-shrink-0 mr-4\" viewbox=\"0 0 24 24\">\n              <path d=\"M22 11.08V12a10 10 0 11-5.93-9.14\"><\/path>\n              <path d=\"M22 4L12 14.01l-3-3\"><\/path>\n            <\/svg>\n            <span class=\"title-font font-medium text-left\">\n              Maggiore fiducia in se stessi            <\/span>\n          <\/div>\n        <\/div>\n        <div class=\"p-2 sm:w-1\/2 w-full\">\n          <div class=\"bg-gray-100 rounded flex p-4 h-full items-center\">\n            <svg fill=\"none\" stroke=\"currentColor\" stroke-linecap=\"round\" stroke-linejoin=\"round\" stroke-width=\"3\" class=\"w-6 h-6 flex-shrink-0 mr-4\" viewbox=\"0 0 24 24\">\n              <path d=\"M22 11.08V12a10 10 0 11-5.93-9.14\"><\/path>\n              <path d=\"M22 4L12 14.01l-3-3\"><\/path>\n            <\/svg>\n            <span class=\"title-font font-medium text-left\">\n              Prevenzione della caduta dei capelli            <\/span>\n          <\/div>\n        <\/div>\n      <\/div>\n      \n              <div class=\"mx-5\" data-anchor-target=\"lazyBlock\">\n          <a class=\"text-white no-underline\"  href=\"https:\/\/tvemfoco.com\/it\/queda-de-cabelo\/\" data-analytics-label=\"landingPageSecondButton\" data-action=\"analytics#trackCTA\">\n            <button id=\"landing-second\" class=\"flex mx-auto mt-16 border-0 py-2 px-8 focus:outline-none rounded text-lg\">\n              FERMARE LA CADUTA DEI CAPELLI            <\/button>\n          <\/a>\n        <\/div>\n                          <p class=\"text-xs text-gray-500 mt-3 text-center\">\n            Rimarrai su questo sito web          <\/p>\n                        <\/div>\n  <\/section>\n\n    <script type=\"module\"> function waitFor(conditionFunction) { const poll = resolve => { if(conditionFunction()) resolve(); else setTimeout(_ => poll(resolve), 400); }; return new Promise(poll); } import { Application, Controller } from \"\/wp-content\/themes\/twentytwentyone\/assets\/js\/stimulus.min.js\"; let Stimulus = Application.start(); Stimulus.register(\"anchor\", class extends Controller { static get targets() { return [ \"lazyBlock\", \"lazyBlockAnchor\" ]; } initialize() { this.active = false; this.passed = false; this.closed = false; this.anchorViews = 0; this.boundOnShowAnchor = this.onShowAnchor.bind(this); window.anchorReady = window.anchorReady || false; waitFor(_ => (window.scrollY > this.getHeightBlock() && !this.active)) .then(_ => { !window.anchorReady? this.visible() : ''; window.anchorReady = true; }); if (document.getElementById('landing')) { setTimeout(() => { !window.anchorReady ? this.visible() : ''; window.anchorReady = true; }, 1 * 30000); }; } connect() { this.onShowAnchor(); document.addEventListener(\"scroll\", this.boundOnShowAnchor); } disconnect() { document.removeEventListener(\"scroll\", this.boundOnShowAnchor); } visible() { if (document.getElementById('av-offerwall__wrapper')) { setTimeout(() => this.visible(), 20000); return; } if (document.getElementById('av-fixed__bottomWrapper') && document.getElementById('av-fixed__bottomWrapper').style.display !== 'none' && document.getElementById('av-fixed__bottomWrapper').getBoundingClientRect().height > 100) { setTimeout(() => this.visible(), 1000); return; } if (document.getElementById('av-fixed__bottomWrapper') && document.getElementById('av-fixed__bottomWrapper').style.display !== 'none' && document.getElementById('av-fixed__bottomWrapper').getBoundingClientRect().height > 10) { this.getAnchorElement().style.marginBottom = '60px'; } if (document.querySelector('[data-anchor-shown=\"true\"]') && document.querySelector('[data-anchor-shown=\"true\"]').style.bottom === '0px') { setTimeout(() => this.visible(), 1000); return; } if (!window.km2AnchorReady) { this.active = true; \/*this.getAnchorElement().style.animation = \"none\"; this.getAnchorElement().classList.remove('animate-show-down');*\/ \/*this.getAnchorElement().classList.add('animate-show-up');*\/ \/*setTimeout(() => {*\/ \/*this.getAnchorElement().style.animation = \"\";*\/ this.getAnchorElement().classList.add('animate-show-up'); this.getAnchorElement().classList.remove('hidden'); this.setAnchorViews(this.anchorViews+1); setTimeout(() => this.closeAnchor(), 20000); waitFor(_ => (document.getElementById('av-fixed__bottomWrapper') && document.getElementById('av-fixed__bottomWrapper').style.display !== 'none' && document.getElementById('av-fixed__bottomWrapper').getBoundingClientRect().height > 10 && this.getAnchorElement().style.marginBottom !== '60px')) .then(_ => { this.closeAnchor(); }); this.active = false; \/*}, 10);*\/ } } invisible() { this.active = true; this.getAnchorElement().style.animation = \"none\"; this.getAnchorElement().classList.remove('animate-show-up'); this.getAnchorElement().classList.add('animate-show-down'); setTimeout(() => { this.getAnchorElement().style.animation = \"\"; setTimeout(() => { this.getAnchorElement().classList.add('hidden'); this.active = false; }, 800); }, 10); } onShowAnchor() { let anchorReady = false;  \/*if (!this.active && !anchorReady) { if (this.getAnchorViews() <= 3) { if (window.scrollY > this.getHeightBlock()) { if (!this.passed && !this.closed) { this.visible(); this.passed = true; } } else { if (this.passed) { this.invisible(); this.passed = false; } } } else { if (!this.getAnchorElement().classList.contains('close')) { this.getAnchorElement().classList.add('close'); if (window.scrollY < this.getHeightBlock()) { this.invisible(); } } } }*\/ } closeAnchor() { if (this.closed) return; this.invisible(); this.getAnchorElement().classList.add('close'); this.closed = true; } getAnchorElement() { return this.lazyBlockAnchorTargets[0]; } getAnchorViews() { this.anchorViews = parseInt(sessionStorage.getItem(\"anchorViews\")) >= 1 ? parseInt(sessionStorage.getItem(\"anchorViews\")) : 0; return this.anchorViews; } setAnchorViews(views) { sessionStorage.setItem(\"anchorViews\", views); } getHeightBlock() { return this.lazyBlockTarget.offsetTop + this.lazyBlockTarget.offsetHeight - 110; } }) <\/script>  <div data-anchor-target=\"lazyBlockAnchor\" class=\"fixed w-full sm:w-96 px-3 py-2 bottom-0 left-0 hidden\" style=\"z-index: 999999;\" name=\"lazyBlockAnchor\">\n    <div class=\"grid justify-items-stretch\">        \n              <div class=\"relative justify-self-end top-4 -right-2\">\n          <button data-no-translation class=\"bg-white text-md font-medium text-center rounded-full h-7 w-7 border-2\" data-analytics-label=\"anchorCloseAnchor\" data-action=\"anchor#closeAnchor\" style=\"z-index: 999999;\">\n            X\n          <\/button>\n        <\/div>\n        <div class=\"w-full justify-self-start flex flex-col h-32 bg-white border-solid border-2 shadow-md rounded-md\">\n          <div class=\"mx-2 h-1\/2\">\n            <p class=\"px-5 text-center pt-3 text-xs\">\n              Qui troverai consigli e trattamenti per fermare la caduta dei capelli            <\/p>\n          <\/div>\n          <div class=\"mx-2 mt-1 bottom-0 h-1\/2\">\n            <a class=\"w-full m-auto\" href=\"https:\/\/tvemfoco.com\/it\/queda-de-cabelo\/\"  data-analytics-label=\"anchorButton\" data-action=\"analytics#trackCTA\" >\n              <button class=\"flex m-auto border-0 py-2 px-6 focus:outline-none rounded text-center text-sm\">\n                Continua a leggere              <\/button>\n            <\/a>\n            <p class=\"text-gray-500 text-center mt-1\" style=\"font-size: 0.50rem;\">\n              Rimarrai su questo sito web  \n            <\/p>\n          <\/div>\n        <\/div>\n          <\/div>\n  <\/div>\n\n  <link rel=\"prefetch\" href=\"https:\/\/tvemfoco.com\/queda-de-cabelo\/\">\n  <link rel=\"prerender\" href=\"https:\/\/tvemfoco.com\/queda-de-cabelo\/\">\n\n  <link rel=\"prefetch\" href=\"https:\/\/tvemfoco.com\/cabelos-apos-40-anos\/\">\n  <link rel=\"prerender\" href=\"https:\/\/tvemfoco.com\/cabelos-apos-40-anos\/\">\n\n  <div style=\"margin-top: 100px;\">\n      <\/div>\n\n<\/div>\n\n<\/div><!--landing--><div class=\"wp-block-lazyblock-accordion lazyblock-accordion-1BPGq6\"><div data-controller=\"accordion\" class=\"mx-5 sm:mx-0 rounded mt-10 mb-20\">\n\t<div>\n                    <h2>\n                <button data-accordion-target=\"title\" data-accordion-index=\"0\" data-action=\"accordion#update\" type=\"button\" class=\"h-24 sm:h-16 flex justify-between items-center py-5 w-full font-medium text-left text-gray-900 rounded-t-xl border-b border-gray-200 dark:border-gray-700 dark:text-white\">\n                    <span class=\"w-4\/5\" data-accordion-index=\"0\">\n                        Se i capelli cadono molto, cosa potrebbe essere?                    <\/span>\n                    <svg data-accordion-index=\"0\" data-accordion-target=\"icon\" class=\"w-6 h-6 rotate-180 shrink-0\" fill=\"currentColor\" viewbox=\"0 0 20 20\" xmlns=\"http:\/\/www.w3.org\/2000\/svg\"><path fill-rule=\"evenodd\" d=\"M5.293 7.293a1 1 0 011.414 0L10 10.586l3.293-3.293a1 1 0 111.414 1.414l-4 4a1 1 0 01-1.414 0l-4-4a1 1 0 010-1.414z\" clip-rule=\"evenodd\"><\/path><\/svg>\n                <\/button>\n            <\/h2>\n            <div data-accordion-target=\"description\" class=\"animate-fade-in-down\">\n                <div class=\"py-5 border-b border-gray-200 dark:border-gray-70 text-left\">\n                    <p class=\"mb-2 text-gray-500 dark:text-gray-400\">\n                        Esistono diverse cause che possono causare la caduta dei capelli. Una delle principali \u00e8 la carenza di vitamine. In altre parole, se mangi male, probabilmente il tuo corpo ha una carenza di vitamine.                    <\/p>\n                <\/div>\n            <\/div>\n                    <h2>\n                <button data-accordion-target=\"title\" data-accordion-index=\"1\" data-action=\"accordion#update\" type=\"button\" class=\"h-24 sm:h-16 flex justify-between items-center py-5 w-full font-medium text-left text-gray-900 rounded-t-xl border-b border-gray-200 dark:border-gray-700 dark:text-white\">\n                    <span class=\"w-4\/5\" data-accordion-index=\"1\">\n                        Cosa fare per fermare la caduta dei capelli?                    <\/span>\n                    <svg data-accordion-index=\"1\" data-accordion-target=\"icon\" class=\"w-6 h-6 rotate-180 shrink-0\" fill=\"currentColor\" viewbox=\"0 0 20 20\" xmlns=\"http:\/\/www.w3.org\/2000\/svg\"><path fill-rule=\"evenodd\" d=\"M5.293 7.293a1 1 0 011.414 0L10 10.586l3.293-3.293a1 1 0 111.414 1.414l-4 4a1 1 0 01-1.414 0l-4-4a1 1 0 010-1.414z\" clip-rule=\"evenodd\"><\/path><\/svg>\n                <\/button>\n            <\/h2>\n            <div data-accordion-target=\"description\" class=\"animate-fade-in-down\">\n                <div class=\"py-5 border-b border-gray-200 dark:border-gray-70 text-left\">\n                    <p class=\"mb-2 text-gray-500 dark:text-gray-400\">\n                        Abbiamo elencato alcune abitudini che possono aiutarti a ridurre la caduta dei capelli. Tra queste, una dieta sana ed equilibrata, poich\u00e9 aumenta la quantit\u00e0 di vitamine, prevenendone la caduta.                    <\/p>\n                <\/div>\n            <\/div>\n                    <h2>\n                <button data-accordion-target=\"title\" data-accordion-index=\"2\" data-action=\"accordion#update\" type=\"button\" class=\"h-24 sm:h-16 flex justify-between items-center py-5 w-full font-medium text-left text-gray-900 rounded-t-xl border-b border-gray-200 dark:border-gray-700 dark:text-white\">\n                    <span class=\"w-4\/5\" data-accordion-index=\"2\">\n                        Quale tipo di vitamina pu\u00f2 aiutare a fermare la caduta dei capelli?                    <\/span>\n                    <svg data-accordion-index=\"2\" data-accordion-target=\"icon\" class=\"w-6 h-6 rotate-180 shrink-0\" fill=\"currentColor\" viewbox=\"0 0 20 20\" xmlns=\"http:\/\/www.w3.org\/2000\/svg\"><path fill-rule=\"evenodd\" d=\"M5.293 7.293a1 1 0 011.414 0L10 10.586l3.293-3.293a1 1 0 111.414 1.414l-4 4a1 1 0 01-1.414 0l-4-4a1 1 0 010-1.414z\" clip-rule=\"evenodd\"><\/path><\/svg>\n                <\/button>\n            <\/h2>\n            <div data-accordion-target=\"description\" class=\"animate-fade-in-down\">\n                <div class=\"py-5 border-b border-gray-200 dark:border-gray-70 text-left\">\n                    <p class=\"mb-2 text-gray-500 dark:text-gray-400\">\n                        Per prevenire la caduta dei capelli sono necessari diversi tipi di vitamine; tra le pi\u00f9 importanti ci sono le vitamine B7, C ed E. Assumere tutte queste vitamine pu\u00f2 essere un po&#039; difficile, ma ti mostreremo una soluzione rapida e pratica per assumerle facilmente e rendere i tuoi capelli molto pi\u00f9 sani.                    <\/p>\n                <\/div>\n            <\/div>\n                    <h2>\n                <button data-accordion-target=\"title\" data-accordion-index=\"3\" data-action=\"accordion#update\" type=\"button\" class=\"h-24 sm:h-16 flex justify-between items-center py-5 w-full font-medium text-left text-gray-900 rounded-t-xl border-b border-gray-200 dark:border-gray-700 dark:text-white\">\n                    <span class=\"w-4\/5\" data-accordion-index=\"3\">\n                        Cosa prendere per ridurre la caduta dei capelli?                    <\/span>\n                    <svg data-accordion-index=\"3\" data-accordion-target=\"icon\" class=\"w-6 h-6 rotate-180 shrink-0\" fill=\"currentColor\" viewbox=\"0 0 20 20\" xmlns=\"http:\/\/www.w3.org\/2000\/svg\"><path fill-rule=\"evenodd\" d=\"M5.293 7.293a1 1 0 011.414 0L10 10.586l3.293-3.293a1 1 0 111.414 1.414l-4 4a1 1 0 01-1.414 0l-4-4a1 1 0 010-1.414z\" clip-rule=\"evenodd\"><\/path><\/svg>\n                <\/button>\n            <\/h2>\n            <div data-accordion-target=\"description\" class=\"animate-fade-in-down\">\n                <div class=\"py-5 border-b border-gray-200 dark:border-gray-70 text-left\">\n                    <p class=\"mb-2 text-gray-500 dark:text-gray-400\">\n                        Un farmaco consigliato per ridurre la caduta dei capelli \u00e8 Luminus Hair Caps. Combina diversi tipi di vitamine in un&#039;unica capsula, rendendo i capelli molto pi\u00f9 nutriti e sani, prevenendone la caduta.                    <\/p>\n                <\/div>\n            <\/div>\n        \t<\/div>\n<\/div><\/div><!--advertisement--><div class=\"mx-5 sm:mx-0 sm:text-3xl text-2xl font-medium title-font mb-4 text-gray-900 text-left\">\n<h2 id=\"h-desvendando-os-misterios-da-queda-de-cabelo-um-guia-completo\">Svelare i misteri della caduta dei capelli: una guida completa<\/h2>\n<\/div><div class=\"mx-5 sm:mx-0 prose leading-relaxed text-lg mb-5 text-left wp-paragraph\">\n<p>Ti \u00e8 mai capitato di fissare lo scarico della doccia, preoccupata per quanti capelli stessi perdendo? O magari stamattina hai notato un&#039;attaccatura dei capelli che si ritira allo specchio? <\/p>\n<\/div><div class=\"mx-5 sm:mx-0 prose leading-relaxed text-lg mb-5 text-left wp-paragraph\">\n<p>La caduta dei capelli \u00e8 un problema comune che colpisce persone in tutto il mondo, indipendentemente da et\u00e0, sesso o etnia. Ma cosa causa realmente la caduta dei capelli e cosa si pu\u00f2 fare per contrastarla? Esploriamo insieme questo mistero.<\/p>\n<\/div><div class=\"mx-5 sm:mx-0 prose leading-relaxed text-lg mb-5 text-left wp-paragraph\">\n<p>La caduta dei capelli pu\u00f2 essere attribuita a una variet\u00e0 di fattori, dalla genetica allo stress, alla cattiva alimentazione, a problemi di salute e persino all&#039;uso di determinati prodotti per capelli. Comprendere questi fattori \u00e8 fondamentale per sviluppare una strategia efficace per combattere la caduta dei capelli.<\/p>\n<\/div><!--advertisement--><div class=\"mx-5 sm:mx-0 sm:text-3xl text-2xl font-medium title-font mb-4 text-gray-900 text-left\">\n<h2>Ritrova la tua fiducia in te stesso: consigli infallibili per combattere la caduta dei capelli<\/h2>\n<\/div><div class=\"mx-5 sm:mx-0 prose leading-relaxed text-lg mb-5 text-left wp-paragraph\">\n<p>Quindi, cosa puoi fare per mantenere la tua chioma folta e sana? Innanzitutto, \u00e8 importante prendersi cura non solo dei capelli, ma anche della salute generale. Una dieta equilibrata e ricca di vitamine e minerali essenziali, come ferro, zinco e biotina, pu\u00f2 rafforzare i follicoli piliferi e ridurre la caduta dei capelli.<\/p>\n<\/div><div class=\"mx-5 sm:mx-0 prose leading-relaxed text-lg mb-5 text-left wp-paragraph\">\n<p>Inoltre, la gestione dello stress gioca un ruolo cruciale per la salute dei capelli. Pratiche come la meditazione, lo yoga e l&#039;esercizio fisico regolare possono aiutare a ridurre i livelli di cortisolo, l&#039;ormone dello stress che pu\u00f2 contribuire alla caduta dei capelli.<\/p>\n<\/div><div class=\"mx-5 sm:mx-0 prose leading-relaxed text-lg mb-5 text-left wp-paragraph\">\n<p>Ma non dimenticare l&#039;importanza della cura dei capelli. Scegli prodotti delicati e naturali che non danneggino il cuoio capelluto. Evita l&#039;uso eccessivo di strumenti termici, come asciugacapelli e piastre, che possono danneggiare i capelli.<\/p>\n<\/div><div class=\"mx-5 sm:mx-0 prose leading-relaxed text-lg mb-5 text-left wp-paragraph\">\n<p>Per coloro che soffrono di perdita di capelli dovuta a problemi genetici, sono disponibili opzioni di trattamento, come farmaci da prescrizione e interventi chirurgici. <\/p>\n<\/div><div class=\"mx-5 sm:mx-0 prose leading-relaxed text-lg mb-5 text-left wp-paragraph\">\n<p>Ricorda, la caduta dei capelli \u00e8 un problema comune e spesso curabile. Non lasciare che influisca sulla tua autostima o sulla tua sicurezza. Con la giusta conoscenza e la cura adeguata, puoi affrontare questa sfida a testa alta e ripristinare la salute e la vitalit\u00e0 dei tuoi capelli.<\/p>\n<\/div><div class=\"mx-5 sm:mx-0 prose leading-relaxed text-lg mb-5 text-left wp-paragraph\">\n<p>Quindi, non perdere altro tempo! Riprendi il controllo dei tuoi capelli e goditi una chioma sana. I tuoi capelli ti ringrazieranno e ti sentirai sicura e radiosa!<\/p>\n<\/div><div class=\"mx-5 sm:mx-0 prose leading-relaxed text-lg mb-5 text-left wp-paragraph\">\n<p>Infine, ti sono piaciuti i nostri contenuti? In tal caso, dai un&#039;occhiata anche agli altri nostri articoli! Quindi, scopri le migliori app per fare Zumba a casa qui sotto.<\/p>\n<\/div><div class=\"wp-block-lazyblock-credit-card lazyblock-credit-card-ZA7SQH\"><section class=\"credit-card mx-5 sm:mx-0 text-gray-600 body-font  my-10 border-gray-200 border-b border-l border-r sm:border-0\">\n  <div class=\"h-1 bg-gray-200 rounded overflow-hidden\">\n    <div class=\"w-24 h-full\"><\/div>\n  <\/div>\n  <div class=\"container px-5 sm:px-0 py-6 mx-auto\" data-anchor-target=\"lazyBlock\">\n    <div class=\"flex flex-wrap mx-auto\">\n      <a class=\"lg:w-2\/5 w-full lg:pl-6 mt-6 lg:mt-0\" href=\"https:\/\/tvemfoco.com\/it\/aplicativos-zumba-em-casa\/\" data-analytics-label=\"creditCardImage\" data-action=\"analytics#trackCTA\" >\n        <img decoding=\"async\" class=\"w-full h-64 object-cover object-center rounded\" loading=\"lazy\" alt=\"card\" style=\"height: 190px;\" src=\"https:\/\/tvemfoco.com\/wp-content\/uploads\/2023\/07\/Zumba-em-casa-4-1-scaled.jpeg\">\n      <\/a>\n      <div class=\"lg:w-3\/5 w-full lg:pl-6 mt-6 lg:mt-0\">\n        <h2 class=\"text-sm title-font text-gray-500 tracking-widest uppercase\">\n          APPLICAZIONE        <\/h2>\n        <h1 class=\"text-gray-900 text-3xl title-font font-medium mb-1\">\n          APPLICAZIONE ZUMBA        <\/h1>\n        <div class=\"flex mb-4 justify-center sm:justify-start\">\n          \n                      <span class=\"inline-block py-1 px-2 rounded text-xs font-medium tracking-widest uppercase mr-2\">\n              APPLICAZIONE:            <\/span>\n                      <span class=\"inline-block py-1 px-2 rounded text-xs font-medium tracking-widest uppercase mr-2\">\n              \u2b50\u2b50\u2b50\u2b50\u2b50            <\/span>\n                    \n        <\/div>\n        <p class=\"leading-relaxed\">\n          Le app Zumba a casa offrono la comodit\u00e0 di allenarsi e ballare.        <\/p>\n        <div class=\"flex mt-6 items-center pb-5 border-b-2 border-gray-100 mb-5\">\n          \n        <\/div>\n        <div class=\"flex\">\n          <a data-km2-rewarded=\"true\" style=\"font-size: 13px;\" class=\"hidden animate-fade-in flex m-auto sm:mr-0 sm:ml-auto\"  href=\"https:\/\/tvemfoco.com\/it\/aplicativos-zumba-em-casa\/\" data-analytics-label=\"creditCardButton\" data-action=\"analytics#trackCTA\"  >\n            <button class=\"uppercase flex m-auto sm:mr-0 sm:ml-auto border-0 py-2 px-4 focus:outline-none rounded  disabled:opacity-50\">\n              CONOSCERE LE APPLICAZIONI            <\/button>\n          <\/a>\n          <a data-km2-rewarded=\"false\" style=\"font-size: 15px;\" class=\"flex m-auto sm:mr-0 sm:ml-auto\"  href=\"https:\/\/tvemfoco.com\/it\/aplicativos-zumba-em-casa\/\" data-analytics-label=\"creditCardButton\" data-action=\"analytics#trackCTA\"  >\n            <button id=\"offer-first\" class=\"flex m-auto sm:mr-0 sm:ml-auto border-0 py-2 px-6 focus:outline-none rounded  disabled:opacity-50\">\n              CONOSCERE LE APPLICAZIONI            <\/button>\n          <\/a>\n        <\/div>\n        <p class=\"text-xs text-gray-500 mt-3 text-center sm:text-right\">\n          Rimarrai su questo sito web        <\/p>\n      <\/div>\n    <\/div>\n  <\/div>\n\n    <script type=\"module\"> function waitFor(conditionFunction) { const poll = resolve => { if(conditionFunction()) resolve(); else setTimeout(_ => poll(resolve), 400); }; return new Promise(poll); } import { Application, Controller } from \"\/wp-content\/themes\/twentytwentyone\/assets\/js\/stimulus.min.js\"; let Stimulus = Application.start(); Stimulus.register(\"anchor\", class extends Controller { static get targets() { return [ \"lazyBlock\", \"lazyBlockAnchor\" ]; } initialize() { this.active = false; this.passed = false; this.closed = false; this.anchorViews = 0; this.boundOnShowAnchor = this.onShowAnchor.bind(this); window.anchorReady = window.anchorReady || false; waitFor(_ => (window.scrollY > this.getHeightBlock() && !this.active)) .then(_ => { !window.anchorReady? this.visible() : ''; window.anchorReady = true; }); if (document.getElementById('landing')) { setTimeout(() => { !window.anchorReady ? this.visible() : ''; window.anchorReady = true; }, 1 * 30000); }; } connect() { this.onShowAnchor(); document.addEventListener(\"scroll\", this.boundOnShowAnchor); } disconnect() { document.removeEventListener(\"scroll\", this.boundOnShowAnchor); } visible() { if (document.getElementById('av-offerwall__wrapper')) { setTimeout(() => this.visible(), 20000); return; } if (document.getElementById('av-fixed__bottomWrapper') && document.getElementById('av-fixed__bottomWrapper').style.display !== 'none' && document.getElementById('av-fixed__bottomWrapper').getBoundingClientRect().height > 100) { setTimeout(() => this.visible(), 1000); return; } if (document.getElementById('av-fixed__bottomWrapper') && document.getElementById('av-fixed__bottomWrapper').style.display !== 'none' && document.getElementById('av-fixed__bottomWrapper').getBoundingClientRect().height > 10) { this.getAnchorElement().style.marginBottom = '60px'; } if (document.querySelector('[data-anchor-shown=\"true\"]') && document.querySelector('[data-anchor-shown=\"true\"]').style.bottom === '0px') { setTimeout(() => this.visible(), 1000); return; } if (!window.km2AnchorReady) { this.active = true; \/*this.getAnchorElement().style.animation = \"none\"; this.getAnchorElement().classList.remove('animate-show-down');*\/ \/*this.getAnchorElement().classList.add('animate-show-up');*\/ \/*setTimeout(() => {*\/ \/*this.getAnchorElement().style.animation = \"\";*\/ this.getAnchorElement().classList.add('animate-show-up'); this.getAnchorElement().classList.remove('hidden'); this.setAnchorViews(this.anchorViews+1); setTimeout(() => this.closeAnchor(), 20000); waitFor(_ => (document.getElementById('av-fixed__bottomWrapper') && document.getElementById('av-fixed__bottomWrapper').style.display !== 'none' && document.getElementById('av-fixed__bottomWrapper').getBoundingClientRect().height > 10 && this.getAnchorElement().style.marginBottom !== '60px')) .then(_ => { this.closeAnchor(); }); this.active = false; \/*}, 10);*\/ } } invisible() { this.active = true; this.getAnchorElement().style.animation = \"none\"; this.getAnchorElement().classList.remove('animate-show-up'); this.getAnchorElement().classList.add('animate-show-down'); setTimeout(() => { this.getAnchorElement().style.animation = \"\"; setTimeout(() => { this.getAnchorElement().classList.add('hidden'); this.active = false; }, 800); }, 10); } onShowAnchor() { let anchorReady = false;  \/*if (!this.active && !anchorReady) { if (this.getAnchorViews() <= 3) { if (window.scrollY > this.getHeightBlock()) { if (!this.passed && !this.closed) { this.visible(); this.passed = true; } } else { if (this.passed) { this.invisible(); this.passed = false; } } } else { if (!this.getAnchorElement().classList.contains('close')) { this.getAnchorElement().classList.add('close'); if (window.scrollY < this.getHeightBlock()) { this.invisible(); } } } }*\/ } closeAnchor() { if (this.closed) return; this.invisible(); this.getAnchorElement().classList.add('close'); this.closed = true; } getAnchorElement() { return this.lazyBlockAnchorTargets[0]; } getAnchorViews() { this.anchorViews = parseInt(sessionStorage.getItem(\"anchorViews\")) >= 1 ? parseInt(sessionStorage.getItem(\"anchorViews\")) : 0; return this.anchorViews; } setAnchorViews(views) { sessionStorage.setItem(\"anchorViews\", views); } getHeightBlock() { return this.lazyBlockTarget.offsetTop + this.lazyBlockTarget.offsetHeight - 110; } }) <\/script>  <div data-anchor-target=\"lazyBlockAnchor\" class=\"fixed w-full sm:w-96 px-3 py-2 bottom-0 left-0 hidden\" style=\"z-index: 999999;\" name=\"lazyBlockAnchor\">\n    <div class=\"grid justify-items-stretch\">        \n              <div class=\"relative justify-self-end top-4 -right-2\">\n          <button data-no-translation class=\"bg-white text-md font-medium text-center rounded-full h-7 w-7 border-2\" data-analytics-label=\"anchorCloseAnchor\" data-action=\"anchor#closeAnchor\" style=\"z-index: 999999;\">\n            X\n          <\/button>\n        <\/div>\n        <div class=\"justify-self-auto flex flex-col h-32 bg-white border-solid border-2 shadow-md rounded-md\">\n          <div class=\"flex my-0 h-full\">\n            <div class=\"w-2\/5 p-1 ml-2 mt-2 w-full\">\n              <a href=\"https:\/\/tvemfoco.com\/it\/aplicativos-zumba-em-casa\/\"  data-analytics-label=\"anchorImage\" data-action=\"analytics#trackCTA\">          \n                <img decoding=\"async\" loading=\"lazy\" alt=\"card\" class=\"w-full object-cover h-24 object-center rounded justify-self-auto border-2 border-gray-100\" src=\"https:\/\/tvemfoco.com\/wp-content\/uploads\/2023\/07\/Zumba-em-casa-4-1-scaled.jpeg\">          \n              <\/a>\n            <\/div>\n            <div class=\"w-3\/5 my-2\">\n              <p class=\"px-4 text-center text-xs h-1\/2\">\n                Le app di Zumba a casa offrono la comodit\u00e0 di...              <\/p>\n              <a href=\"https:\/\/tvemfoco.com\/it\/aplicativos-zumba-em-casa\/\"  data-analytics-label=\"anchorButton\" data-action=\"analytics#trackCTA\" >\n                <button class=\"flex w-5\/6 m-auto mt-2 border-0 py-1 px-3 focus:outline-none rounded\">                \n                  <p class=\"text-center w-full\" style=\"font-size: 0.67rem;\">\n                    CONOSCERE LE APPLICAZIONI                  <\/p>\n                <\/button>\n              <\/a>\n              <p class=\"text-gray-500 text-center mt-1\" style=\"font-size: 0.50rem;\">\n                Rimarrai su questo sito web              <\/p>\n            <\/div>\n          <\/div>\n        <\/div>\n          <\/div>\n  <\/div>\n<\/section><\/div>","protected":false},"excerpt":{"rendered":"<p>Mantenere i capelli bianchi \u00e8 diventato pi\u00f9 facile che mai! Cosa desideri? I migliori trattamenti disponibili sul mercato. Svelare i misteri della caduta dei capelli: una guida completa. Ti \u00e8 mai capitato di fissare lo scarico della doccia, preoccupata per quanti capelli stessi perdendo? O forse hai notato una stempiatura... <a class=\"more-link\" href=\"https:\/\/tvemfoco.com\/it\/recomendador-queda-de-cabelo\/\">Continua a leggere <span class=\"screen-reader-text\">TEF Recommender \u2013 Perdita di capelli<\/span><\/a><\/p>","protected":false},"author":7,"featured_media":0,"comment_status":"open","ping_status":"open","sticky":false,"template":"","format":"standard","meta":[],"categories":[733,2],"tags":[],"yoast_head":"<!-- This site is optimized with the Yoast SEO Premium plugin v18.7 (Yoast SEO v19.1) - https:\/\/yoast.com\/wordpress\/plugins\/seo\/ -->\n<title>Recomendador TEF - Queda de cabelo - TV em Foco<\/title>\n<meta name=\"description\" content=\"Combata a queda de cabelo e recupere seus fios com solu\u00e7\u00f5es eficazes. Descubra dicas, produtos e tratamentos que fortalecer\u00e3o seu cabelo.\" \/>\n<meta name=\"robots\" content=\"index, follow, max-snippet:-1, max-image-preview:large, max-video-preview:-1\" \/>\n<link rel=\"canonical\" href=\"https:\/\/tvemfoco.com\/it\/recomendador-queda-de-cabelo\/\" \/>\n<meta property=\"og:locale\" content=\"it_IT\" \/>\n<meta property=\"og:type\" content=\"article\" \/>\n<meta property=\"og:title\" content=\"Recomendador TEF - Queda de cabelo\" \/>\n<meta property=\"og:description\" content=\"Combata a queda de cabelo e recupere seus fios com solu\u00e7\u00f5es eficazes. Descubra dicas, produtos e tratamentos que fortalecer\u00e3o seu cabelo.\" \/>\n<meta property=\"og:url\" content=\"https:\/\/tvemfoco.com\/it\/recomendador-queda-de-cabelo\/\" \/>\n<meta property=\"og:site_name\" content=\"TV em Foco\" \/>\n<meta property=\"article:published_time\" content=\"2023-07-21T19:51:41+00:00\" \/>\n<meta property=\"article:modified_time\" content=\"2024-05-20T17:03:16+00:00\" \/>\n<meta name=\"twitter:card\" content=\"summary_large_image\" \/>\n<meta name=\"twitter:label1\" content=\"Written by\" \/>\n\t<meta name=\"twitter:data1\" content=\"Junior de Aguiar\" \/>\n\t<meta name=\"twitter:label2\" content=\"Est. reading time\" \/>\n\t<meta name=\"twitter:data2\" content=\"3 minuti\" \/>\n<script type=\"application\/ld+json\" class=\"yoast-schema-graph\">{\"@context\":\"https:\/\/schema.org\",\"@graph\":[{\"@type\":\"WebSite\",\"@id\":\"https:\/\/tvemfoco.com\/#website\",\"url\":\"https:\/\/tvemfoco.com\/\",\"name\":\"TV em Foco\",\"description\":\"A TV em Foco \u00e9 um site online que oferece not\u00edcias atualizadas sobre diversos assuntos\",\"potentialAction\":[{\"@type\":\"SearchAction\",\"target\":{\"@type\":\"EntryPoint\",\"urlTemplate\":\"https:\/\/tvemfoco.com\/?s={search_term_string}\"},\"query-input\":\"required name=search_term_string\"}],\"inLanguage\":\"it-IT\"},{\"@type\":\"WebPage\",\"@id\":\"https:\/\/tvemfoco.com\/recomendador-queda-de-cabelo\/#webpage\",\"url\":\"https:\/\/tvemfoco.com\/recomendador-queda-de-cabelo\/\",\"name\":\"Recomendador TEF - Queda de cabelo - TV em Foco\",\"isPartOf\":{\"@id\":\"https:\/\/tvemfoco.com\/#website\"},\"datePublished\":\"2023-07-21T19:51:41+00:00\",\"dateModified\":\"2024-05-20T17:03:16+00:00\",\"author\":{\"@id\":\"https:\/\/tvemfoco.com\/#\/schema\/person\/eca0a76f4f3dd84ca3e2e3a19f93440a\"},\"description\":\"Combata a queda de cabelo e recupere seus fios com solu\u00e7\u00f5es eficazes. Descubra dicas, produtos e tratamentos que fortalecer\u00e3o seu cabelo.\",\"breadcrumb\":{\"@id\":\"https:\/\/tvemfoco.com\/recomendador-queda-de-cabelo\/#breadcrumb\"},\"inLanguage\":\"it-IT\",\"potentialAction\":[{\"@type\":\"ReadAction\",\"target\":[\"https:\/\/tvemfoco.com\/recomendador-queda-de-cabelo\/\"]}]},{\"@type\":\"BreadcrumbList\",\"@id\":\"https:\/\/tvemfoco.com\/recomendador-queda-de-cabelo\/#breadcrumb\",\"itemListElement\":[{\"@type\":\"ListItem\",\"position\":1,\"name\":\"Home\",\"item\":\"https:\/\/tvemfoco.com\/\"},{\"@type\":\"ListItem\",\"position\":2,\"name\":\"Recomendador TEF &#8211; Queda de cabelo\"}]},{\"@type\":\"Person\",\"@id\":\"https:\/\/tvemfoco.com\/#\/schema\/person\/eca0a76f4f3dd84ca3e2e3a19f93440a\",\"name\":\"Junior de Aguiar\",\"image\":{\"@type\":\"ImageObject\",\"inLanguage\":\"it-IT\",\"@id\":\"https:\/\/tvemfoco.com\/#\/schema\/person\/image\/\",\"url\":\"https:\/\/secure.gravatar.com\/avatar\/cf0b04c3551002c04040ec298a9879f5?s=96&d=mm&r=g\",\"contentUrl\":\"https:\/\/secure.gravatar.com\/avatar\/cf0b04c3551002c04040ec298a9879f5?s=96&d=mm&r=g\",\"caption\":\"Junior de Aguiar\"},\"description\":\"Estudante de Direito fascinado por aprender coisas novas. Descobriu seu interesse na \u00e1rea da produ\u00e7\u00e3o de conte\u00fado e busca ampliar suas experi\u00eancias nesse universo digital. Desde sempre, apaixonado por futebol e todo o mundo dos esportes. Esse sou eu. Prazer, Junior!\",\"url\":\"https:\/\/tvemfoco.com\/it\/author\/junior-aguiar\/\"}]}<\/script>\n<!-- \/ Yoast SEO Premium plugin. -->","yoast_head_json":{"title":"Recomendador TEF - Queda de cabelo - TV em Foco","description":"Combata a queda de cabelo e recupere seus fios com solu\u00e7\u00f5es eficazes. Descubra dicas, produtos e tratamentos que fortalecer\u00e3o seu cabelo.","robots":{"index":"index","follow":"follow","max-snippet":"max-snippet:-1","max-image-preview":"max-image-preview:large","max-video-preview":"max-video-preview:-1"},"canonical":"https:\/\/tvemfoco.com\/it\/recomendador-queda-de-cabelo\/","og_locale":"it_IT","og_type":"article","og_title":"Recomendador TEF - Queda de cabelo","og_description":"Combata a queda de cabelo e recupere seus fios com solu\u00e7\u00f5es eficazes. Descubra dicas, produtos e tratamentos que fortalecer\u00e3o seu cabelo.","og_url":"https:\/\/tvemfoco.com\/it\/recomendador-queda-de-cabelo\/","og_site_name":"TV em Foco","article_published_time":"2023-07-21T19:51:41+00:00","article_modified_time":"2024-05-20T17:03:16+00:00","twitter_card":"summary_large_image","twitter_misc":{"Written by":"Junior de Aguiar","Est. reading time":"3 minuti"},"schema":{"@context":"https:\/\/schema.org","@graph":[{"@type":"WebSite","@id":"https:\/\/tvemfoco.com\/#website","url":"https:\/\/tvemfoco.com\/","name":"TV em Foco","description":"A TV em Foco \u00e9 um site online que oferece not\u00edcias atualizadas sobre diversos assuntos","potentialAction":[{"@type":"SearchAction","target":{"@type":"EntryPoint","urlTemplate":"https:\/\/tvemfoco.com\/?s={search_term_string}"},"query-input":"required name=search_term_string"}],"inLanguage":"it-IT"},{"@type":"WebPage","@id":"https:\/\/tvemfoco.com\/recomendador-queda-de-cabelo\/#webpage","url":"https:\/\/tvemfoco.com\/recomendador-queda-de-cabelo\/","name":"Recomendador TEF - Queda de cabelo - TV em Foco","isPartOf":{"@id":"https:\/\/tvemfoco.com\/#website"},"datePublished":"2023-07-21T19:51:41+00:00","dateModified":"2024-05-20T17:03:16+00:00","author":{"@id":"https:\/\/tvemfoco.com\/#\/schema\/person\/eca0a76f4f3dd84ca3e2e3a19f93440a"},"description":"Combata a queda de cabelo e recupere seus fios com solu\u00e7\u00f5es eficazes. Descubra dicas, produtos e tratamentos que fortalecer\u00e3o seu cabelo.","breadcrumb":{"@id":"https:\/\/tvemfoco.com\/recomendador-queda-de-cabelo\/#breadcrumb"},"inLanguage":"it-IT","potentialAction":[{"@type":"ReadAction","target":["https:\/\/tvemfoco.com\/recomendador-queda-de-cabelo\/"]}]},{"@type":"BreadcrumbList","@id":"https:\/\/tvemfoco.com\/recomendador-queda-de-cabelo\/#breadcrumb","itemListElement":[{"@type":"ListItem","position":1,"name":"Home","item":"https:\/\/tvemfoco.com\/"},{"@type":"ListItem","position":2,"name":"Recomendador TEF &#8211; Queda de cabelo"}]},{"@type":"Person","@id":"https:\/\/tvemfoco.com\/#\/schema\/person\/eca0a76f4f3dd84ca3e2e3a19f93440a","name":"Junior de Aguiar","image":{"@type":"ImageObject","inLanguage":"it-IT","@id":"https:\/\/tvemfoco.com\/#\/schema\/person\/image\/","url":"https:\/\/secure.gravatar.com\/avatar\/cf0b04c3551002c04040ec298a9879f5?s=96&d=mm&r=g","contentUrl":"https:\/\/secure.gravatar.com\/avatar\/cf0b04c3551002c04040ec298a9879f5?s=96&d=mm&r=g","caption":"Junior de Aguiar"},"description":"Estudante de Direito fascinado por aprender coisas novas. Descobriu seu interesse na \u00e1rea da produ\u00e7\u00e3o de conte\u00fado e busca ampliar suas experi\u00eancias nesse universo digital. Desde sempre, apaixonado por futebol e todo o mundo dos esportes. Esse sou eu. Prazer, Junior!","url":"https:\/\/tvemfoco.com\/it\/author\/junior-aguiar\/"}]}},"_links":{"self":[{"href":"https:\/\/tvemfoco.com\/it\/wp-json\/wp\/v2\/posts\/11145"}],"collection":[{"href":"https:\/\/tvemfoco.com\/it\/wp-json\/wp\/v2\/posts"}],"about":[{"href":"https:\/\/tvemfoco.com\/it\/wp-json\/wp\/v2\/types\/post"}],"author":[{"embeddable":true,"href":"https:\/\/tvemfoco.com\/it\/wp-json\/wp\/v2\/users\/7"}],"replies":[{"embeddable":true,"href":"https:\/\/tvemfoco.com\/it\/wp-json\/wp\/v2\/comments?post=11145"}],"version-history":[{"count":0,"href":"https:\/\/tvemfoco.com\/it\/wp-json\/wp\/v2\/posts\/11145\/revisions"}],"wp:attachment":[{"href":"https:\/\/tvemfoco.com\/it\/wp-json\/wp\/v2\/media?parent=11145"}],"wp:term":[{"taxonomy":"category","embeddable":true,"href":"https:\/\/tvemfoco.com\/it\/wp-json\/wp\/v2\/categories?post=11145"},{"taxonomy":"post_tag","embeddable":true,"href":"https:\/\/tvemfoco.com\/it\/wp-json\/wp\/v2\/tags?post=11145"}],"curies":[{"name":"wp","href":"https:\/\/api.w.org\/{rel}","templated":true}]}}