{"id":14030,"date":"2026-08-31T18:29:00","date_gmt":"2026-08-31T18:29:00","guid":{"rendered":"https:\/\/tvemfoco.com\/?p=14030"},"modified":"2026-08-31T18:29:02","modified_gmt":"2026-08-31T18:29:02","slug":"gm-trabalhos-flexiveis","status":"publish","type":"post","link":"https:\/\/tvemfoco.com\/id\/gm-trabalhos-flexiveis\/","title":{"rendered":"Kerja Fleksibel: Bagaimana cara melepaskan diri dari jadwal yang menyita seluruh waktu Anda!\u00a0"},"content":{"rendered":"<!--advertisement--><div class=\"mx-5 sm:mx-0 sm:text-3xl text-2xl font-medium title-font mb-4 text-gray-900 text-left\">\n<h2 id=\"h-veja-quais-setores-contratam-sem-exigir-experiencia-como-funciona-cada-modelo-e-como-encontrar-vagas-disponiveis\">Veja quais setores contratam sem exigir experi\u00eancia, como funciona cada modelo e como encontrar vagas dispon\u00edveis.\u00a0<\/h2>\n<\/div><!--image--><div class=\"px-5 sm:px-0 sm:w-[800px] sm:ml-[50%] sm:-translate-x-2\/4 rounded-lg overflow-hidden mb-5 text-center\">\n<figure class=\"wp-block-image size-large is-resized\"><img decoding=\"async\" loading=\"lazy\" src=\"https:\/\/tvemfoco.com\/wp-content\/uploads\/2026\/08\/e-99-1024x576.png\" alt=\"\" class=\"w-full object-cover object-center border mx-auto wp-image-14031\" width=\"800\" height=\"384\"\/><figcaption class=\"mt-5 text-xs text-center border-b pb-4\">Trabalhar o dia inteiro n\u00e3o precisa ser a \u00fanica op\u00e7\u00e3o. Fonte: Canva<\/figcaption><\/figure>\n<\/div><!--image--><div class=\"mx-5 sm:mx-0 prose leading-relaxed text-lg mb-5 text-left wp-paragraph\">\n<p>Conciliar renda e rotina virou um desafio para muita gente, e os trabalhos flex\u00edveis surgem justamente como uma resposta para quem n\u00e3o consegue encaixar a vida dentro de um expediente fixo.&nbsp;<\/p>\n<\/div><div class=\"mx-5 sm:mx-0 prose leading-relaxed text-lg mb-5 text-left wp-paragraph\">\n<p>O problema \u00e9 que &#8220;flex\u00edvel&#8221; virou um termo guarda-chuva. Debaixo dele cabem muitas modalidades e modelos com regras, ritmos e exig\u00eancias bem diferentes entre si.<\/p>\n<\/div><div class=\"mx-5 sm:mx-0 prose leading-relaxed text-lg mb-5 text-left wp-paragraph\">\n<p>Escolher o formato errado costuma gerar frustra\u00e7\u00e3o r\u00e1pida. Uma jornada por projeto pode ser libertadora para uns e desconfort\u00e1vel para outros, dependendo de como cada pessoa lida com previsibilidade e organiza\u00e7\u00e3o.<\/p>\n<\/div><div class=\"mx-5 sm:mx-0 prose leading-relaxed text-lg mb-5 text-left wp-paragraph\">\n<p>Quer entender como funciona cada modelo, quais setores mais concentram esse tipo de vaga? Descubra como avaliar o que combina com a sua rotina e onde procurar oportunidades com seguran\u00e7a.<\/p>\n<\/div><!--advertisement--><div class=\"mx-5 sm:mx-0 sm:text-3xl text-2xl font-medium title-font mb-4 text-gray-900 text-left\">\n<h2 id=\"h-o-que-define-um-trabalho-flexivel\">O que define um trabalho flex\u00edvel&nbsp;<\/h2>\n<\/div><div class=\"mx-5 sm:mx-0 prose leading-relaxed text-lg mb-5 text-left wp-paragraph\">\n<p>Um trabalho flex\u00edvel \u00e9 aquele em que a jornada, o local ou a forma de execu\u00e7\u00e3o se adaptam \u00e0s necessidades do trabalhador e da empresa. A adapta\u00e7\u00e3o pode envolver hor\u00e1rio, dias da semana ou o pr\u00f3prio formato do v\u00ednculo.<\/p>\n<\/div><div class=\"mx-5 sm:mx-0 prose leading-relaxed text-lg mb-5 text-left wp-paragraph\">\n<p>Essa flexibilidade aparece de formas variadas. Ela pode significar menos horas semanais, liberdade para escolher onde trabalhar, ou autonomia total para definir a pr\u00f3pria agenda no caso de quem atua por conta pr\u00f3pria.<\/p>\n<\/div><div class=\"mx-5 sm:mx-0 prose leading-relaxed text-lg mb-5 text-left wp-paragraph\">\n<p>Vale um esclarecimento importante: flex\u00edvel n\u00e3o \u00e9 sin\u00f4nimo de informal nem de aus\u00eancia de hor\u00e1rio. Na maioria dos casos existem prazos, metas, escalas combinadas e responsabilidades t\u00e3o claras quanto em uma jornada tradicional.<\/p>\n<\/div><div class=\"mx-5 sm:mx-0 prose leading-relaxed text-lg mb-5 text-left wp-paragraph\">\n<p>A diferen\u00e7a real est\u00e1 no grau de controle sobre o pr\u00f3prio tempo. Quanto mais controle o modelo oferece, maior costuma ser tamb\u00e9m a exig\u00eancia de organiza\u00e7\u00e3o pessoal por parte de quem o adota.<\/p>\n<\/div><!--advertisement--><div class=\"mx-5 sm:mx-0 sm:text-3xl text-2xl font-medium title-font mb-4 text-gray-900 text-left\">\n<h2 id=\"h-principais-modelos-de-jornada-flexivel\">Principais modelos de jornada flex\u00edvel<\/h2>\n<\/div><div class=\"mx-5 sm:mx-0 prose leading-relaxed text-lg mb-5 text-left wp-paragraph\">\n<p>Antes de procurar vagas, vale conhecer os formatos dispon\u00edveis. Cada um tem uma l\u00f3gica pr\u00f3pria de contrata\u00e7\u00e3o, remunera\u00e7\u00e3o e rotina.<\/p>\n<\/div><div class=\"mx-5 sm:mx-0 prose leading-relaxed text-lg mb-5 text-left wp-paragraph\">\n<p>Entender essas diferen\u00e7as evita candidaturas mal direcionadas e ajuda a filtrar melhor os an\u00fancios logo na primeira busca.<\/p>\n<\/div><!--advertisement--><div class=\"mx-5 sm:mx-0 sm:text-3xl text-2xl font-medium title-font mb-4 text-gray-900 text-left\">\n<h3 id=\"h-emprego-de-meio-periodo\">Emprego de meio per\u00edodo<\/h3>\n<\/div><div class=\"mx-5 sm:mx-0 prose leading-relaxed text-lg mb-5 text-left wp-paragraph\">\n<p>O emprego de meio per\u00edodo reduz a carga semanal em rela\u00e7\u00e3o \u00e0 jornada integral, mantendo o v\u00ednculo formal com a empresa na maioria dos pa\u00edses.<\/p>\n<\/div><div class=\"mx-5 sm:mx-0 prose leading-relaxed text-lg mb-5 text-left wp-paragraph\">\n<p>\u00c9 um formato bastante comum em setores onde a demanda se concentra em per\u00edodos espec\u00edficos do dia, como:<\/p>\n<\/div><div class=\"mx-5 sm:mx-0 prose text-left mb-5\">\n<ul><div class=\"mx-5 sm:mx-0 prose text-left mb-5\">\n<li>Com\u00e9rcio;<\/li>\n<\/div>\n\n<div class=\"mx-5 sm:mx-0 prose text-left mb-5\">\n<li>Servi\u00e7os;<\/li>\n<\/div>\n\n<div class=\"mx-5 sm:mx-0 prose text-left mb-5\">\n<li>Alimenta\u00e7\u00e3o;<\/li>\n<\/div>\n\n<div class=\"mx-5 sm:mx-0 prose text-left mb-5\">\n<li>Limpeza.<\/li>\n<\/div><\/ul>\n<\/div><div class=\"mx-5 sm:mx-0 prose leading-relaxed text-lg mb-5 text-left wp-paragraph\">\n<p>Costuma atrair estudantes, pessoas que cuidam de familiares ou quem j\u00e1 tem outra fonte de renda e busca complementar o or\u00e7amento.<\/p>\n<\/div><!--advertisement--><div class=\"mx-5 sm:mx-0 sm:text-3xl text-2xl font-medium title-font mb-4 text-gray-900 text-left\">\n<h3 id=\"h-trabalho-remoto-e-hibrido\">Trabalho remoto e h\u00edbrido<\/h3>\n<\/div><div class=\"mx-5 sm:mx-0 prose leading-relaxed text-lg mb-5 text-left wp-paragraph\">\n<p>O trabalho remoto elimina o deslocamento di\u00e1rio e permite executar as atividades de casa ou de qualquer lugar com conex\u00e3o est\u00e1vel.<\/p>\n<\/div><div class=\"mx-5 sm:mx-0 prose leading-relaxed text-lg mb-5 text-left wp-paragraph\">\n<p>J\u00e1 o modelo h\u00edbrido combina dias presenciais e dias \u00e0 dist\u00e2ncia, sendo hoje o arranjo mais adotado por empresas que mant\u00eam escrit\u00f3rio. Predomina em fun\u00e7\u00f5es:<\/p>\n<\/div><div class=\"mx-5 sm:mx-0 prose text-left mb-5\">\n<ul><div class=\"mx-5 sm:mx-0 prose text-left mb-5\">\n<li>Digitais;<\/li>\n<\/div>\n\n<div class=\"mx-5 sm:mx-0 prose text-left mb-5\">\n<li>Administrativas;<\/li>\n<\/div>\n\n<div class=\"mx-5 sm:mx-0 prose text-left mb-5\">\n<li>De atendimento.<\/li>\n<\/div><\/ul>\n<\/div><div class=\"mx-5 sm:mx-0 prose leading-relaxed text-lg mb-5 text-left wp-paragraph\">\n<p>Estas modalidades exigem disciplina para separar o ambiente de trabalho do espa\u00e7o pessoal.<\/p>\n<\/div><!--advertisement--><div class=\"mx-5 sm:mx-0 sm:text-3xl text-2xl font-medium title-font mb-4 text-gray-900 text-left\">\n<h3 id=\"h-freelancer-e-trabalho-por-projeto\">Freelancer e trabalho por projeto<\/h3>\n<\/div><div class=\"mx-5 sm:mx-0 prose leading-relaxed text-lg mb-5 text-left wp-paragraph\">\n<p>No modelo freelancer, o profissional atua como prestador de servi\u00e7o e \u00e9 remunerado por entrega, hora contratada ou pacote fechado.<\/p>\n<\/div><div class=\"mx-5 sm:mx-0 prose leading-relaxed text-lg mb-5 text-left wp-paragraph\">\n<p>A liberdade de agenda \u00e9 a maior do grupo, j\u00e1 que a pessoa define quando e para quem trabalhar, podendo atender clientes de diferentes pa\u00edses.<\/p>\n<\/div><div class=\"mx-5 sm:mx-0 prose leading-relaxed text-lg mb-5 text-left wp-paragraph\">\n<p>Em contrapartida, a renda varia de m\u00eas para m\u00eas e a responsabilidade pela capta\u00e7\u00e3o de clientes \u00e9 inteiramente do profissional.<\/p>\n<\/div><!--advertisement--><div class=\"mx-5 sm:mx-0 sm:text-3xl text-2xl font-medium title-font mb-4 text-gray-900 text-left\">\n<h3 id=\"h-turnos-alternados-e-escalas-ajustaveis\">Turnos alternados e escalas ajust\u00e1veis<\/h3>\n<\/div><div class=\"mx-5 sm:mx-0 prose leading-relaxed text-lg mb-5 text-left wp-paragraph\">\n<p>Esse formato mant\u00e9m a carga integral, mas distribui as horas em turnos vari\u00e1veis: manh\u00e3, tarde, noite ou escalas de revezamento.<\/p>\n<\/div><div class=\"mx-5 sm:mx-0 prose leading-relaxed text-lg mb-5 text-left wp-paragraph\">\n<p>\u00c9 t\u00edpico de setores que operam de forma cont\u00ednua, como:<\/p>\n<\/div><div class=\"mx-5 sm:mx-0 prose text-left mb-5\">\n<ul><div class=\"mx-5 sm:mx-0 prose text-left mb-5\">\n<li>Log\u00edstica;<\/li>\n<\/div>\n\n<div class=\"mx-5 sm:mx-0 prose text-left mb-5\">\n<li>Sa\u00fade;<\/li>\n<\/div>\n\n<div class=\"mx-5 sm:mx-0 prose text-left mb-5\">\n<li>Seguran\u00e7a;<\/li>\n<\/div>\n\n<div class=\"mx-5 sm:mx-0 prose text-left mb-5\">\n<li>Hotelaria;<\/li>\n<\/div>\n\n<div class=\"mx-5 sm:mx-0 prose text-left mb-5\">\n<li>Servi\u00e7os de limpeza predial.<\/li>\n<\/div><\/ul>\n<\/div><div class=\"mx-5 sm:mx-0 prose leading-relaxed text-lg mb-5 text-left wp-paragraph\">\n<p>A flexibilidade aqui est\u00e1 na possibilidade de negociar turnos que liberem parte do dia, algo \u00fatil para quem estuda ou tem compromissos fixos.<\/p>\n<\/div><div class=\"prose text-left mb-5 w-[17rem] sm:w-full flex overflow-auto m-auto\">\n<figure class=\"wp-block-table\"><table><tbody><tr><td><strong>Model<\/strong><\/td><td><strong>Como funciona<\/strong><\/td><td><strong>Perfil que costuma se adaptar<\/strong><\/td><td><strong>Ponto de aten\u00e7\u00e3o<\/strong><\/td><\/tr><tr><td>Meio per\u00edodo<\/td><td>Jornada reduzida com v\u00ednculo formal<\/td><td>Estudantes e quem busca renda complementar<\/td><td>Carga menor tende a refletir na remunera\u00e7\u00e3o<\/td><\/tr><tr><td>Remoto ou h\u00edbrido<\/td><td>Atividades executadas fora do escrit\u00f3rio<\/td><td>Fun\u00e7\u00f5es digitais e administrativas<\/td><td>Exige estrutura e disciplina em casa<\/td><\/tr><tr><td>Freelancer<\/td><td>Pagamento por entrega ou projeto<\/td><td>Quem tem habilidade t\u00e9cnica e autonomia<\/td><td>Renda vari\u00e1vel e capta\u00e7\u00e3o por conta pr\u00f3pria<\/td><\/tr><tr><td>Turnos alternados<\/td><td>Carga integral em hor\u00e1rios rotativos<\/td><td>Setores de opera\u00e7\u00e3o cont\u00ednua<\/td><td>Impacto no sono e na rotina familiar<\/td><\/tr><\/tbody><\/table><\/figure>\n<\/div><!--advertisement--><div class=\"mx-5 sm:mx-0 sm:text-3xl text-2xl font-medium title-font mb-4 text-gray-900 text-left\">\n<h2 id=\"h-por-que-a-flexibilidade-cresceu-no-mercado-de-trabalho-global\">Por que a flexibilidade cresceu no mercado de trabalho global<\/h2>\n<\/div><div class=\"mx-5 sm:mx-0 prose leading-relaxed text-lg mb-5 text-left wp-paragraph\">\n<p>A busca por jornadas adapt\u00e1veis n\u00e3o \u00e9 uma tend\u00eancia passageira. Pelo contr\u00e1rio, os arranjos flex\u00edveis t\u00eam se expandido cada vez mais na \u00faltima d\u00e9cada.&nbsp;<\/p>\n<\/div><div class=\"mx-5 sm:mx-0 prose leading-relaxed text-lg mb-5 text-left wp-paragraph\">\n<p>Muitas empresas mantiveram estes modelos flex\u00edveis de tempo de trabalho pois eles trazem benef\u00edcios para economias, empresas e trabalhadores, incluindo ganhos de produtividade.<\/p>\n<\/div><div class=\"mx-5 sm:mx-0 prose leading-relaxed text-lg mb-5 text-left wp-paragraph\">\n<p>Do lado do trabalhador, o interesse tem outra origem: menos tempo em deslocamento e mais espa\u00e7o para estudo, fam\u00edlia ou uma segunda atividade. \u00c9 essa combina\u00e7\u00e3o de interesses que sustenta o crescimento do formato.<\/p>\n<\/div><!--advertisement--><div class=\"mx-5 sm:mx-0 sm:text-3xl text-2xl font-medium title-font mb-4 text-gray-900 text-left\">\n<h2 id=\"h-setores-que-mais-concentram-vagas-com-jornada-flexivel\">Setores que mais concentram vagas com jornada flex\u00edvel<\/h2>\n<\/div><div class=\"mx-5 sm:mx-0 prose leading-relaxed text-lg mb-5 text-left wp-paragraph\">\n<p>Alguns setores absorvem esse tipo de contrata\u00e7\u00e3o com muito mais frequ\u00eancia que outros, geralmente por operarem em hor\u00e1rios estendidos ou por demandarem reposi\u00e7\u00e3o constante de equipe.<\/p>\n<\/div><div class=\"mx-5 sm:mx-0 prose leading-relaxed text-lg mb-5 text-left wp-paragraph\">\n<p>Conhecer essas \u00e1reas encurta bastante o caminho de quem est\u00e1 come\u00e7ando a busca.<\/p>\n<\/div><!--advertisement--><div class=\"mx-5 sm:mx-0 sm:text-3xl text-2xl font-medium title-font mb-4 text-gray-900 text-left\">\n<h3 id=\"h-servico-de-limpeza-e-facilities\">Servi\u00e7o de limpeza e facilities<\/h3>\n<\/div><div class=\"mx-5 sm:mx-0 prose leading-relaxed text-lg mb-5 text-left wp-paragraph\">\n<p>O servi\u00e7o de limpeza \u00e9 uma das portas de entrada mais acess\u00edveis do mercado, com atua\u00e7\u00e3o em hot\u00e9is, escrit\u00f3rios, condom\u00ednios, hospitais e resid\u00eancias.<\/p>\n<\/div><div class=\"mx-5 sm:mx-0 prose leading-relaxed text-lg mb-5 text-left wp-paragraph\">\n<p>Boa parte das vagas dispensa experi\u00eancia pr\u00e9via e oferece treinamento inicial no pr\u00f3prio local, o que reduz barreiras para quem est\u00e1 recome\u00e7ando.<\/p>\n<\/div><div class=\"mx-5 sm:mx-0 prose leading-relaxed text-lg mb-5 text-left wp-paragraph\">\n<p>Os turnos costumam ser organizados em blocos curtos, como no in\u00edcio da manh\u00e3 ou fim do dia, liberando outras faixas de hor\u00e1rio na rotina.<\/p>\n<\/div><div class=\"mx-5 sm:mx-0 prose leading-relaxed text-lg mb-5 text-left wp-paragraph\">\n<p>Como o setor tem rotatividade elevada, novas oportunidades aparecem com frequ\u00eancia, e a indica\u00e7\u00e3o de colegas costuma acelerar bastante o processo.<\/p>\n<\/div><!--advertisement--><div class=\"mx-5 sm:mx-0 sm:text-3xl text-2xl font-medium title-font mb-4 text-gray-900 text-left\">\n<h3 id=\"h-logistica-estoque-e-armazem\">Log\u00edstica, estoque e armaz\u00e9m<\/h3>\n<\/div><div class=\"mx-5 sm:mx-0 prose leading-relaxed text-lg mb-5 text-left wp-paragraph\">\n<p>Centros de distribui\u00e7\u00e3o contrata de forma cont\u00ednua para separa\u00e7\u00e3o de pedidos, embalagem, confer\u00eancia e organiza\u00e7\u00e3o de estoque.<\/p>\n<\/div><div class=\"mx-5 sm:mx-0 prose leading-relaxed text-lg mb-5 text-left wp-paragraph\">\n<p>O treinamento \u00e9 objetivo e a exig\u00eancia t\u00e9cnica \u00e9 baixa, o que torna o processo de entrada relativamente simples.<\/p>\n<\/div><div class=\"mx-5 sm:mx-0 prose leading-relaxed text-lg mb-5 text-left wp-paragraph\">\n<p>As escalas variam conforme o volume operacional, com picos em datas comerciais que abrem vagas tempor\u00e1rias com possibilidade de efetiva\u00e7\u00e3o.<\/p>\n<\/div><!--advertisement--><div class=\"mx-5 sm:mx-0 sm:text-3xl text-2xl font-medium title-font mb-4 text-gray-900 text-left\">\n<h3 id=\"h-atendimento-ao-cliente-e-suporte-remoto\">Atendimento ao cliente e suporte remoto<\/h3>\n<\/div><div class=\"mx-5 sm:mx-0 prose leading-relaxed text-lg mb-5 text-left wp-paragraph\">\n<p>Empresas de diferentes portes mant\u00eam equipes de atendimento por chat, telefone e e-mail, muitas delas operando integralmente \u00e0 dist\u00e2ncia.<\/p>\n<\/div><div class=\"mx-5 sm:mx-0 prose leading-relaxed text-lg mb-5 text-left wp-paragraph\">\n<p>\u00c9 um dos setores com maior oferta de vagas remotas de entrada, especialmente em turnos que cobrem fusos hor\u00e1rios distintos.<\/p>\n<\/div><div class=\"mx-5 sm:mx-0 prose leading-relaxed text-lg mb-5 text-left wp-paragraph\">\n<p>Dom\u00ednio de um segundo idioma amplia consideravelmente o leque de empresas internacionais acess\u00edveis a partir de casa.<\/p>\n<\/div><!--advertisement--><div class=\"mx-5 sm:mx-0 sm:text-3xl text-2xl font-medium title-font mb-4 text-gray-900 text-left\">\n<h3 id=\"h-administrativo-e-backoffice\">Administrativo e backoffice<\/h3>\n<\/div><div class=\"mx-5 sm:mx-0 prose leading-relaxed text-lg mb-5 text-left wp-paragraph\">\n<p>Fun\u00e7\u00f5es de apoio interno, organiza\u00e7\u00e3o de dados, cadastro e rotinas de recursos humanos migraram em boa parte para o ambiente digital.<\/p>\n<\/div><div class=\"mx-5 sm:mx-0 prose leading-relaxed text-lg mb-5 text-left wp-paragraph\">\n<p>Isso abriu espa\u00e7o para modelos h\u00edbridos e para jornadas parciais, com menor exig\u00eancia f\u00edsica e maior previsibilidade de tarefas.<\/p>\n<\/div><div class=\"mx-5 sm:mx-0 prose leading-relaxed text-lg mb-5 text-left wp-paragraph\">\n<p>\u00c9 uma \u00e1rea interessante para quem busca estabilidade sem abrir m\u00e3o de alguma autonomia sobre o hor\u00e1rio.<\/p>\n<\/div><!--advertisement--><div class=\"mx-5 sm:mx-0 sm:text-3xl text-2xl font-medium title-font mb-4 text-gray-900 text-left\">\n<h3 id=\"h-marketing-digital-e-servicos-freelancer\">Marketing digital e servi\u00e7os freelancer<\/h3>\n<\/div><div class=\"mx-5 sm:mx-0 prose leading-relaxed text-lg mb-5 text-left wp-paragraph\">\n<p>Gest\u00e3o de redes sociais, reda\u00e7\u00e3o, edi\u00e7\u00e3o de v\u00eddeo, tr\u00e1fego pago e suporte a e-commerce est\u00e3o entre os servi\u00e7os mais contratados por projeto.<\/p>\n<\/div><div class=\"mx-5 sm:mx-0 prose leading-relaxed text-lg mb-5 text-left wp-paragraph\">\n<p>O profissional define a pr\u00f3pria agenda e pode atender clientes de outros pa\u00edses, ampliando as possibilidades de contrata\u00e7\u00e3o.<\/p>\n<\/div><div class=\"mx-5 sm:mx-0 prose leading-relaxed text-lg mb-5 text-left wp-paragraph\">\n<p>A exig\u00eancia t\u00e9cnica \u00e9 maior, mas existe um volume grande de material gratuito para quem quer desenvolver essas habilidades do zero.<\/p>\n<\/div><!--advertisement--><div class=\"mx-5 sm:mx-0 sm:text-3xl text-2xl font-medium title-font mb-4 text-gray-900 text-left\">\n<h2 id=\"h-como-avaliar-se-um-modelo-flexivel-combina-com-a-sua-rotina\">Como avaliar se um modelo flex\u00edvel combina com a sua rotina<\/h2>\n<\/div><div class=\"mx-5 sm:mx-0 prose leading-relaxed text-lg mb-5 text-left wp-paragraph\">\n<p>Antes de se candidatar, vale fazer uma avalia\u00e7\u00e3o honesta do pr\u00f3prio contexto. O modelo mais elogiado nas redes nem sempre \u00e9 o que funciona para a sua realidade.<\/p>\n<\/div><div class=\"mx-5 sm:mx-0 prose leading-relaxed text-lg mb-5 text-left wp-paragraph\">\n<p>Alguns pontos ajudam bastante nessa checagem inicial:<\/p>\n<\/div><div class=\"mx-5 sm:mx-0 prose text-left mb-5\">\n<ul><div class=\"mx-5 sm:mx-0 prose text-left mb-5\">\n<li><strong>Deslocamento:<\/strong> quanto tempo e custo voc\u00ea gasta hoje para chegar ao trabalho?<\/li>\n<\/div>\n\n<div class=\"mx-5 sm:mx-0 prose text-left mb-5\">\n<li><strong>Previsibilidade:<\/strong> voc\u00ea consegue lidar bem com renda que varia entre os meses?<\/li>\n<\/div>\n\n<div class=\"mx-5 sm:mx-0 prose text-left mb-5\">\n<li><strong>Estrutura:<\/strong> h\u00e1 em casa um espa\u00e7o adequado e conex\u00e3o est\u00e1vel para atuar \u00e0 dist\u00e2ncia?<\/li>\n<\/div>\n\n<div class=\"mx-5 sm:mx-0 prose text-left mb-5\">\n<li><strong>Compromissos fixos:<\/strong> estudos, cuidados familiares ou consultas exigem faixas espec\u00edficas do dia?<\/li>\n<\/div>\n\n<div class=\"mx-5 sm:mx-0 prose text-left mb-5\">\n<li><strong>Benef\u00edcios:<\/strong> vale-transporte, alimenta\u00e7\u00e3o e plano de sa\u00fade s\u00e3o essenciais no seu or\u00e7amento?<\/li>\n<\/div><\/ul>\n<\/div><div class=\"mx-5 sm:mx-0 prose leading-relaxed text-lg mb-5 text-left wp-paragraph\">\n<p>Quem depende fortemente de previsibilidade tende a se adaptar melhor a meio per\u00edodo ou turnos definidos, formatos que mant\u00eam o v\u00ednculo formal.<\/p>\n<\/div><div class=\"mx-5 sm:mx-0 prose leading-relaxed text-lg mb-5 text-left wp-paragraph\">\n<p>J\u00e1 quem tem habilidade t\u00e9cnica, toler\u00e2ncia a varia\u00e7\u00e3o e disciplina para organizar a pr\u00f3pria agenda costuma render mais no modelo freelancer ou remoto.<\/p>\n<\/div><!--advertisement--><div class=\"mx-5 sm:mx-0 sm:text-3xl text-2xl font-medium title-font mb-4 text-gray-900 text-left\">\n<h2 id=\"h-como-a-remuneracao-costuma-funcionar-em-cada-formato\">Como a remunera\u00e7\u00e3o costuma funcionar em cada formato<\/h2>\n<\/div><div class=\"mx-5 sm:mx-0 prose leading-relaxed text-lg mb-5 text-left wp-paragraph\">\n<p>A l\u00f3gica de pagamento muda bastante de um modelo para outro, e entender isso evita compara\u00e7\u00f5es injustas entre propostas.<\/p>\n<\/div><div class=\"mx-5 sm:mx-0 prose leading-relaxed text-lg mb-5 text-left wp-paragraph\">\n<p>Fun\u00e7\u00f5es operacionais, como limpeza e log\u00edstica, normalmente remuneram por hora ou por turno trabalhado, com valores definidos pela legisla\u00e7\u00e3o local e pelo setor.<\/p>\n<\/div><div class=\"mx-5 sm:mx-0 prose leading-relaxed text-lg mb-5 text-left wp-paragraph\">\n<p>Cargos administrativos e remotos tendem a trabalhar com sal\u00e1rio fixo mensal, enquanto o modelo freelancer opera por entrega, pacote ou hora contratada.<\/p>\n<\/div><div class=\"mx-5 sm:mx-0 prose leading-relaxed text-lg mb-5 text-left wp-paragraph\">\n<p>Tamb\u00e9m vale considerar os custos indiretos. Reduzir deslocamento e refei\u00e7\u00f5es fora de casa altera o resultado l\u00edquido, assim como trabalhar remoto pode aumentar contas de energia e internet.<\/p>\n<\/div><!--advertisement--><div class=\"mx-5 sm:mx-0 sm:text-3xl text-2xl font-medium title-font mb-4 text-gray-900 text-left\">\n<h2 id=\"h-onde-procurar-vagas-com-jornada-flexivel\">Onde procurar vagas com jornada flex\u00edvel<\/h2>\n<\/div><div class=\"mx-5 sm:mx-0 prose leading-relaxed text-lg mb-5 text-left wp-paragraph\">\n<p>O primeiro passo \u00e9 escolher canais confi\u00e1veis. Plataformas de emprego consolidadas re\u00fanem an\u00fancios verificados de empresas de diferentes portes e permitem filtrar por tipo de jornada.<\/p>\n<\/div><div class=\"mx-5 sm:mx-0 prose leading-relaxed text-lg mb-5 text-left wp-paragraph\">\n<p>Uma boa alternativa \u00e9 utilizar um portal com presen\u00e7a internacional, que direciona automaticamente para o site do seu pa\u00eds e exibe vagas na sua regi\u00e3o e no seu idioma. Para acessar, clique no bot\u00e3o abaixo.<\/p>\n<\/div><div class=\"mx-5 sm:mx-0 prose leading-relaxed text-lg mb-5 text-left wp-paragraph\">\n<p>Al\u00e9m das plataformas, mantenha um perfil profissional atualizado em redes voltadas ao mercado de trabalho, sinalizando disponibilidade e formato de interesse.<\/p>\n<\/div><div class=\"mx-5 sm:mx-0 prose leading-relaxed text-lg mb-5 text-left wp-paragraph\">\n<p>Por fim, n\u00e3o subestime a indica\u00e7\u00e3o. Em setores como limpeza, hotelaria e log\u00edstica, boa parte das contrata\u00e7\u00f5es acontece por recomenda\u00e7\u00e3o direta de quem j\u00e1 trabalha na equipe.<\/p>\n<\/div><div class=\"wp-block-lazyblock-credit-card lazyblock-credit-card-Z1mqbaF\"><section class=\"credit-card mx-5 sm:mx-0 text-gray-600 body-font  my-10 border-gray-200 border-b border-l border-r sm:border-0\">\n  <div class=\"h-1 bg-gray-200 rounded overflow-hidden\">\n    <div class=\"w-24 h-full\"><\/div>\n  <\/div>\n  <div class=\"container px-5 sm:px-0 py-6 mx-auto\" data-anchor-target=\"lazyBlock\">\n    <div class=\"flex flex-wrap mx-auto\">\n      <a class=\"lg:w-2\/5 w-full lg:pl-6 mt-6 lg:mt-0\" href=\"http:\/\/indeed.com\/worldwide\" data-analytics-label=\"creditCardImage\" data-action=\"analytics#trackCTA\" >\n        <img decoding=\"async\" class=\"w-full h-64 object-cover object-center rounded\" loading=\"lazy\" alt=\"card\" style=\"height: 190px;\" src=\"https:\/\/tvemfoco.com\/wp-content\/uploads\/2026\/06\/e-92.png\">\n      <\/a>\n      <div class=\"lg:w-3\/5 w-full lg:pl-6 mt-6 lg:mt-0\">\n        <h2 class=\"text-sm title-font text-gray-500 tracking-widest uppercase\">\n          Lowongan pekerjaan        <\/h2>\n        <h1 class=\"text-gray-900 text-3xl title-font font-medium mb-1\">\n          Trabalhos Flex\u00edveis        <\/h1>\n        <div class=\"flex mb-4 justify-center sm:justify-start\">\n          \n                      <span class=\"inline-block py-1 px-2 rounded text-xs font-medium tracking-widest uppercase mr-2\">\n              Pesanan Daring            <\/span>\n                    \n        <\/div>\n        <p class=\"leading-relaxed\">\n          Quer encontrar vagas de trabalhos flex\u00edveis abertas?         <\/p>\n        <div class=\"flex mt-6 items-center pb-5 border-b-2 border-gray-100 mb-5\">\n          \n        <\/div>\n        <div class=\"flex\">\n          <a data-km2-rewarded=\"true\" style=\"font-size: 13px;\" class=\"hidden animate-fade-in flex m-auto sm:mr-0 sm:ml-auto\" rel=\"sponsored\" href=\"http:\/\/indeed.com\/worldwide\" data-analytics-label=\"creditCardButton\" data-action=\"analytics#trackCTA\"  >\n            <button class=\"uppercase flex m-auto sm:mr-0 sm:ml-auto border-0 py-2 px-4 focus:outline-none rounded  disabled:opacity-50\">\n              PROCURAR OPORTUNIDADES!            <\/button>\n          <\/a>\n          <a data-km2-rewarded=\"false\" style=\"font-size: 15px;\" class=\"flex m-auto sm:mr-0 sm:ml-auto\" rel=\"sponsored\" href=\"http:\/\/indeed.com\/worldwide\" data-analytics-label=\"creditCardButton\" data-action=\"analytics#trackCTA\"  >\n            <button id=\"offer-first\" class=\"flex m-auto sm:mr-0 sm:ml-auto border-0 py-2 px-6 focus:outline-none rounded  disabled:opacity-50\">\n              PROCURAR OPORTUNIDADES!            <\/button>\n          <\/a>\n        <\/div>\n        <p class=\"text-xs text-gray-500 mt-3 text-center sm:text-right\">\n          Anda akan diarahkan ke situs web lain        <\/p>\n      <\/div>\n    <\/div>\n  <\/div>\n\n    <script type=\"module\"> function waitFor(conditionFunction) { const poll = resolve => { if(conditionFunction()) resolve(); else setTimeout(_ => poll(resolve), 400); }; return new Promise(poll); } import { Application, Controller } from \"\/wp-content\/themes\/twentytwentyone\/assets\/js\/stimulus.min.js\"; let Stimulus = Application.start(); Stimulus.register(\"anchor\", class extends Controller { static get targets() { return [ \"lazyBlock\", \"lazyBlockAnchor\" ]; } initialize() { this.active = false; this.passed = false; this.closed = false; this.anchorViews = 0; this.boundOnShowAnchor = this.onShowAnchor.bind(this); window.anchorReady = window.anchorReady || false; waitFor(_ => (window.scrollY > this.getHeightBlock() && !this.active)) .then(_ => { !window.anchorReady? this.visible() : ''; window.anchorReady = true; }); if (document.getElementById('landing')) { setTimeout(() => { !window.anchorReady ? this.visible() : ''; window.anchorReady = true; }, 1 * 30000); }; } connect() { this.onShowAnchor(); document.addEventListener(\"scroll\", this.boundOnShowAnchor); } disconnect() { document.removeEventListener(\"scroll\", this.boundOnShowAnchor); } visible() { if (document.getElementById('av-offerwall__wrapper')) { setTimeout(() => this.visible(), 20000); return; } if (document.getElementById('av-fixed__bottomWrapper') && document.getElementById('av-fixed__bottomWrapper').style.display !== 'none' && document.getElementById('av-fixed__bottomWrapper').getBoundingClientRect().height > 100) { setTimeout(() => this.visible(), 1000); return; } if (document.getElementById('av-fixed__bottomWrapper') && document.getElementById('av-fixed__bottomWrapper').style.display !== 'none' && document.getElementById('av-fixed__bottomWrapper').getBoundingClientRect().height > 10) { this.getAnchorElement().style.marginBottom = '60px'; } if (document.querySelector('[data-anchor-shown=\"true\"]') && document.querySelector('[data-anchor-shown=\"true\"]').style.bottom === '0px') { setTimeout(() => this.visible(), 1000); return; } if (!window.km2AnchorReady) { this.active = true; \/*this.getAnchorElement().style.animation = \"none\"; this.getAnchorElement().classList.remove('animate-show-down');*\/ \/*this.getAnchorElement().classList.add('animate-show-up');*\/ \/*setTimeout(() => {*\/ \/*this.getAnchorElement().style.animation = \"\";*\/ this.getAnchorElement().classList.add('animate-show-up'); this.getAnchorElement().classList.remove('hidden'); this.setAnchorViews(this.anchorViews+1); setTimeout(() => this.closeAnchor(), 20000); waitFor(_ => (document.getElementById('av-fixed__bottomWrapper') && document.getElementById('av-fixed__bottomWrapper').style.display !== 'none' && document.getElementById('av-fixed__bottomWrapper').getBoundingClientRect().height > 10 && this.getAnchorElement().style.marginBottom !== '60px')) .then(_ => { this.closeAnchor(); }); this.active = false; \/*}, 10);*\/ } } invisible() { this.active = true; this.getAnchorElement().style.animation = \"none\"; this.getAnchorElement().classList.remove('animate-show-up'); this.getAnchorElement().classList.add('animate-show-down'); setTimeout(() => { this.getAnchorElement().style.animation = \"\"; setTimeout(() => { this.getAnchorElement().classList.add('hidden'); this.active = false; }, 800); }, 10); } onShowAnchor() { let anchorReady = false;  \/*if (!this.active && !anchorReady) { if (this.getAnchorViews() <= 3) { if (window.scrollY > this.getHeightBlock()) { if (!this.passed && !this.closed) { this.visible(); this.passed = true; } } else { if (this.passed) { this.invisible(); this.passed = false; } } } else { if (!this.getAnchorElement().classList.contains('close')) { this.getAnchorElement().classList.add('close'); if (window.scrollY < this.getHeightBlock()) { this.invisible(); } } } }*\/ } closeAnchor() { if (this.closed) return; this.invisible(); this.getAnchorElement().classList.add('close'); this.closed = true; } getAnchorElement() { return this.lazyBlockAnchorTargets[0]; } getAnchorViews() { this.anchorViews = parseInt(sessionStorage.getItem(\"anchorViews\")) >= 1 ? parseInt(sessionStorage.getItem(\"anchorViews\")) : 0; return this.anchorViews; } setAnchorViews(views) { sessionStorage.setItem(\"anchorViews\", views); } getHeightBlock() { return this.lazyBlockTarget.offsetTop + this.lazyBlockTarget.offsetHeight - 110; } }) <\/script>  <div data-anchor-target=\"lazyBlockAnchor\" class=\"fixed w-full sm:w-96 px-3 py-2 bottom-0 left-0 hidden\" style=\"z-index: 999999;\" name=\"lazyBlockAnchor\">\n    <div class=\"grid justify-items-stretch\">        \n              <div class=\"relative justify-self-end top-4 -right-2\">\n          <button data-no-translation class=\"bg-white text-md font-medium text-center rounded-full h-7 w-7 border-2\" data-analytics-label=\"anchorCloseAnchor\" data-action=\"anchor#closeAnchor\" style=\"z-index: 999999;\">\n            X\n          <\/button>\n        <\/div>\n        <div class=\"justify-self-auto flex flex-col h-32 bg-white border-solid border-2 shadow-md rounded-md\">\n          <div class=\"flex my-0 h-full\">\n            <div class=\"w-2\/5 p-1 ml-2 mt-2 w-full\">\n              <a href=\"http:\/\/indeed.com\/worldwide\" rel=\"sponsored\" data-analytics-label=\"anchorImage\" data-action=\"analytics#trackCTA\">          \n                <img decoding=\"async\" loading=\"lazy\" alt=\"card\" class=\"w-full object-cover h-24 object-center rounded justify-self-auto border-2 border-gray-100\" src=\"https:\/\/tvemfoco.com\/wp-content\/uploads\/2026\/06\/e-92.png\">          \n              <\/a>\n            <\/div>\n            <div class=\"w-3\/5 my-2\">\n              <p class=\"px-4 text-center text-xs h-1\/2\">\n                Quer encontrar vagas de trabalhos flex\u00edveis abertas?              <\/p>\n              <a href=\"http:\/\/indeed.com\/worldwide\" rel=\"sponsored\" data-analytics-label=\"anchorButton\" data-action=\"analytics#trackCTA\" >\n                <button class=\"flex w-5\/6 m-auto mt-2 border-0 py-1 px-3 focus:outline-none rounded\">                \n                  <p class=\"text-center w-full\" style=\"font-size: 0.67rem;\">\n                    PROCURAR OPORTUNIDAD&#8230;                  <\/p>\n                <\/button>\n              <\/a>\n              <p class=\"text-gray-500 text-center mt-1\" style=\"font-size: 0.50rem;\">\n                Anda akan diarahkan ke situs web lain              <\/p>\n            <\/div>\n          <\/div>\n        <\/div>\n          <\/div>\n  <\/div>\n<\/section><\/div><!--advertisement--><div class=\"mx-5 sm:mx-0 sm:text-3xl text-2xl font-medium title-font mb-4 text-gray-900 text-left\">\n<h2 id=\"h-como-identificar-vagas-confiaveis-e-evitar-golpes\">Como identificar vagas confi\u00e1veis e evitar golpes<\/h2>\n<\/div><div class=\"mx-5 sm:mx-0 prose leading-relaxed text-lg mb-5 text-left wp-paragraph\">\n<p>O crescimento das buscas por trabalho remoto tamb\u00e9m atraiu an\u00fancios fraudulentos. Reconhecer os sinais de alerta protege seus dados e seu dinheiro.<\/p>\n<\/div><div class=\"mx-5 sm:mx-0 prose leading-relaxed text-lg mb-5 text-left wp-paragraph\">\n<p>Fique atento aos seguintes pontos:<\/p>\n<\/div><div class=\"mx-5 sm:mx-0 prose text-left mb-5\">\n<ul><div class=\"mx-5 sm:mx-0 prose text-left mb-5\">\n<li><strong>Cobran\u00e7a antecipada:<\/strong> processos seletivos leg\u00edtimos n\u00e3o pedem pagamento por taxa de cadastro, material ou treinamento.<\/li>\n<\/div>\n\n<div class=\"mx-5 sm:mx-0 prose text-left mb-5\">\n<li><strong>Contato exclusivo por aplicativo de mensagem:<\/strong> empresas s\u00e9rias mant\u00eam canais oficiais e e-mail corporativo identific\u00e1veis.<\/li>\n<\/div>\n\n<div class=\"mx-5 sm:mx-0 prose text-left mb-5\">\n<li><strong>Promessa de ganho elevado sem experi\u00eancia:<\/strong> ofertas descoladas da realidade do setor merecem verifica\u00e7\u00e3o cuidadosa.<\/li>\n<\/div>\n\n<div class=\"mx-5 sm:mx-0 prose text-left mb-5\">\n<li><strong>Pedido de documentos sens\u00edveis no primeiro contato:<\/strong> dados banc\u00e1rios e c\u00f3pias de documentos s\u00f3 em etapa formal de contrata\u00e7\u00e3o.<\/li>\n<\/div><\/ul>\n<\/div><div class=\"mx-5 sm:mx-0 prose leading-relaxed text-lg mb-5 text-left wp-paragraph\">\n<p>Antes de avan\u00e7ar, pesquise o nome da empresa junto com termos como avalia\u00e7\u00f5es ou reclama\u00e7\u00f5es.&nbsp;<\/p>\n<\/div><div class=\"mx-5 sm:mx-0 prose leading-relaxed text-lg mb-5 text-left wp-paragraph\">\n<p>Perfis em redes profissionais e sites de avalia\u00e7\u00e3o ajudam a confirmar a exist\u00eancia do neg\u00f3cio.<\/p>\n<\/div><div class=\"mx-5 sm:mx-0 prose leading-relaxed text-lg mb-5 text-left wp-paragraph\">\n<p>Na d\u00favida, prefira concluir a candidatura dentro da pr\u00f3pria plataforma de empregos, que mant\u00e9m registro da comunica\u00e7\u00e3o e oferece canais de den\u00fancia.<\/p>\n<\/div><!--advertisement--><div class=\"mx-5 sm:mx-0 sm:text-3xl text-2xl font-medium title-font mb-4 text-gray-900 text-left\">\n<h2 id=\"h-conclusao\">Kesimpulan<\/h2>\n<\/div><div class=\"mx-5 sm:mx-0 prose leading-relaxed text-lg mb-5 text-left wp-paragraph\">\n<p>Trabalhos flex\u00edveis deixaram de ser exce\u00e7\u00e3o e hoje aparecem em setores operacionais, administrativos e digitais, com formatos que atendem perfis bastante distintos.<\/p>\n<\/div><div class=\"mx-5 sm:mx-0 prose leading-relaxed text-lg mb-5 text-left wp-paragraph\">\n<p>A escolha entre meio per\u00edodo, remoto, freelancer ou turnos alternados depende muito menos de qual modelo est\u00e1 em alta e muito mais de como cada um se encaixa na sua rotina, no seu or\u00e7amento e no seu n\u00edvel de autonomia.<\/p>\n<\/div><div class=\"mx-5 sm:mx-0 prose leading-relaxed text-lg mb-5 text-left wp-paragraph\">\n<p>Avaliar esses pontos antes de se candidatar economiza tempo, reduz frustra\u00e7\u00e3o e aumenta as chances de encontrar uma posi\u00e7\u00e3o em que voc\u00ea realmente consiga se manter.<\/p>\n<\/div><div class=\"mx-5 sm:mx-0 prose leading-relaxed text-lg mb-5 text-left wp-paragraph\">\n<p>Curtiu? Quer descobrir mais dicas de emprego? Acesse o artigo a seguir e descubra como criar um curr\u00edculo que chame a aten\u00e7\u00e3o de recrutadores.<\/p>\n<\/div><div class=\"wp-block-lazyblock-cta lazyblock-cta-Z1RtcuB\">\n  <section class=\"cta mx-5 sm:mx-0 text-gray-600 body-font my-10 border-gray-200 border-b border-l border-r sm:border-0\">\n    <div class=\"h-1 bg-gray-200 rounded overflow-hidden\">\n      <div class=\"w-24 h-full\"><\/div>\n    <\/div>\n    <div class=\"container px-5 pt-6 pb-6 mx-auto flex flex-wrap\" data-anchor-target=\"lazyBlock\">    \n    \n            <h2 class=\"w-full sm:text-3xl text-2xl text-gray-900 font-medium title-font mb-2 text-center md:text-left md:w-2\/5\">\n        <a href=\"https:\/\/tvemfoco.com\/id\/como-criar-um-curriculo-que-chama-a-atencao-dos-recrutadores\/\" data-analytics-label=\"ctaTitle\" data-action=\"analytics#trackCTA\" aria-label=\"Como criar um curr\u00edculo de destaque\">\n            Como criar um curr\u00edculo de destaque        <\/a>\n      <\/h2>\n      <div class=\"w-full md:w-3\/5 md:pl-6\">\n        <p class=\"text-center md:text-left leading-relaxed text-base\">\n            Quer descobrir como destacar seu curr\u00edculo e chamar a aten\u00e7\u00e3o de recrutadores?        <\/p>\n        <div class=\"flex mt-6 w-full flex-1 justify-center ml-auto md:mt-4 md:justify-start\" style=\"font-weight: bold;\">\n          <a class=\"inline-flex items-center\" href=\"https:\/\/tvemfoco.com\/id\/como-criar-um-curriculo-que-chama-a-atencao-dos-recrutadores\/\"  data-analytics-label=\"ctaButton\" data-action=\"analytics#trackCTA\" >\n            Terus Membaca            <svg fill=\"none\" stroke=\"currentColor\" stroke-linecap=\"round\" stroke-linejoin=\"round\" stroke-width=\"2\" class=\"w-4 h-4 ml-2\" viewbox=\"0 0 24 24\">\n              <path d=\"M5 12h14M12 5l7 7-7 7\"><\/path>\n            <\/svg>\n          <\/a>\n        <\/div>\n      <\/div>  \n          \n    <\/div>\n      <script type=\"module\"> function waitFor(conditionFunction) { const poll = resolve => { if(conditionFunction()) resolve(); else setTimeout(_ => poll(resolve), 400); }; return new Promise(poll); } import { Application, Controller } from \"\/wp-content\/themes\/twentytwentyone\/assets\/js\/stimulus.min.js\"; let Stimulus = Application.start(); Stimulus.register(\"anchor\", class extends Controller { static get targets() { return [ \"lazyBlock\", \"lazyBlockAnchor\" ]; } initialize() { this.active = false; this.passed = false; this.closed = false; this.anchorViews = 0; this.boundOnShowAnchor = this.onShowAnchor.bind(this); window.anchorReady = window.anchorReady || false; waitFor(_ => (window.scrollY > this.getHeightBlock() && !this.active)) .then(_ => { !window.anchorReady? this.visible() : ''; window.anchorReady = true; }); if (document.getElementById('landing')) { setTimeout(() => { !window.anchorReady ? this.visible() : ''; window.anchorReady = true; }, 1 * 30000); }; } connect() { this.onShowAnchor(); document.addEventListener(\"scroll\", this.boundOnShowAnchor); } disconnect() { document.removeEventListener(\"scroll\", this.boundOnShowAnchor); } visible() { if (document.getElementById('av-offerwall__wrapper')) { setTimeout(() => this.visible(), 20000); return; } if (document.getElementById('av-fixed__bottomWrapper') && document.getElementById('av-fixed__bottomWrapper').style.display !== 'none' && document.getElementById('av-fixed__bottomWrapper').getBoundingClientRect().height > 100) { setTimeout(() => this.visible(), 1000); return; } if (document.getElementById('av-fixed__bottomWrapper') && document.getElementById('av-fixed__bottomWrapper').style.display !== 'none' && document.getElementById('av-fixed__bottomWrapper').getBoundingClientRect().height > 10) { this.getAnchorElement().style.marginBottom = '60px'; } if (document.querySelector('[data-anchor-shown=\"true\"]') && document.querySelector('[data-anchor-shown=\"true\"]').style.bottom === '0px') { setTimeout(() => this.visible(), 1000); return; } if (!window.km2AnchorReady) { this.active = true; \/*this.getAnchorElement().style.animation = \"none\"; this.getAnchorElement().classList.remove('animate-show-down');*\/ \/*this.getAnchorElement().classList.add('animate-show-up');*\/ \/*setTimeout(() => {*\/ \/*this.getAnchorElement().style.animation = \"\";*\/ this.getAnchorElement().classList.add('animate-show-up'); this.getAnchorElement().classList.remove('hidden'); this.setAnchorViews(this.anchorViews+1); setTimeout(() => this.closeAnchor(), 20000); waitFor(_ => (document.getElementById('av-fixed__bottomWrapper') && document.getElementById('av-fixed__bottomWrapper').style.display !== 'none' && document.getElementById('av-fixed__bottomWrapper').getBoundingClientRect().height > 10 && this.getAnchorElement().style.marginBottom !== '60px')) .then(_ => { this.closeAnchor(); }); this.active = false; \/*}, 10);*\/ } } invisible() { this.active = true; this.getAnchorElement().style.animation = \"none\"; this.getAnchorElement().classList.remove('animate-show-up'); this.getAnchorElement().classList.add('animate-show-down'); setTimeout(() => { this.getAnchorElement().style.animation = \"\"; setTimeout(() => { this.getAnchorElement().classList.add('hidden'); this.active = false; }, 800); }, 10); } onShowAnchor() { let anchorReady = false;  \/*if (!this.active && !anchorReady) { if (this.getAnchorViews() <= 3) { if (window.scrollY > this.getHeightBlock()) { if (!this.passed && !this.closed) { this.visible(); this.passed = true; } } else { if (this.passed) { this.invisible(); this.passed = false; } } } else { if (!this.getAnchorElement().classList.contains('close')) { this.getAnchorElement().classList.add('close'); if (window.scrollY < this.getHeightBlock()) { this.invisible(); } } } }*\/ } closeAnchor() { if (this.closed) return; this.invisible(); this.getAnchorElement().classList.add('close'); this.closed = true; } getAnchorElement() { return this.lazyBlockAnchorTargets[0]; } getAnchorViews() { this.anchorViews = parseInt(sessionStorage.getItem(\"anchorViews\")) >= 1 ? parseInt(sessionStorage.getItem(\"anchorViews\")) : 0; return this.anchorViews; } setAnchorViews(views) { sessionStorage.setItem(\"anchorViews\", views); } getHeightBlock() { return this.lazyBlockTarget.offsetTop + this.lazyBlockTarget.offsetHeight - 110; } }) <\/script>  <div data-anchor-target=\"lazyBlockAnchor\" class=\"fixed w-full sm:w-96 px-3 py-2 bottom-0 left-0 hidden\" style=\"z-index: 999999;\" name=\"lazyBlockAnchor\">\n    <div class=\"grid justify-items-stretch\">        \n              <div class=\"relative justify-self-end top-4 -right-2\">\n          <button data-no-translation class=\"bg-white text-md font-medium text-center rounded-full h-7 w-7 border-2\" data-analytics-label=\"anchorCloseAnchor\" data-action=\"anchor#closeAnchor\" style=\"z-index: 999999;\">\n            X\n          <\/button>\n        <\/div>\n        <div class=\"w-full justify-self-start flex flex-col h-32 bg-white border-solid border-2 shadow-md rounded-md\">\n          <div class=\"mx-2 h-1\/2\">\n            <p class=\"px-5 text-center pt-4 text-sm\">\n              Como criar um curr\u00edculo de destaque            <\/p>\n          <\/div>\n          <div class=\"mx-2 mt-1 bottom-0 h-1\/2\">\n            <a class=\"w-full m-auto\" href=\"https:\/\/tvemfoco.com\/id\/como-criar-um-curriculo-que-chama-a-atencao-dos-recrutadores\/\"  data-analytics-label=\"anchorButton\" data-action=\"analytics#trackCTA\" >\n              <button class=\"flex m-auto border-0 py-2 px-6 focus:outline-none rounded text-center text-sm\">\n                Terus Membaca              <\/button>\n            <\/a>\n            <p class=\"text-gray-500 text-center mt-1\" style=\"font-size: 0.50rem;\">\n              Anda akan tetap berada di situs web yang sama  \n            <\/p>\n          <\/div>\n        <\/div>\n          <\/div>\n  <\/div>\n  <\/section>\n\n<\/div>","protected":false},"excerpt":{"rendered":"<p>Trabalhar o dia inteiro n\u00e3o precisa ser a \u00fanica op\u00e7\u00e3o. Conhe\u00e7a modelos de jornada flex\u00edvel que abrem espa\u00e7o para estudar, cuidar da fam\u00edlia e organizar o seu dia. <\/p>","protected":false},"author":19,"featured_media":14031,"comment_status":"open","ping_status":"open","sticky":false,"template":"","format":"standard","meta":[],"categories":[15],"tags":[],"yoast_head":"<!-- This site is optimized with the Yoast SEO Premium plugin v18.7 (Yoast SEO v19.1) - https:\/\/yoast.com\/wordpress\/plugins\/seo\/ -->\n<title>Trabalhos Flex\u00edveis: como sair de uma jornada que consome o seu dia inteiro!\u00a0 - TV em Foco<\/title>\n<meta name=\"description\" content=\"Trabalha o dia inteiro e n\u00e3o sobra tempo? Veja trabalhos flex\u00edveis que liberam sua agenda sem pedir experi\u00eancia.\" \/>\n<meta name=\"robots\" content=\"index, follow, max-snippet:-1, max-image-preview:large, max-video-preview:-1\" \/>\n<link rel=\"canonical\" href=\"https:\/\/tvemfoco.com\/id\/gm-trabalhos-flexiveis\/\" \/>\n<meta property=\"og:locale\" content=\"id_ID\" \/>\n<meta property=\"og:type\" content=\"article\" \/>\n<meta property=\"og:title\" content=\"Trabalhos Flex\u00edveis: como sair de uma jornada que consome o seu dia inteiro!\u00a0\" \/>\n<meta property=\"og:description\" content=\"Trabalha o dia inteiro e n\u00e3o sobra tempo? Veja trabalhos flex\u00edveis que liberam sua agenda sem pedir experi\u00eancia.\" \/>\n<meta property=\"og:url\" content=\"https:\/\/tvemfoco.com\/id\/gm-trabalhos-flexiveis\/\" \/>\n<meta property=\"og:site_name\" content=\"TV em Foco\" \/>\n<meta property=\"article:published_time\" content=\"2026-08-31T18:29:00+00:00\" \/>\n<meta property=\"article:modified_time\" content=\"2026-08-31T18:29:02+00:00\" \/>\n<meta property=\"og:image\" content=\"https:\/\/tvemfoco.com\/wp-content\/uploads\/2026\/08\/e-99.png\" \/>\n\t<meta property=\"og:image:width\" content=\"1366\" \/>\n\t<meta property=\"og:image:height\" content=\"768\" \/>\n\t<meta property=\"og:image:type\" content=\"image\/png\" \/>\n<meta name=\"twitter:card\" content=\"summary_large_image\" \/>\n<meta name=\"twitter:label1\" content=\"Written by\" \/>\n\t<meta name=\"twitter:data1\" content=\"Danielle Andersen\" \/>\n\t<meta name=\"twitter:label2\" content=\"Est. reading time\" \/>\n\t<meta name=\"twitter:data2\" content=\"11 menit\" \/>\n<script type=\"application\/ld+json\" class=\"yoast-schema-graph\">{\"@context\":\"https:\/\/schema.org\",\"@graph\":[{\"@type\":\"WebSite\",\"@id\":\"https:\/\/tvemfoco.com\/#website\",\"url\":\"https:\/\/tvemfoco.com\/\",\"name\":\"TV em Foco\",\"description\":\"A TV em Foco \u00e9 um site online que oferece not\u00edcias atualizadas sobre diversos assuntos\",\"potentialAction\":[{\"@type\":\"SearchAction\",\"target\":{\"@type\":\"EntryPoint\",\"urlTemplate\":\"https:\/\/tvemfoco.com\/?s={search_term_string}\"},\"query-input\":\"required name=search_term_string\"}],\"inLanguage\":\"id\"},{\"@type\":\"ImageObject\",\"inLanguage\":\"id\",\"@id\":\"https:\/\/tvemfoco.com\/gm-trabalhos-flexiveis\/#primaryimage\",\"url\":\"https:\/\/tvemfoco.com\/wp-content\/uploads\/2026\/08\/e-99.png\",\"contentUrl\":\"https:\/\/tvemfoco.com\/wp-content\/uploads\/2026\/08\/e-99.png\",\"width\":1366,\"height\":768,\"caption\":\"Fonte: Canva\"},{\"@type\":\"WebPage\",\"@id\":\"https:\/\/tvemfoco.com\/gm-trabalhos-flexiveis\/#webpage\",\"url\":\"https:\/\/tvemfoco.com\/gm-trabalhos-flexiveis\/\",\"name\":\"Trabalhos Flex\u00edveis: como sair de uma jornada que consome o seu dia inteiro!\u00a0 - TV em Foco\",\"isPartOf\":{\"@id\":\"https:\/\/tvemfoco.com\/#website\"},\"primaryImageOfPage\":{\"@id\":\"https:\/\/tvemfoco.com\/gm-trabalhos-flexiveis\/#primaryimage\"},\"datePublished\":\"2026-08-31T18:29:00+00:00\",\"dateModified\":\"2026-08-31T18:29:02+00:00\",\"author\":{\"@id\":\"https:\/\/tvemfoco.com\/#\/schema\/person\/0f2a8d3e53ebf0c6da433bb5bf7bd2ba\"},\"description\":\"Trabalha o dia inteiro e n\u00e3o sobra tempo? Veja trabalhos flex\u00edveis que liberam sua agenda sem pedir experi\u00eancia.\",\"breadcrumb\":{\"@id\":\"https:\/\/tvemfoco.com\/gm-trabalhos-flexiveis\/#breadcrumb\"},\"inLanguage\":\"id\",\"potentialAction\":[{\"@type\":\"ReadAction\",\"target\":[\"https:\/\/tvemfoco.com\/gm-trabalhos-flexiveis\/\"]}]},{\"@type\":\"BreadcrumbList\",\"@id\":\"https:\/\/tvemfoco.com\/gm-trabalhos-flexiveis\/#breadcrumb\",\"itemListElement\":[{\"@type\":\"ListItem\",\"position\":1,\"name\":\"Home\",\"item\":\"https:\/\/tvemfoco.com\/\"},{\"@type\":\"ListItem\",\"position\":2,\"name\":\"Trabalhos Flex\u00edveis: como sair de uma jornada que consome o seu dia inteiro!\u00a0\"}]},{\"@type\":\"Person\",\"@id\":\"https:\/\/tvemfoco.com\/#\/schema\/person\/0f2a8d3e53ebf0c6da433bb5bf7bd2ba\",\"name\":\"Danielle Andersen\",\"image\":{\"@type\":\"ImageObject\",\"inLanguage\":\"id\",\"@id\":\"https:\/\/tvemfoco.com\/#\/schema\/person\/image\/\",\"url\":\"https:\/\/secure.gravatar.com\/avatar\/f05d22728dc4acefbd04aac7816a7b14?s=96&d=mm&r=g\",\"contentUrl\":\"https:\/\/secure.gravatar.com\/avatar\/f05d22728dc4acefbd04aac7816a7b14?s=96&d=mm&r=g\",\"caption\":\"Danielle Andersen\"},\"description\":\"Unir a precis\u00e3o da linguagem \u00e0 paix\u00e3o pela engenharia sobre rodas \u00e9 o que define o meu trabalho. Graduanda em Letras, atuei por quatro anos como professora de L\u00edngua Portuguesa, Reda\u00e7\u00e3o e Pensamento Computacional \u2014 experi\u00eancias que lapidaram meu olhar cr\u00edtico, minha l\u00f3gica estrutural e meu compromisso com a clareza textual. Para mim, a escrita deve ser como um motor bem regulado: organizada, objetiva, potente e sem engasgos. Minha conex\u00e3o com o universo automotivo vai muito al\u00e9m da teoria. Vivi na pele a realidade de quem passou anos extraindo o m\u00e1ximo de desempenho de um valente Fiesta 2014 1.0, e hoje acompanho de perto a tecnologia e o comportamento din\u00e2mico de uma EcoSport 2018 1.5 Manual (o intrigante motor Dragon de 3 cilindros). Essa transi\u00e7\u00e3o pr\u00e1tica alimentou minha obsess\u00e3o por mec\u00e2nica, est\u00e9tica automotiva e performance acess\u00edvel. No mercado de produ\u00e7\u00e3o de conte\u00fado, fujo do \u00f3bvio. Traduzo termos t\u00e9cnicos complexos em artigos, guias e an\u00e1lises esteticamente bem constru\u00eddos, f\u00e1ceis de entender, mas sem perder o rigor t\u00e9cnico que os entusiastas e motoristas exigem. Seja analisando o desgaste de um componente mec\u00e2nico ou avaliando o melhor produto para est\u00e9tica de garagem, meu foco \u00e9 entregar conte\u00fados limpos, precisos e que gerem identifica\u00e7\u00e3o real com o leitor.\",\"url\":\"https:\/\/tvemfoco.com\/id\/author\/danielle-andersen\/\"}]}<\/script>\n<!-- \/ Yoast SEO Premium plugin. -->","yoast_head_json":{"title":"Trabalhos Flex\u00edveis: como sair de uma jornada que consome o seu dia inteiro!\u00a0 - TV em Foco","description":"Trabalha o dia inteiro e n\u00e3o sobra tempo? Veja trabalhos flex\u00edveis que liberam sua agenda sem pedir experi\u00eancia.","robots":{"index":"index","follow":"follow","max-snippet":"max-snippet:-1","max-image-preview":"max-image-preview:large","max-video-preview":"max-video-preview:-1"},"canonical":"https:\/\/tvemfoco.com\/id\/gm-trabalhos-flexiveis\/","og_locale":"id_ID","og_type":"article","og_title":"Trabalhos Flex\u00edveis: como sair de uma jornada que consome o seu dia inteiro!\u00a0","og_description":"Trabalha o dia inteiro e n\u00e3o sobra tempo? Veja trabalhos flex\u00edveis que liberam sua agenda sem pedir experi\u00eancia.","og_url":"https:\/\/tvemfoco.com\/id\/gm-trabalhos-flexiveis\/","og_site_name":"TV em Foco","article_published_time":"2026-08-31T18:29:00+00:00","article_modified_time":"2026-08-31T18:29:02+00:00","og_image":[{"width":1366,"height":768,"url":"https:\/\/tvemfoco.com\/wp-content\/uploads\/2026\/08\/e-99.png","type":"image\/png"}],"twitter_card":"summary_large_image","twitter_misc":{"Written by":"Danielle Andersen","Est. reading time":"11 menit"},"schema":{"@context":"https:\/\/schema.org","@graph":[{"@type":"WebSite","@id":"https:\/\/tvemfoco.com\/#website","url":"https:\/\/tvemfoco.com\/","name":"TV em Foco","description":"A TV em Foco \u00e9 um site online que oferece not\u00edcias atualizadas sobre diversos assuntos","potentialAction":[{"@type":"SearchAction","target":{"@type":"EntryPoint","urlTemplate":"https:\/\/tvemfoco.com\/?s={search_term_string}"},"query-input":"required name=search_term_string"}],"inLanguage":"id"},{"@type":"ImageObject","inLanguage":"id","@id":"https:\/\/tvemfoco.com\/gm-trabalhos-flexiveis\/#primaryimage","url":"https:\/\/tvemfoco.com\/wp-content\/uploads\/2026\/08\/e-99.png","contentUrl":"https:\/\/tvemfoco.com\/wp-content\/uploads\/2026\/08\/e-99.png","width":1366,"height":768,"caption":"Fonte: Canva"},{"@type":"WebPage","@id":"https:\/\/tvemfoco.com\/gm-trabalhos-flexiveis\/#webpage","url":"https:\/\/tvemfoco.com\/gm-trabalhos-flexiveis\/","name":"Trabalhos Flex\u00edveis: como sair de uma jornada que consome o seu dia inteiro!\u00a0 - TV em Foco","isPartOf":{"@id":"https:\/\/tvemfoco.com\/#website"},"primaryImageOfPage":{"@id":"https:\/\/tvemfoco.com\/gm-trabalhos-flexiveis\/#primaryimage"},"datePublished":"2026-08-31T18:29:00+00:00","dateModified":"2026-08-31T18:29:02+00:00","author":{"@id":"https:\/\/tvemfoco.com\/#\/schema\/person\/0f2a8d3e53ebf0c6da433bb5bf7bd2ba"},"description":"Trabalha o dia inteiro e n\u00e3o sobra tempo? Veja trabalhos flex\u00edveis que liberam sua agenda sem pedir experi\u00eancia.","breadcrumb":{"@id":"https:\/\/tvemfoco.com\/gm-trabalhos-flexiveis\/#breadcrumb"},"inLanguage":"id","potentialAction":[{"@type":"ReadAction","target":["https:\/\/tvemfoco.com\/gm-trabalhos-flexiveis\/"]}]},{"@type":"BreadcrumbList","@id":"https:\/\/tvemfoco.com\/gm-trabalhos-flexiveis\/#breadcrumb","itemListElement":[{"@type":"ListItem","position":1,"name":"Home","item":"https:\/\/tvemfoco.com\/"},{"@type":"ListItem","position":2,"name":"Trabalhos Flex\u00edveis: como sair de uma jornada que consome o seu dia inteiro!\u00a0"}]},{"@type":"Person","@id":"https:\/\/tvemfoco.com\/#\/schema\/person\/0f2a8d3e53ebf0c6da433bb5bf7bd2ba","name":"Danielle Andersen","image":{"@type":"ImageObject","inLanguage":"id","@id":"https:\/\/tvemfoco.com\/#\/schema\/person\/image\/","url":"https:\/\/secure.gravatar.com\/avatar\/f05d22728dc4acefbd04aac7816a7b14?s=96&d=mm&r=g","contentUrl":"https:\/\/secure.gravatar.com\/avatar\/f05d22728dc4acefbd04aac7816a7b14?s=96&d=mm&r=g","caption":"Danielle Andersen"},"description":"Unir a precis\u00e3o da linguagem \u00e0 paix\u00e3o pela engenharia sobre rodas \u00e9 o que define o meu trabalho. Graduanda em Letras, atuei por quatro anos como professora de L\u00edngua Portuguesa, Reda\u00e7\u00e3o e Pensamento Computacional \u2014 experi\u00eancias que lapidaram meu olhar cr\u00edtico, minha l\u00f3gica estrutural e meu compromisso com a clareza textual. Para mim, a escrita deve ser como um motor bem regulado: organizada, objetiva, potente e sem engasgos. Minha conex\u00e3o com o universo automotivo vai muito al\u00e9m da teoria. Vivi na pele a realidade de quem passou anos extraindo o m\u00e1ximo de desempenho de um valente Fiesta 2014 1.0, e hoje acompanho de perto a tecnologia e o comportamento din\u00e2mico de uma EcoSport 2018 1.5 Manual (o intrigante motor Dragon de 3 cilindros). Essa transi\u00e7\u00e3o pr\u00e1tica alimentou minha obsess\u00e3o por mec\u00e2nica, est\u00e9tica automotiva e performance acess\u00edvel. No mercado de produ\u00e7\u00e3o de conte\u00fado, fujo do \u00f3bvio. Traduzo termos t\u00e9cnicos complexos em artigos, guias e an\u00e1lises esteticamente bem constru\u00eddos, f\u00e1ceis de entender, mas sem perder o rigor t\u00e9cnico que os entusiastas e motoristas exigem. Seja analisando o desgaste de um componente mec\u00e2nico ou avaliando o melhor produto para est\u00e9tica de garagem, meu foco \u00e9 entregar conte\u00fados limpos, precisos e que gerem identifica\u00e7\u00e3o real com o leitor.","url":"https:\/\/tvemfoco.com\/id\/author\/danielle-andersen\/"}]}},"_links":{"self":[{"href":"https:\/\/tvemfoco.com\/id\/wp-json\/wp\/v2\/posts\/14030"}],"collection":[{"href":"https:\/\/tvemfoco.com\/id\/wp-json\/wp\/v2\/posts"}],"about":[{"href":"https:\/\/tvemfoco.com\/id\/wp-json\/wp\/v2\/types\/post"}],"author":[{"embeddable":true,"href":"https:\/\/tvemfoco.com\/id\/wp-json\/wp\/v2\/users\/19"}],"replies":[{"embeddable":true,"href":"https:\/\/tvemfoco.com\/id\/wp-json\/wp\/v2\/comments?post=14030"}],"version-history":[{"count":1,"href":"https:\/\/tvemfoco.com\/id\/wp-json\/wp\/v2\/posts\/14030\/revisions"}],"predecessor-version":[{"id":14032,"href":"https:\/\/tvemfoco.com\/id\/wp-json\/wp\/v2\/posts\/14030\/revisions\/14032"}],"wp:featuredmedia":[{"embeddable":true,"href":"https:\/\/tvemfoco.com\/id\/wp-json\/wp\/v2\/media\/14031"}],"wp:attachment":[{"href":"https:\/\/tvemfoco.com\/id\/wp-json\/wp\/v2\/media?parent=14030"}],"wp:term":[{"taxonomy":"category","embeddable":true,"href":"https:\/\/tvemfoco.com\/id\/wp-json\/wp\/v2\/categories?post=14030"},{"taxonomy":"post_tag","embeddable":true,"href":"https:\/\/tvemfoco.com\/id\/wp-json\/wp\/v2\/tags?post=14030"}],"curies":[{"name":"wp","href":"https:\/\/api.w.org\/{rel}","templated":true}]}}