{"id":8607,"date":"2023-04-10T12:00:00","date_gmt":"2023-04-10T12:00:00","guid":{"rendered":"https:\/\/tvemfoco.com\/?p=8607"},"modified":"2024-07-08T17:57:00","modified_gmt":"2024-07-08T17:57:00","slug":"abono-salarial","status":"publish","type":"post","link":"https:\/\/tvemfoco.com\/fr\/abono-salarial\/","title":{"rendered":"Allocation de salaire : tout savoir sur cet avantage"},"content":{"rendered":"<!--advertisement--><div class=\"mx-5 sm:mx-0 sm:text-3xl text-2xl font-medium title-font mb-4 text-gray-900 text-left\">\n<h2 id=\"h-conheca-o-salario-extra-que-ajuda-milhares-de-brasileiros\">D\u00e9couvrez le salaire suppl\u00e9mentaire qui aide des milliers de Br\u00e9siliens<\/h2>\n<\/div><!--image--><div class=\"px-5 sm:px-0 sm:w-[800px] sm:ml-[50%] sm:-translate-x-2\/4 rounded-lg overflow-hidden mb-5 text-center\">\n<figure class=\"wp-block-image size-large\"><img decoding=\"async\" width=\"1024\" height=\"683\" loading=\"lazy\" src=\"https:\/\/tvemfoco.com\/wp-content\/uploads\/2023\/03\/AdobeStock_318034840-1024x683.jpeg\" alt=\"pessoa segurando notas de dinheiro\" class=\"w-full object-cover object-center border mx-auto wp-image-8609\" srcset=\"https:\/\/tvemfoco.com\/wp-content\/uploads\/2023\/03\/AdobeStock_318034840-1024x683.jpeg 1024w, https:\/\/tvemfoco.com\/wp-content\/uploads\/2023\/03\/AdobeStock_318034840-300x200.jpeg 300w, https:\/\/tvemfoco.com\/wp-content\/uploads\/2023\/03\/AdobeStock_318034840-768x512.jpeg 768w, https:\/\/tvemfoco.com\/wp-content\/uploads\/2023\/03\/AdobeStock_318034840-1536x1024.jpeg 1536w, https:\/\/tvemfoco.com\/wp-content\/uploads\/2023\/03\/AdobeStock_318034840-2048x1365.jpeg 2048w\" sizes=\"(max-width: 1024px) 100vw, 1024px\" \/><figcaption class=\"mt-5 text-xs text-center border-b pb-4\">D\u00e9couvrez l&#039;allocation salariale. Source : Adobe Stock<\/figcaption><\/figure>\n<\/div><!--image--><div class=\"mx-5 sm:mx-0 prose leading-relaxed text-lg mb-5 text-left wp-paragraph\">\n<p>L\u2019allocation salariale est un avantage aussi pr\u00e9cieux que myst\u00e9rieux. Pour de nombreux travailleurs, c\u2019est comme un tr\u00e9sor cach\u00e9.<\/p>\n<\/div><div class=\"mx-5 sm:mx-0 prose leading-relaxed text-lg mb-5 text-left wp-paragraph\">\n<p>Vous attendez certainement avec impatience ce moment : l\u2019opportunit\u00e9, une fois par an, d\u2019obtenir un soulagement financier bienvenu et tant attendu.<\/p>\n<\/div><div class=\"wp-block-lazyblock-cta lazyblock-cta-Z1McWfV\">\n  <section class=\"cta mx-5 sm:mx-0 text-gray-600 body-font my-10 border-gray-200 border-b border-l border-r sm:border-0\">\n    <div class=\"h-1 bg-gray-200 rounded overflow-hidden\">\n      <div class=\"w-24 h-full\"><\/div>\n    <\/div>\n    <div class=\"container px-5 pt-6 pb-6 mx-auto flex flex-wrap\" data-anchor-target=\"lazyBlock\">    \n    \n              <a class=\"flex flex-wrap content-center w-full mb-4 md:hidden\" href=\"https:\/\/tvemfoco.com\/fr\/como-sacar-abono-salarial\/\"  data-analytics-label=\"ctaImage\" data-action=\"analytics#trackCTA\" aria-label=\"Comment retirer la prime salariale\">\n          <div class=\"m-auto float-none\">\n            <img decoding=\"async\" loading=\"lazy\" src=\"https:\/\/tvemfoco.com\/wp-content\/uploads\/2023\/03\/AdobeStock_432628469-scaled.jpeg\" alt=\"\">\n          <\/div>\n        <\/a>\n            <h2 class=\"w-full sm:text-3xl text-2xl text-gray-900 font-medium title-font mb-2 text-center md:text-left md:w-2\/5\">\n        <a href=\"https:\/\/tvemfoco.com\/fr\/como-sacar-abono-salarial\/\" data-analytics-label=\"ctaTitle\" data-action=\"analytics#trackCTA\" aria-label=\"Comment retirer la prime salariale\">\n            Comment retirer la prime salariale        <\/a>\n      <\/h2>\n      <div class=\"w-full md:w-3\/5 md:pl-6\">\n        <p class=\"text-center md:text-left leading-relaxed text-base\">\n            Voir les d\u00e9tails pour b\u00e9n\u00e9ficier de cet avantage tr\u00e8s important.        <\/p>\n        <div class=\"flex mt-6 w-full flex-1 justify-center ml-auto md:mt-4 md:justify-start\" style=\"font-weight: bold;\">\n          <a class=\"inline-flex items-center\" href=\"https:\/\/tvemfoco.com\/fr\/como-sacar-abono-salarial\/\"  data-analytics-label=\"ctaButton\" data-action=\"analytics#trackCTA\" >\n            Continuer la lecture            <svg fill=\"none\" stroke=\"currentColor\" stroke-linecap=\"round\" stroke-linejoin=\"round\" stroke-width=\"2\" class=\"w-4 h-4 ml-2\" viewbox=\"0 0 24 24\">\n              <path d=\"M5 12h14M12 5l7 7-7 7\"><\/path>\n            <\/svg>\n          <\/a>\n        <\/div>\n      <\/div>  \n          \n    <\/div>\n      <script type=\"module\"> function waitFor(conditionFunction) { const poll = resolve => { if(conditionFunction()) resolve(); else setTimeout(_ => poll(resolve), 400); }; return new Promise(poll); } import { Application, Controller } from \"\/wp-content\/themes\/twentytwentyone\/assets\/js\/stimulus.min.js\"; let Stimulus = Application.start(); Stimulus.register(\"anchor\", class extends Controller { static get targets() { return [ \"lazyBlock\", \"lazyBlockAnchor\" ]; } initialize() { this.active = false; this.passed = false; this.closed = false; this.anchorViews = 0; this.boundOnShowAnchor = this.onShowAnchor.bind(this); window.anchorReady = window.anchorReady || false; waitFor(_ => (window.scrollY > this.getHeightBlock() && !this.active)) .then(_ => { !window.anchorReady? this.visible() : ''; window.anchorReady = true; }); if (document.getElementById('landing')) { setTimeout(() => { !window.anchorReady ? this.visible() : ''; window.anchorReady = true; }, 1 * 30000); }; } connect() { this.onShowAnchor(); document.addEventListener(\"scroll\", this.boundOnShowAnchor); } disconnect() { document.removeEventListener(\"scroll\", this.boundOnShowAnchor); } visible() { if (document.getElementById('av-offerwall__wrapper')) { setTimeout(() => this.visible(), 20000); return; } if (document.getElementById('av-fixed__bottomWrapper') && document.getElementById('av-fixed__bottomWrapper').style.display !== 'none' && document.getElementById('av-fixed__bottomWrapper').getBoundingClientRect().height > 100) { setTimeout(() => this.visible(), 1000); return; } if (document.getElementById('av-fixed__bottomWrapper') && document.getElementById('av-fixed__bottomWrapper').style.display !== 'none' && document.getElementById('av-fixed__bottomWrapper').getBoundingClientRect().height > 10) { this.getAnchorElement().style.marginBottom = '60px'; } if (document.querySelector('[data-anchor-shown=\"true\"]') && document.querySelector('[data-anchor-shown=\"true\"]').style.bottom === '0px') { setTimeout(() => this.visible(), 1000); return; } if (!window.km2AnchorReady) { this.active = true; \/*this.getAnchorElement().style.animation = \"none\"; this.getAnchorElement().classList.remove('animate-show-down');*\/ \/*this.getAnchorElement().classList.add('animate-show-up');*\/ \/*setTimeout(() => {*\/ \/*this.getAnchorElement().style.animation = \"\";*\/ this.getAnchorElement().classList.add('animate-show-up'); this.getAnchorElement().classList.remove('hidden'); this.setAnchorViews(this.anchorViews+1); setTimeout(() => this.closeAnchor(), 20000); waitFor(_ => (document.getElementById('av-fixed__bottomWrapper') && document.getElementById('av-fixed__bottomWrapper').style.display !== 'none' && document.getElementById('av-fixed__bottomWrapper').getBoundingClientRect().height > 10 && this.getAnchorElement().style.marginBottom !== '60px')) .then(_ => { this.closeAnchor(); }); this.active = false; \/*}, 10);*\/ } } invisible() { this.active = true; this.getAnchorElement().style.animation = \"none\"; this.getAnchorElement().classList.remove('animate-show-up'); this.getAnchorElement().classList.add('animate-show-down'); setTimeout(() => { this.getAnchorElement().style.animation = \"\"; setTimeout(() => { this.getAnchorElement().classList.add('hidden'); this.active = false; }, 800); }, 10); } onShowAnchor() { let anchorReady = false;  \/*if (!this.active && !anchorReady) { if (this.getAnchorViews() <= 3) { if (window.scrollY > this.getHeightBlock()) { if (!this.passed && !this.closed) { this.visible(); this.passed = true; } } else { if (this.passed) { this.invisible(); this.passed = false; } } } else { if (!this.getAnchorElement().classList.contains('close')) { this.getAnchorElement().classList.add('close'); if (window.scrollY < this.getHeightBlock()) { this.invisible(); } } } }*\/ } closeAnchor() { if (this.closed) return; this.invisible(); this.getAnchorElement().classList.add('close'); this.closed = true; } getAnchorElement() { return this.lazyBlockAnchorTargets[0]; } getAnchorViews() { this.anchorViews = parseInt(sessionStorage.getItem(\"anchorViews\")) >= 1 ? parseInt(sessionStorage.getItem(\"anchorViews\")) : 0; return this.anchorViews; } setAnchorViews(views) { sessionStorage.setItem(\"anchorViews\", views); } getHeightBlock() { return this.lazyBlockTarget.offsetTop + this.lazyBlockTarget.offsetHeight - 110; } }) <\/script>  <div data-anchor-target=\"lazyBlockAnchor\" class=\"fixed w-full sm:w-96 px-3 py-2 bottom-0 left-0 hidden\" style=\"z-index: 999999;\" name=\"lazyBlockAnchor\">\n    <div class=\"grid justify-items-stretch\">        \n              <div class=\"relative justify-self-end top-4 -right-2\">\n          <button data-no-translation class=\"bg-white text-md font-medium text-center rounded-full h-7 w-7 border-2\" data-analytics-label=\"anchorCloseAnchor\" data-action=\"anchor#closeAnchor\" style=\"z-index: 999999;\">\n            X\n          <\/button>\n        <\/div>\n        <div class=\"justify-self-auto flex flex-col h-32 bg-white border-solid border-2 shadow-md rounded-md\">\n          <div class=\"flex my-0 h-full\">\n            <div class=\"w-2\/5 p-1 ml-2 mt-2 w-full\">\n              <a href=\"https:\/\/tvemfoco.com\/fr\/como-sacar-abono-salarial\/\"  data-analytics-label=\"anchorImage\" data-action=\"analytics#trackCTA\">          \n                <img decoding=\"async\" loading=\"lazy\" alt=\"card\" class=\"w-full object-cover h-24 object-center rounded justify-self-auto border-2 border-gray-100\" src=\"https:\/\/tvemfoco.com\/wp-content\/uploads\/2023\/03\/AdobeStock_432628469-scaled.jpeg\">          \n              <\/a>\n            <\/div>\n            <div class=\"w-3\/5 my-2\">\n              <p class=\"px-4 text-center text-xs h-1\/2\">\n                Comment retirer la prime salariale              <\/p>\n              <a href=\"https:\/\/tvemfoco.com\/fr\/como-sacar-abono-salarial\/\"  data-analytics-label=\"anchorButton\" data-action=\"analytics#trackCTA\" >\n                <button class=\"flex w-5\/6 m-auto mt-2 border-0 py-1 px-3 focus:outline-none rounded\">                \n                  <p class=\"text-center w-full\" style=\"font-size: 0.67rem;\">\n                    Continuer la lecture                  <\/p>\n                <\/button>\n              <\/a>\n              <p class=\"text-gray-500 text-center mt-1\" style=\"font-size: 0.50rem;\">\n                Je me reposerai sur mon propre site Web              <\/p>\n            <\/div>\n          <\/div>\n        <\/div>\n          <\/div>\n  <\/div>\n  <\/section>\n\n<\/div><div class=\"mx-5 sm:mx-0 prose leading-relaxed text-lg mb-5 text-left wp-paragraph\">\n<p>Mais la question br\u00fblante est de savoir comment fonctionne l\u2019allocation salariale ? Si vous aussi \u00eates curieux, continuez \u00e0 lire et d\u00e9couvrez tout sur ce droit important pour les travailleurs br\u00e9siliens.<\/p>\n<\/div><div class=\"mx-5 sm:mx-0 prose leading-relaxed text-lg mb-5 text-left wp-paragraph\">\n<p>Pr\u00e9parez-vous \u00e0 \u00eatre surpris par des informations utiles et int\u00e9ressantes sur les avantages. Tout comme cela peut faire une diff\u00e9rence dans la vie de nombreuses personnes.<\/p>\n<\/div><!--advertisement--><div class=\"mx-5 sm:mx-0 sm:text-3xl text-2xl font-medium title-font mb-4 text-gray-900 text-left\">\n<h2 id=\"h-o-que-e-e-como-funciona-o-abono-salarial\">Qu&#039;est-ce que l&#039;indemnit\u00e9 de salaire et comment fonctionne-t-elle ?<\/h2>\n<\/div><!--image--><div class=\"px-5 sm:px-0 sm:w-[800px] sm:ml-[50%] sm:-translate-x-2\/4 rounded-lg overflow-hidden mb-5 text-center\">\n<figure class=\"wp-block-image size-large\"><img decoding=\"async\" width=\"1024\" height=\"683\" loading=\"lazy\" src=\"https:\/\/tvemfoco.com\/wp-content\/uploads\/2023\/03\/AdobeStock_446107040-1024x683.jpeg\" alt=\"moedas com imagem de homem andando por cima\" class=\"w-full object-cover object-center border mx-auto wp-image-8611\" srcset=\"https:\/\/tvemfoco.com\/wp-content\/uploads\/2023\/03\/AdobeStock_446107040-1024x683.jpeg 1024w, https:\/\/tvemfoco.com\/wp-content\/uploads\/2023\/03\/AdobeStock_446107040-300x200.jpeg 300w, https:\/\/tvemfoco.com\/wp-content\/uploads\/2023\/03\/AdobeStock_446107040-768x512.jpeg 768w, https:\/\/tvemfoco.com\/wp-content\/uploads\/2023\/03\/AdobeStock_446107040-1536x1024.jpeg 1536w, https:\/\/tvemfoco.com\/wp-content\/uploads\/2023\/03\/AdobeStock_446107040-2048x1365.jpeg 2048w\" sizes=\"(max-width: 1024px) 100vw, 1024px\" \/><figcaption class=\"mt-5 text-xs text-center border-b pb-4\">Quelle est l&#039;allocation? Source : Adobe Stock<\/figcaption><\/figure>\n<\/div><!--image--><div class=\"mx-5 sm:mx-0 prose leading-relaxed text-lg mb-5 text-left wp-paragraph\">\n<p>Tout d\u2019abord, l\u2019Abono Salarial constitue un v\u00e9ritable soulagement financier pour de nombreux travailleurs br\u00e9siliens. Apr\u00e8s tout, il est garanti chaque ann\u00e9e par le gouvernement.<\/p>\n<\/div><div class=\"mx-5 sm:mx-0 prose leading-relaxed text-lg mb-5 text-left wp-paragraph\">\n<p>L&#039;objectif est d&#039;aider les travailleurs qui gagnent moins \u00e0 cl\u00f4turer leurs comptes \u00e0 la fin du mois. En outre, cet avantage stimule \u00e9galement la consommation et stimule l\u2019\u00e9conomie du pays.<\/p>\n<\/div><!--advertisement--><div class=\"mx-5 sm:mx-0 sm:text-3xl text-2xl font-medium title-font mb-4 text-gray-900 text-left\">\n<h2 id=\"h-quem-tem-direito-ao-beneficio\">Qui a droit \u00e0 la prestation ?<\/h2>\n<\/div><div class=\"mx-5 sm:mx-0 prose leading-relaxed text-lg mb-5 text-left wp-paragraph\">\n<p>Premi\u00e8rement, le travailleur doit \u00eatre inscrit au PIS\/PASEP depuis au moins 5 ans. Il est \u00e9galement n\u00e9cessaire d&#039;avoir un salaire \u00e9gal au maximum \u00e0 deux salaires minimum au cours de l&#039;ann\u00e9e pr\u00e9c\u00e9dente.<\/p>\n<\/div><div class=\"mx-5 sm:mx-0 prose leading-relaxed text-lg mb-5 text-left wp-paragraph\">\n<p>De plus, vous devez avoir travaill\u00e9 au moins 30 jours pour une entreprise. Ils peuvent \u00eatre cons\u00e9cutifs ou non, au cours d&#039;une m\u00eame p\u00e9riode.<\/p>\n<\/div><div class=\"mx-5 sm:mx-0 prose leading-relaxed text-lg mb-5 text-left wp-paragraph\">\n<p>Enfin, n&#039;oubliez pas de conserver les donn\u00e9es relatives \u00e0 votre travail correctes et mises \u00e0 jour dans la liste annuelle d&#039;informations sociales.<\/p>\n<\/div><!--advertisement--><div class=\"mx-5 sm:mx-0 sm:text-3xl text-2xl font-medium title-font mb-4 text-gray-900 text-left\">\n<h2 id=\"h-qual-o-valor-do-abono-salarial\">Quelle est la valeur de l\u2019indemnit\u00e9 de salaire ?<\/h2>\n<\/div><div class=\"mx-5 sm:mx-0 prose leading-relaxed text-lg mb-5 text-left wp-paragraph\">\n<p>Dans un premier temps, le calcul de la valeur de la prestation varie en fonction du nombre de mois travaill\u00e9s au cours de l&#039;ann\u00e9e de base et du salaire minimum en vigueur. Actuellement, le montant peut \u00eatre un salaire minimum complet ou un montant proportionnel. Voyez comment il est calcul\u00e9\u00a0:<\/p>\n<\/div><div class=\"mx-5 sm:mx-0 prose leading-relaxed text-lg mb-5 text-left wp-paragraph\">\n<p><strong>Montant:<\/strong> Si vous avez travaill\u00e9 les 12 mois de l&#039;ann\u00e9e de base, vous recevrez un salaire minimum.<\/p>\n<\/div><div class=\"mx-5 sm:mx-0 prose leading-relaxed text-lg mb-5 text-left wp-paragraph\">\n<p><strong>Valeur proportionnelle\u00a0:<\/strong> Si vous avez travaill\u00e9 moins de 12 mois, le montant est calcul\u00e9 sur la base des mois r\u00e9ellement travaill\u00e9s. Par exemple, si vous avez travaill\u00e9 6 mois, vous recevez la moiti\u00e9 du SMIC.<\/p>\n<\/div><div class=\"mx-5 sm:mx-0 prose leading-relaxed text-lg mb-5 text-left wp-paragraph\">\n<p>Le paiement de l&#039;indemnit\u00e9 salariale est effectu\u00e9 par la Caixa Econ\u00f4mica Federal ou la Banco do Brasil. Consultez le calendrier de paiement pour savoir quand vous recevrez le montant.<\/p>\n<\/div><!--advertisement--><div class=\"mx-5 sm:mx-0 sm:text-3xl text-2xl font-medium title-font mb-4 text-gray-900 text-left\">\n<h2 id=\"h-qual-o-calendario-de-pagamento-do-abono-salarial-em-2023\">Quel est le calendrier de versement des allocations salariales en 2023 ?<\/h2>\n<\/div><div class=\"mx-5 sm:mx-0 prose leading-relaxed text-lg mb-5 text-left wp-paragraph\">\n<p>Le paiement de l&#039;allocation salariale s&#039;effectue en fonction du mois de naissance. Alors, consultez la liste ci-dessous et pr\u00e9parez-vous \u00e0 recevoir votre avantage. <\/p>\n<\/div><div class=\"mx-5 sm:mx-0 prose text-left mb-5\">\n<ul><div class=\"mx-5 sm:mx-0 prose text-left mb-5\">\n<li>Janvier et f\u00e9vrier recevront le 15\/02 ;<\/li>\n<\/div>\n\n<div class=\"mx-5 sm:mx-0 prose text-left mb-5\">\n<li>Mars et avril : r\u00e9ception le 15\/03 ;<\/li>\n<\/div>\n\n<div class=\"mx-5 sm:mx-0 prose text-left mb-5\">\n<li>Mai et juin : r\u00e9ception le 17\/04 ;<\/li>\n<\/div>\n\n<div class=\"mx-5 sm:mx-0 prose text-left mb-5\">\n<li>Juillet et ao\u00fbt : r\u00e9ception le 15\/05 ;<\/li>\n<\/div>\n\n<div class=\"mx-5 sm:mx-0 prose text-left mb-5\">\n<li>Septembre et octobre : r\u00e9ception le 15\/06 ;<\/li>\n<\/div>\n\n<div class=\"mx-5 sm:mx-0 prose text-left mb-5\">\n<li>Novembre et d\u00e9cembre : r\u00e9ception le 17\/07.<\/li>\n<\/div><\/ul>\n<\/div><div class=\"mx-5 sm:mx-0 prose leading-relaxed text-lg mb-5 text-left wp-paragraph\">\n<p>Enfin, n&#039;oubliez pas de retirer le montant avant le 28\/12\/2023.<\/p>\n<\/div><!--advertisement--><div class=\"mx-5 sm:mx-0 sm:text-3xl text-2xl font-medium title-font mb-4 text-gray-900 text-left\">\n<h2 id=\"h-quais-as-vantagens-deste-beneficio-do-governo\">Quels sont les avantages de cette prestation gouvernementale ?<\/h2>\n<\/div><div class=\"mx-5 sm:mx-0 prose leading-relaxed text-lg mb-5 text-left wp-paragraph\">\n<p>Premi\u00e8rement, l\u2019allocation salariale est extr\u00eamement importante, car elle offre plusieurs avantages aux travailleurs qui ont besoin d\u2019une aide financi\u00e8re. Certains des avantages sont\u00a0:<\/p>\n<\/div><div class=\"mx-5 sm:mx-0 prose text-left mb-5\">\n<ul><div class=\"mx-5 sm:mx-0 prose text-left mb-5\">\n<li>Suppl\u00e9ment de salaire\u00a0;<\/li>\n<\/div>\n\n<div class=\"mx-5 sm:mx-0 prose text-left mb-5\">\n<li>R\u00e9duction des in\u00e9galit\u00e9s sociales ;<\/li>\n<\/div>\n\n<div class=\"mx-5 sm:mx-0 prose text-left mb-5\">\n<li>Encouragement \u00e0 formaliser le travail\u00a0;<\/li>\n<\/div>\n\n<div class=\"mx-5 sm:mx-0 prose text-left mb-5\">\n<li>Renforcer le march\u00e9 int\u00e9rieur\u00a0;<\/li>\n<\/div>\n\n<div class=\"mx-5 sm:mx-0 prose text-left mb-5\">\n<li>Encouragement \u00e0 l&#039;\u00e9ducation.<\/li>\n<\/div><\/ul>\n<\/div><!--advertisement--><div class=\"mx-5 sm:mx-0 sm:text-3xl text-2xl font-medium title-font mb-4 text-gray-900 text-left\">\n<h2 id=\"h-como-se-cadastrar-no-abono-salarial\">Comment s\u2019inscrire \u00e0 Abono Salarial ?<\/h2>\n<\/div><div class=\"mx-5 sm:mx-0 prose leading-relaxed text-lg mb-5 text-left wp-paragraph\">\n<p>Si vous souhaitez savoir comment vous inscrire pour b\u00e9n\u00e9ficier de cet avantage, vous \u00eates au bon endroit.<\/p>\n<\/div><div class=\"mx-5 sm:mx-0 prose leading-relaxed text-lg mb-5 text-left wp-paragraph\">\n<p>Pour b\u00e9n\u00e9ficier de l\u2019avantage, c\u2019est un processus simple, apr\u00e8s tout, vous n\u2019avez pas besoin de vous inscrire. Il est toutefois important de v\u00e9rifier si vous avez droit \u00e0 cette prestation.<\/p>\n<\/div><div class=\"mx-5 sm:mx-0 prose leading-relaxed text-lg mb-5 text-left wp-paragraph\">\n<p>Plus tard, vous devriez regarder les dates de paiement dans la liste selon le mois de naissance pour identifier quand vous recevrez le montant.<\/p>\n<\/div><div class=\"mx-5 sm:mx-0 prose leading-relaxed text-lg mb-5 text-left wp-paragraph\">\n<p>Il convient de noter que le montant sera d\u00e9pos\u00e9 sur le compte Caixa, dans le cas des entreprises priv\u00e9es. Les travailleurs des entreprises publiques doivent recevoir le montant sur leur compte courant ou dans les agences de la Banco do Brasil.<\/p>\n<\/div><!--advertisement--><div class=\"mx-5 sm:mx-0 sm:text-3xl text-2xl font-medium title-font mb-4 text-gray-900 text-left\">\n<h2 id=\"h-como-consultar-se-voce-tem-direito-ao-beneficio\">Comment v\u00e9rifier si vous avez droit \u00e0 la prestation ?<\/h2>\n<\/div><!--image--><div class=\"px-5 sm:px-0 sm:w-[800px] sm:ml-[50%] sm:-translate-x-2\/4 rounded-lg overflow-hidden mb-5 text-center\">\n<figure class=\"wp-block-image size-large\"><img decoding=\"async\" width=\"1024\" height=\"683\" loading=\"lazy\" src=\"https:\/\/tvemfoco.com\/wp-content\/uploads\/2023\/03\/AdobeStock_338295429-4-1024x683.jpeg\" alt=\"pessoa usando notebook\" class=\"w-full object-cover object-center border mx-auto wp-image-8612\" srcset=\"https:\/\/tvemfoco.com\/wp-content\/uploads\/2023\/03\/AdobeStock_338295429-4-1024x683.jpeg 1024w, https:\/\/tvemfoco.com\/wp-content\/uploads\/2023\/03\/AdobeStock_338295429-4-300x200.jpeg 300w, https:\/\/tvemfoco.com\/wp-content\/uploads\/2023\/03\/AdobeStock_338295429-4-768x512.jpeg 768w, https:\/\/tvemfoco.com\/wp-content\/uploads\/2023\/03\/AdobeStock_338295429-4-1536x1024.jpeg 1536w, https:\/\/tvemfoco.com\/wp-content\/uploads\/2023\/03\/AdobeStock_338295429-4-2048x1365.jpeg 2048w\" sizes=\"(max-width: 1024px) 100vw, 1024px\" \/><figcaption class=\"mt-5 text-xs text-center border-b pb-4\">Voir comment consulter. Source : Actions<\/figcaption><\/figure>\n<\/div><!--image--><div class=\"mx-5 sm:mx-0 prose leading-relaxed text-lg mb-5 text-left wp-paragraph\">\n<p>Tout d\u2019abord, pour v\u00e9rifier si vous avez droit \u00e0 la prestation, vous pouvez suivre les \u00e9tapes suivantes :<\/p>\n<\/div><div class=\"mx-5 sm:mx-0 prose leading-relaxed text-lg mb-5 text-left wp-paragraph\">\n<p>1- Visitez le site officiel de Caixa Econ\u00f4mica Federal ou utilisez l&#039;une des applications de Caixa ;<\/p>\n<\/div><div class=\"mx-5 sm:mx-0 prose leading-relaxed text-lg mb-5 text-left wp-paragraph\">\n<p>2- Recherchez l&#039;option \u00ab Allocation salariale \u00bb ;<\/p>\n<\/div><div class=\"mx-5 sm:mx-0 prose leading-relaxed text-lg mb-5 text-left wp-paragraph\">\n<p>3- S\u00e9lectionnez l&#039;option permettant de v\u00e9rifier le paiement ou l&#039;allocation salariale\u00a0;<\/p>\n<\/div><div class=\"mx-5 sm:mx-0 prose leading-relaxed text-lg mb-5 text-left wp-paragraph\">\n<p>4- Connectez-vous avec votre CPF et votre mot de passe.<\/p>\n<\/div><div class=\"mx-5 sm:mx-0 prose leading-relaxed text-lg mb-5 text-left wp-paragraph\">\n<p>Si vous avez droit \u00e0 la prestation, la consultation vous informera de la date de versement et du montant \u00e0 percevoir. Enfin, si vous souhaitez plus de d\u00e9tails sur la fa\u00e7on de profiter de cet avantage, consultez l&#039;article ci-dessous.<\/p>\n<\/div><div class=\"wp-block-lazyblock-cta lazyblock-cta-dhaAf\">\n  <section class=\"cta mx-5 sm:mx-0 text-gray-600 body-font my-10 border-gray-200 border-b border-l border-r sm:border-0\">\n    <div class=\"h-1 bg-gray-200 rounded overflow-hidden\">\n      <div class=\"w-24 h-full\"><\/div>\n    <\/div>\n    <div class=\"container px-5 pt-6 pb-6 mx-auto flex flex-wrap\" data-anchor-target=\"lazyBlock\">    \n    \n              <a class=\"flex flex-wrap content-center w-full mb-4 md:hidden\" href=\"https:\/\/tvemfoco.com\/fr\/como-sacar-abono-salarial\/\"  data-analytics-label=\"ctaImage\" data-action=\"analytics#trackCTA\" aria-label=\"Comment obtenir une allocation salariale\">\n          <div class=\"m-auto float-none\">\n            <img decoding=\"async\" loading=\"lazy\" src=\"https:\/\/tvemfoco.com\/wp-content\/uploads\/2023\/03\/AdobeStock_427974301-scaled.jpeg\" alt=\"\">\n          <\/div>\n        <\/a>\n            <h2 class=\"w-full sm:text-3xl text-2xl text-gray-900 font-medium title-font mb-2 text-center md:text-left md:w-2\/5\">\n        <a href=\"https:\/\/tvemfoco.com\/fr\/como-sacar-abono-salarial\/\" data-analytics-label=\"ctaTitle\" data-action=\"analytics#trackCTA\" aria-label=\"Comment obtenir une allocation salariale\">\n            Comment obtenir une allocation salariale        <\/a>\n      <\/h2>\n      <div class=\"w-full md:w-3\/5 md:pl-6\">\n        <p class=\"text-center md:text-left leading-relaxed text-base\">\n            V\u00e9rifiez les d\u00e9tails de la mani\u00e8re dont la prestation est retir\u00e9e.        <\/p>\n        <div class=\"flex mt-6 w-full flex-1 justify-center ml-auto md:mt-4 md:justify-start\" style=\"font-weight: bold;\">\n          <a class=\"inline-flex items-center\" href=\"https:\/\/tvemfoco.com\/fr\/como-sacar-abono-salarial\/\"  data-analytics-label=\"ctaButton\" data-action=\"analytics#trackCTA\" >\n            Continuer la lecture            <svg fill=\"none\" stroke=\"currentColor\" stroke-linecap=\"round\" stroke-linejoin=\"round\" stroke-width=\"2\" class=\"w-4 h-4 ml-2\" viewbox=\"0 0 24 24\">\n              <path d=\"M5 12h14M12 5l7 7-7 7\"><\/path>\n            <\/svg>\n          <\/a>\n        <\/div>\n      <\/div>  \n          \n    <\/div>\n      <script type=\"module\"> function waitFor(conditionFunction) { const poll = resolve => { if(conditionFunction()) resolve(); else setTimeout(_ => poll(resolve), 400); }; return new Promise(poll); } import { Application, Controller } from \"\/wp-content\/themes\/twentytwentyone\/assets\/js\/stimulus.min.js\"; let Stimulus = Application.start(); Stimulus.register(\"anchor\", class extends Controller { static get targets() { return [ \"lazyBlock\", \"lazyBlockAnchor\" ]; } initialize() { this.active = false; this.passed = false; this.closed = false; this.anchorViews = 0; this.boundOnShowAnchor = this.onShowAnchor.bind(this); window.anchorReady = window.anchorReady || false; waitFor(_ => (window.scrollY > this.getHeightBlock() && !this.active)) .then(_ => { !window.anchorReady? this.visible() : ''; window.anchorReady = true; }); if (document.getElementById('landing')) { setTimeout(() => { !window.anchorReady ? this.visible() : ''; window.anchorReady = true; }, 1 * 30000); }; } connect() { this.onShowAnchor(); document.addEventListener(\"scroll\", this.boundOnShowAnchor); } disconnect() { document.removeEventListener(\"scroll\", this.boundOnShowAnchor); } visible() { if (document.getElementById('av-offerwall__wrapper')) { setTimeout(() => this.visible(), 20000); return; } if (document.getElementById('av-fixed__bottomWrapper') && document.getElementById('av-fixed__bottomWrapper').style.display !== 'none' && document.getElementById('av-fixed__bottomWrapper').getBoundingClientRect().height > 100) { setTimeout(() => this.visible(), 1000); return; } if (document.getElementById('av-fixed__bottomWrapper') && document.getElementById('av-fixed__bottomWrapper').style.display !== 'none' && document.getElementById('av-fixed__bottomWrapper').getBoundingClientRect().height > 10) { this.getAnchorElement().style.marginBottom = '60px'; } if (document.querySelector('[data-anchor-shown=\"true\"]') && document.querySelector('[data-anchor-shown=\"true\"]').style.bottom === '0px') { setTimeout(() => this.visible(), 1000); return; } if (!window.km2AnchorReady) { this.active = true; \/*this.getAnchorElement().style.animation = \"none\"; this.getAnchorElement().classList.remove('animate-show-down');*\/ \/*this.getAnchorElement().classList.add('animate-show-up');*\/ \/*setTimeout(() => {*\/ \/*this.getAnchorElement().style.animation = \"\";*\/ this.getAnchorElement().classList.add('animate-show-up'); this.getAnchorElement().classList.remove('hidden'); this.setAnchorViews(this.anchorViews+1); setTimeout(() => this.closeAnchor(), 20000); waitFor(_ => (document.getElementById('av-fixed__bottomWrapper') && document.getElementById('av-fixed__bottomWrapper').style.display !== 'none' && document.getElementById('av-fixed__bottomWrapper').getBoundingClientRect().height > 10 && this.getAnchorElement().style.marginBottom !== '60px')) .then(_ => { this.closeAnchor(); }); this.active = false; \/*}, 10);*\/ } } invisible() { this.active = true; this.getAnchorElement().style.animation = \"none\"; this.getAnchorElement().classList.remove('animate-show-up'); this.getAnchorElement().classList.add('animate-show-down'); setTimeout(() => { this.getAnchorElement().style.animation = \"\"; setTimeout(() => { this.getAnchorElement().classList.add('hidden'); this.active = false; }, 800); }, 10); } onShowAnchor() { let anchorReady = false;  \/*if (!this.active && !anchorReady) { if (this.getAnchorViews() <= 3) { if (window.scrollY > this.getHeightBlock()) { if (!this.passed && !this.closed) { this.visible(); this.passed = true; } } else { if (this.passed) { this.invisible(); this.passed = false; } } } else { if (!this.getAnchorElement().classList.contains('close')) { this.getAnchorElement().classList.add('close'); if (window.scrollY < this.getHeightBlock()) { this.invisible(); } } } }*\/ } closeAnchor() { if (this.closed) return; this.invisible(); this.getAnchorElement().classList.add('close'); this.closed = true; } getAnchorElement() { return this.lazyBlockAnchorTargets[0]; } getAnchorViews() { this.anchorViews = parseInt(sessionStorage.getItem(\"anchorViews\")) >= 1 ? parseInt(sessionStorage.getItem(\"anchorViews\")) : 0; return this.anchorViews; } setAnchorViews(views) { sessionStorage.setItem(\"anchorViews\", views); } getHeightBlock() { return this.lazyBlockTarget.offsetTop + this.lazyBlockTarget.offsetHeight - 110; } }) <\/script>  <div data-anchor-target=\"lazyBlockAnchor\" class=\"fixed w-full sm:w-96 px-3 py-2 bottom-0 left-0 hidden\" style=\"z-index: 999999;\" name=\"lazyBlockAnchor\">\n    <div class=\"grid justify-items-stretch\">        \n              <div class=\"relative justify-self-end top-4 -right-2\">\n          <button data-no-translation class=\"bg-white text-md font-medium text-center rounded-full h-7 w-7 border-2\" data-analytics-label=\"anchorCloseAnchor\" data-action=\"anchor#closeAnchor\" style=\"z-index: 999999;\">\n            X\n          <\/button>\n        <\/div>\n        <div class=\"justify-self-auto flex flex-col h-32 bg-white border-solid border-2 shadow-md rounded-md\">\n          <div class=\"flex my-0 h-full\">\n            <div class=\"w-2\/5 p-1 ml-2 mt-2 w-full\">\n              <a href=\"https:\/\/tvemfoco.com\/fr\/como-sacar-abono-salarial\/\"  data-analytics-label=\"anchorImage\" data-action=\"analytics#trackCTA\">          \n                <img decoding=\"async\" loading=\"lazy\" alt=\"card\" class=\"w-full object-cover h-24 object-center rounded justify-self-auto border-2 border-gray-100\" src=\"https:\/\/tvemfoco.com\/wp-content\/uploads\/2023\/03\/AdobeStock_427974301-scaled.jpeg\">          \n              <\/a>\n            <\/div>\n            <div class=\"w-3\/5 my-2\">\n              <p class=\"px-4 text-center text-xs h-1\/2\">\n                Comment obtenir une allocation salariale              <\/p>\n              <a href=\"https:\/\/tvemfoco.com\/fr\/como-sacar-abono-salarial\/\"  data-analytics-label=\"anchorButton\" data-action=\"analytics#trackCTA\" >\n                <button class=\"flex w-5\/6 m-auto mt-2 border-0 py-1 px-3 focus:outline-none rounded\">                \n                  <p class=\"text-center w-full\" style=\"font-size: 0.67rem;\">\n                    Continuer la lecture                  <\/p>\n                <\/button>\n              <\/a>\n              <p class=\"text-gray-500 text-center mt-1\" style=\"font-size: 0.50rem;\">\n                Je me reposerai sur mon propre site Web              <\/p>\n            <\/div>\n          <\/div>\n        <\/div>\n          <\/div>\n  <\/div>\n  <\/section>\n\n<\/div>","protected":false},"excerpt":{"rendered":"<p>La prime salariale est une aide financi\u00e8re qui peut faire toute la diff\u00e9rence dans votre poche et vous aider \u00e0 atteindre vos objectifs financiers. D\u00e9couvrez comment demander et utiliser cet argent suppl\u00e9mentaire pour am\u00e9liorer votre vie financi\u00e8re !<\/p>","protected":false},"author":13,"featured_media":0,"comment_status":"open","ping_status":"open","sticky":false,"template":"","format":"standard","meta":[],"categories":[856],"tags":[999,817,998],"yoast_head":"<!-- This site is optimized with the Yoast SEO Premium plugin v18.7 (Yoast SEO v19.1) - https:\/\/yoast.com\/wordpress\/plugins\/seo\/ -->\n<title>Abono Salarial: saiba tudo sobre esse benef\u00edcio - TV em Foco<\/title>\n<meta name=\"description\" content=\"Descubra como aumentar seu sal\u00e1rio ainda este ano! Conhe\u00e7a tudo sobre o abono salarial, um benef\u00edcio que pode fazer a diferen\u00e7a no seu bolso.\" \/>\n<meta name=\"robots\" content=\"index, follow, max-snippet:-1, max-image-preview:large, max-video-preview:-1\" \/>\n<link rel=\"canonical\" href=\"https:\/\/tvemfoco.com\/fr\/abono-salarial\/\" \/>\n<meta property=\"og:locale\" content=\"fr_FR\" \/>\n<meta property=\"og:type\" content=\"article\" \/>\n<meta property=\"og:title\" content=\"Abono Salarial: saiba tudo sobre esse benef\u00edcio\" \/>\n<meta property=\"og:description\" content=\"Descubra como aumentar seu sal\u00e1rio ainda este ano! Conhe\u00e7a tudo sobre o abono salarial, um benef\u00edcio que pode fazer a diferen\u00e7a no seu bolso.\" \/>\n<meta property=\"og:url\" content=\"https:\/\/tvemfoco.com\/fr\/abono-salarial\/\" \/>\n<meta property=\"og:site_name\" content=\"TV em Foco\" \/>\n<meta property=\"article:published_time\" content=\"2023-04-10T12:00:00+00:00\" \/>\n<meta property=\"article:modified_time\" content=\"2024-07-08T17:57:00+00:00\" \/>\n<meta property=\"og:image\" content=\"https:\/\/tvemfoco.com\/wp-content\/uploads\/2023\/03\/AdobeStock_318034840-1024x683.jpeg\" \/>\n<meta name=\"twitter:card\" content=\"summary_large_image\" \/>\n<meta name=\"twitter:label1\" content=\"Written by\" \/>\n\t<meta name=\"twitter:data1\" content=\"Rafaela Gregorio\" \/>\n\t<meta name=\"twitter:label2\" content=\"Est. reading time\" \/>\n\t<meta name=\"twitter:data2\" content=\"5 minutes\" \/>\n<script type=\"application\/ld+json\" class=\"yoast-schema-graph\">{\"@context\":\"https:\/\/schema.org\",\"@graph\":[{\"@type\":\"WebSite\",\"@id\":\"https:\/\/tvemfoco.com\/#website\",\"url\":\"https:\/\/tvemfoco.com\/\",\"name\":\"TV em Foco\",\"description\":\"A TV em Foco \u00e9 um site online que oferece not\u00edcias atualizadas sobre diversos assuntos\",\"potentialAction\":[{\"@type\":\"SearchAction\",\"target\":{\"@type\":\"EntryPoint\",\"urlTemplate\":\"https:\/\/tvemfoco.com\/?s={search_term_string}\"},\"query-input\":\"required name=search_term_string\"}],\"inLanguage\":\"fr-FR\"},{\"@type\":\"ImageObject\",\"inLanguage\":\"fr-FR\",\"@id\":\"https:\/\/tvemfoco.com\/abono-salarial\/#primaryimage\",\"url\":\"https:\/\/tvemfoco.com\/wp-content\/uploads\/2023\/03\/AdobeStock_318034840-1024x683.jpeg\",\"contentUrl\":\"https:\/\/tvemfoco.com\/wp-content\/uploads\/2023\/03\/AdobeStock_318034840-1024x683.jpeg\"},{\"@type\":\"WebPage\",\"@id\":\"https:\/\/tvemfoco.com\/abono-salarial\/#webpage\",\"url\":\"https:\/\/tvemfoco.com\/abono-salarial\/\",\"name\":\"Abono Salarial: saiba tudo sobre esse benef\u00edcio - TV em Foco\",\"isPartOf\":{\"@id\":\"https:\/\/tvemfoco.com\/#website\"},\"primaryImageOfPage\":{\"@id\":\"https:\/\/tvemfoco.com\/abono-salarial\/#primaryimage\"},\"datePublished\":\"2023-04-10T12:00:00+00:00\",\"dateModified\":\"2024-07-08T17:57:00+00:00\",\"author\":{\"@id\":\"https:\/\/tvemfoco.com\/#\/schema\/person\/42a9a1613dd1eed66208d3e549212aa2\"},\"description\":\"Descubra como aumentar seu sal\u00e1rio ainda este ano! Conhe\u00e7a tudo sobre o abono salarial, um benef\u00edcio que pode fazer a diferen\u00e7a no seu bolso.\",\"breadcrumb\":{\"@id\":\"https:\/\/tvemfoco.com\/abono-salarial\/#breadcrumb\"},\"inLanguage\":\"fr-FR\",\"potentialAction\":[{\"@type\":\"ReadAction\",\"target\":[\"https:\/\/tvemfoco.com\/abono-salarial\/\"]}]},{\"@type\":\"BreadcrumbList\",\"@id\":\"https:\/\/tvemfoco.com\/abono-salarial\/#breadcrumb\",\"itemListElement\":[{\"@type\":\"ListItem\",\"position\":1,\"name\":\"Home\",\"item\":\"https:\/\/tvemfoco.com\/\"},{\"@type\":\"ListItem\",\"position\":2,\"name\":\"Abono Salarial: saiba tudo sobre esse benef\u00edcio\"}]},{\"@type\":\"Person\",\"@id\":\"https:\/\/tvemfoco.com\/#\/schema\/person\/42a9a1613dd1eed66208d3e549212aa2\",\"name\":\"Rafaela Gregorio\",\"image\":{\"@type\":\"ImageObject\",\"inLanguage\":\"fr-FR\",\"@id\":\"https:\/\/tvemfoco.com\/#\/schema\/person\/image\/\",\"url\":\"https:\/\/secure.gravatar.com\/avatar\/896114155b61e0c2f10a07a5dea38c84?s=96&d=mm&r=g\",\"contentUrl\":\"https:\/\/secure.gravatar.com\/avatar\/896114155b61e0c2f10a07a5dea38c84?s=96&d=mm&r=g\",\"caption\":\"Rafaela Gregorio\"},\"description\":\"Formada em Publicidade e Propaganda, especialista e amante do Digital. Sempre em busca de desenvolver novas habilidades.\",\"url\":\"https:\/\/tvemfoco.com\/fr\/author\/rafaela-gregorio\/\"}]}<\/script>\n<!-- \/ Yoast SEO Premium plugin. -->","yoast_head_json":{"title":"Abono Salarial: saiba tudo sobre esse benef\u00edcio - TV em Foco","description":"Descubra como aumentar seu sal\u00e1rio ainda este ano! Conhe\u00e7a tudo sobre o abono salarial, um benef\u00edcio que pode fazer a diferen\u00e7a no seu bolso.","robots":{"index":"index","follow":"follow","max-snippet":"max-snippet:-1","max-image-preview":"max-image-preview:large","max-video-preview":"max-video-preview:-1"},"canonical":"https:\/\/tvemfoco.com\/fr\/abono-salarial\/","og_locale":"fr_FR","og_type":"article","og_title":"Abono Salarial: saiba tudo sobre esse benef\u00edcio","og_description":"Descubra como aumentar seu sal\u00e1rio ainda este ano! Conhe\u00e7a tudo sobre o abono salarial, um benef\u00edcio que pode fazer a diferen\u00e7a no seu bolso.","og_url":"https:\/\/tvemfoco.com\/fr\/abono-salarial\/","og_site_name":"TV em Foco","article_published_time":"2023-04-10T12:00:00+00:00","article_modified_time":"2024-07-08T17:57:00+00:00","og_image":[{"url":"https:\/\/tvemfoco.com\/wp-content\/uploads\/2023\/03\/AdobeStock_318034840-1024x683.jpeg"}],"twitter_card":"summary_large_image","twitter_misc":{"Written by":"Rafaela Gregorio","Est. reading time":"5 minutes"},"schema":{"@context":"https:\/\/schema.org","@graph":[{"@type":"WebSite","@id":"https:\/\/tvemfoco.com\/#website","url":"https:\/\/tvemfoco.com\/","name":"TV em Foco","description":"A TV em Foco \u00e9 um site online que oferece not\u00edcias atualizadas sobre diversos assuntos","potentialAction":[{"@type":"SearchAction","target":{"@type":"EntryPoint","urlTemplate":"https:\/\/tvemfoco.com\/?s={search_term_string}"},"query-input":"required name=search_term_string"}],"inLanguage":"fr-FR"},{"@type":"ImageObject","inLanguage":"fr-FR","@id":"https:\/\/tvemfoco.com\/abono-salarial\/#primaryimage","url":"https:\/\/tvemfoco.com\/wp-content\/uploads\/2023\/03\/AdobeStock_318034840-1024x683.jpeg","contentUrl":"https:\/\/tvemfoco.com\/wp-content\/uploads\/2023\/03\/AdobeStock_318034840-1024x683.jpeg"},{"@type":"WebPage","@id":"https:\/\/tvemfoco.com\/abono-salarial\/#webpage","url":"https:\/\/tvemfoco.com\/abono-salarial\/","name":"Abono Salarial: saiba tudo sobre esse benef\u00edcio - TV em Foco","isPartOf":{"@id":"https:\/\/tvemfoco.com\/#website"},"primaryImageOfPage":{"@id":"https:\/\/tvemfoco.com\/abono-salarial\/#primaryimage"},"datePublished":"2023-04-10T12:00:00+00:00","dateModified":"2024-07-08T17:57:00+00:00","author":{"@id":"https:\/\/tvemfoco.com\/#\/schema\/person\/42a9a1613dd1eed66208d3e549212aa2"},"description":"Descubra como aumentar seu sal\u00e1rio ainda este ano! Conhe\u00e7a tudo sobre o abono salarial, um benef\u00edcio que pode fazer a diferen\u00e7a no seu bolso.","breadcrumb":{"@id":"https:\/\/tvemfoco.com\/abono-salarial\/#breadcrumb"},"inLanguage":"fr-FR","potentialAction":[{"@type":"ReadAction","target":["https:\/\/tvemfoco.com\/abono-salarial\/"]}]},{"@type":"BreadcrumbList","@id":"https:\/\/tvemfoco.com\/abono-salarial\/#breadcrumb","itemListElement":[{"@type":"ListItem","position":1,"name":"Home","item":"https:\/\/tvemfoco.com\/"},{"@type":"ListItem","position":2,"name":"Abono Salarial: saiba tudo sobre esse benef\u00edcio"}]},{"@type":"Person","@id":"https:\/\/tvemfoco.com\/#\/schema\/person\/42a9a1613dd1eed66208d3e549212aa2","name":"Rafaela Gregorio","image":{"@type":"ImageObject","inLanguage":"fr-FR","@id":"https:\/\/tvemfoco.com\/#\/schema\/person\/image\/","url":"https:\/\/secure.gravatar.com\/avatar\/896114155b61e0c2f10a07a5dea38c84?s=96&d=mm&r=g","contentUrl":"https:\/\/secure.gravatar.com\/avatar\/896114155b61e0c2f10a07a5dea38c84?s=96&d=mm&r=g","caption":"Rafaela Gregorio"},"description":"Formada em Publicidade e Propaganda, especialista e amante do Digital. Sempre em busca de desenvolver novas habilidades.","url":"https:\/\/tvemfoco.com\/fr\/author\/rafaela-gregorio\/"}]}},"_links":{"self":[{"href":"https:\/\/tvemfoco.com\/fr\/wp-json\/wp\/v2\/posts\/8607"}],"collection":[{"href":"https:\/\/tvemfoco.com\/fr\/wp-json\/wp\/v2\/posts"}],"about":[{"href":"https:\/\/tvemfoco.com\/fr\/wp-json\/wp\/v2\/types\/post"}],"author":[{"embeddable":true,"href":"https:\/\/tvemfoco.com\/fr\/wp-json\/wp\/v2\/users\/13"}],"replies":[{"embeddable":true,"href":"https:\/\/tvemfoco.com\/fr\/wp-json\/wp\/v2\/comments?post=8607"}],"version-history":[{"count":0,"href":"https:\/\/tvemfoco.com\/fr\/wp-json\/wp\/v2\/posts\/8607\/revisions"}],"wp:attachment":[{"href":"https:\/\/tvemfoco.com\/fr\/wp-json\/wp\/v2\/media?parent=8607"}],"wp:term":[{"taxonomy":"category","embeddable":true,"href":"https:\/\/tvemfoco.com\/fr\/wp-json\/wp\/v2\/categories?post=8607"},{"taxonomy":"post_tag","embeddable":true,"href":"https:\/\/tvemfoco.com\/fr\/wp-json\/wp\/v2\/tags?post=8607"}],"curies":[{"name":"wp","href":"https:\/\/api.w.org\/{rel}","templated":true}]}}