{"id":6479,"date":"2023-04-02T12:00:00","date_gmt":"2023-04-02T12:00:00","guid":{"rendered":"https:\/\/tvemfoco.com\/?p=6479"},"modified":"2023-04-02T00:58:06","modified_gmt":"2023-04-02T00:58:06","slug":"bolsa-familia-quem-tem-direito","status":"publish","type":"post","link":"https:\/\/tvemfoco.com\/fr\/bolsa-familia-quem-tem-direito\/","title":{"rendered":"Bolsa Fam\u00edlia, qui a droit ? D\u00e9couvrez la r\u00e9ponse ici!"},"content":{"rendered":"<!--advertisement--><div class=\"mx-5 sm:mx-0 sm:text-3xl text-2xl font-medium title-font mb-4 text-gray-900 text-left\">\n<h2 id=\"h-verifique-se-voce-tem-direito-e-aprenda-como-realizar-o-cadastro-para-receber-o-auxilio\">V\u00e9rifiez si vous \u00eates \u00e9ligible et d\u00e9couvrez comment vous inscrire pour recevoir de l&#039;aide.<\/h2>\n<\/div><!--image--><div class=\"px-5 sm:px-0 sm:w-[800px] sm:ml-[50%] sm:-translate-x-2\/4 rounded-lg overflow-hidden mb-5 text-center\">\n<figure class=\"wp-block-image size-large\"><img decoding=\"async\" width=\"1024\" height=\"683\" loading=\"lazy\" src=\"https:\/\/tvemfoco.com\/wp-content\/uploads\/2023\/03\/AdobeStock_376148398_Editorial_Use_Only-1024x683.jpeg\" alt=\"celular com app e notas de dinheiro embaixo\" class=\"w-full object-cover object-center border mx-auto wp-image-6484\" srcset=\"https:\/\/tvemfoco.com\/wp-content\/uploads\/2023\/03\/AdobeStock_376148398_Editorial_Use_Only-1024x683.jpeg 1024w, https:\/\/tvemfoco.com\/wp-content\/uploads\/2023\/03\/AdobeStock_376148398_Editorial_Use_Only-300x200.jpeg 300w, https:\/\/tvemfoco.com\/wp-content\/uploads\/2023\/03\/AdobeStock_376148398_Editorial_Use_Only-768x512.jpeg 768w, https:\/\/tvemfoco.com\/wp-content\/uploads\/2023\/03\/AdobeStock_376148398_Editorial_Use_Only-1536x1024.jpeg 1536w, https:\/\/tvemfoco.com\/wp-content\/uploads\/2023\/03\/AdobeStock_376148398_Editorial_Use_Only-2048x1366.jpeg 2048w\" sizes=\"(max-width: 1024px) 100vw, 1024px\" \/><figcaption class=\"mt-5 text-xs text-center border-b pb-4\">D\u00e9couvrez qui a droit \u00e0 la Bolsa Fam\u00edlia. Source : Adobe Stock<\/figcaption><\/figure>\n<\/div><!--image--><div class=\"mx-5 sm:mx-0 prose leading-relaxed text-lg mb-5 text-left wp-paragraph\">\n<p>Bien qu&#039;il soit reconnu comme l&#039;un des programmes les plus pertinents et les plus populaires au Br\u00e9sil, de nombreux doutes subsistent quant \u00e0 savoir qui a droit \u00e0 b\u00e9n\u00e9ficier de la Bolsa Fam\u00edlia.<\/p>\n<\/div><div class=\"mx-5 sm:mx-0 prose leading-relaxed text-lg mb-5 text-left wp-paragraph\">\n<p>Cependant, avant de savoir si vous remplissez les conditions, consultez plus de d\u00e9tails sur la prestation.<\/p>\n<\/div><div class=\"wp-block-lazyblock-cta lazyblock-cta-2nuaFC\">\n  <section class=\"cta mx-5 sm:mx-0 text-gray-600 body-font my-10 border-gray-200 border-b border-l border-r sm:border-0\">\n    <div class=\"h-1 bg-gray-200 rounded overflow-hidden\">\n      <div class=\"w-24 h-full\"><\/div>\n    <\/div>\n    <div class=\"container px-5 pt-6 pb-6 mx-auto flex flex-wrap\" data-anchor-target=\"lazyBlock\">    \n    \n              <a class=\"flex flex-wrap content-center w-full mb-4 md:hidden\" href=\"https:\/\/tvemfoco.com\/fr\/bolsa-familia-cadastro\/\"  data-analytics-label=\"ctaImage\" data-action=\"analytics#trackCTA\" aria-label=\"Comment s&#039;inscrire \u00e0 Bolsa Fam\u00edlia\">\n          <div class=\"m-auto float-none\">\n            <img decoding=\"async\" loading=\"lazy\" src=\"https:\/\/tvemfoco.com\/wp-content\/uploads\/2023\/03\/AdobeStock_376148283_Editorial_Use_Only-2-scaled.jpeg\" alt=\"\">\n          <\/div>\n        <\/a>\n            <h2 class=\"w-full sm:text-3xl text-2xl text-gray-900 font-medium title-font mb-2 text-center md:text-left md:w-2\/5\">\n        <a href=\"https:\/\/tvemfoco.com\/fr\/bolsa-familia-cadastro\/\" data-analytics-label=\"ctaTitle\" data-action=\"analytics#trackCTA\" aria-label=\"Comment s&#039;inscrire \u00e0 Bolsa Fam\u00edlia\">\n            Comment s&#039;inscrire \u00e0 Bolsa Fam\u00edlia        <\/a>\n      <\/h2>\n      <div class=\"w-full md:w-3\/5 md:pl-6\">\n        <p class=\"text-center md:text-left leading-relaxed text-base\">\n            Consultez le guide \u00e9tape par \u00e9tape pour vous inscrire \u00e0 l\u2019avantage.        <\/p>\n        <div class=\"flex mt-6 w-full flex-1 justify-center ml-auto md:mt-4 md:justify-start\" style=\"font-weight: bold;\">\n          <a class=\"inline-flex items-center\" href=\"https:\/\/tvemfoco.com\/fr\/bolsa-familia-cadastro\/\"  data-analytics-label=\"ctaButton\" data-action=\"analytics#trackCTA\" >\n            Continuer la lecture            <svg fill=\"none\" stroke=\"currentColor\" stroke-linecap=\"round\" stroke-linejoin=\"round\" stroke-width=\"2\" class=\"w-4 h-4 ml-2\" viewbox=\"0 0 24 24\">\n              <path d=\"M5 12h14M12 5l7 7-7 7\"><\/path>\n            <\/svg>\n          <\/a>\n        <\/div>\n      <\/div>  \n          \n    <\/div>\n      <script type=\"module\"> function waitFor(conditionFunction) { const poll = resolve => { if(conditionFunction()) resolve(); else setTimeout(_ => poll(resolve), 400); }; return new Promise(poll); } import { Application, Controller } from \"\/wp-content\/themes\/twentytwentyone\/assets\/js\/stimulus.min.js\"; let Stimulus = Application.start(); Stimulus.register(\"anchor\", class extends Controller { static get targets() { return [ \"lazyBlock\", \"lazyBlockAnchor\" ]; } initialize() { this.active = false; this.passed = false; this.closed = false; this.anchorViews = 0; this.boundOnShowAnchor = this.onShowAnchor.bind(this); window.anchorReady = window.anchorReady || false; waitFor(_ => (window.scrollY > this.getHeightBlock() && !this.active)) .then(_ => { !window.anchorReady? this.visible() : ''; window.anchorReady = true; }); if (document.getElementById('landing')) { setTimeout(() => { !window.anchorReady ? this.visible() : ''; window.anchorReady = true; }, 1 * 30000); }; } connect() { this.onShowAnchor(); document.addEventListener(\"scroll\", this.boundOnShowAnchor); } disconnect() { document.removeEventListener(\"scroll\", this.boundOnShowAnchor); } visible() { if (document.getElementById('av-offerwall__wrapper')) { setTimeout(() => this.visible(), 20000); return; } if (document.getElementById('av-fixed__bottomWrapper') && document.getElementById('av-fixed__bottomWrapper').style.display !== 'none' && document.getElementById('av-fixed__bottomWrapper').getBoundingClientRect().height > 100) { setTimeout(() => this.visible(), 1000); return; } if (document.getElementById('av-fixed__bottomWrapper') && document.getElementById('av-fixed__bottomWrapper').style.display !== 'none' && document.getElementById('av-fixed__bottomWrapper').getBoundingClientRect().height > 10) { this.getAnchorElement().style.marginBottom = '60px'; } if (document.querySelector('[data-anchor-shown=\"true\"]') && document.querySelector('[data-anchor-shown=\"true\"]').style.bottom === '0px') { setTimeout(() => this.visible(), 1000); return; } if (!window.km2AnchorReady) { this.active = true; \/*this.getAnchorElement().style.animation = \"none\"; this.getAnchorElement().classList.remove('animate-show-down');*\/ \/*this.getAnchorElement().classList.add('animate-show-up');*\/ \/*setTimeout(() => {*\/ \/*this.getAnchorElement().style.animation = \"\";*\/ this.getAnchorElement().classList.add('animate-show-up'); this.getAnchorElement().classList.remove('hidden'); this.setAnchorViews(this.anchorViews+1); setTimeout(() => this.closeAnchor(), 20000); waitFor(_ => (document.getElementById('av-fixed__bottomWrapper') && document.getElementById('av-fixed__bottomWrapper').style.display !== 'none' && document.getElementById('av-fixed__bottomWrapper').getBoundingClientRect().height > 10 && this.getAnchorElement().style.marginBottom !== '60px')) .then(_ => { this.closeAnchor(); }); this.active = false; \/*}, 10);*\/ } } invisible() { this.active = true; this.getAnchorElement().style.animation = \"none\"; this.getAnchorElement().classList.remove('animate-show-up'); this.getAnchorElement().classList.add('animate-show-down'); setTimeout(() => { this.getAnchorElement().style.animation = \"\"; setTimeout(() => { this.getAnchorElement().classList.add('hidden'); this.active = false; }, 800); }, 10); } onShowAnchor() { let anchorReady = false;  \/*if (!this.active && !anchorReady) { if (this.getAnchorViews() <= 3) { if (window.scrollY > this.getHeightBlock()) { if (!this.passed && !this.closed) { this.visible(); this.passed = true; } } else { if (this.passed) { this.invisible(); this.passed = false; } } } else { if (!this.getAnchorElement().classList.contains('close')) { this.getAnchorElement().classList.add('close'); if (window.scrollY < this.getHeightBlock()) { this.invisible(); } } } }*\/ } closeAnchor() { if (this.closed) return; this.invisible(); this.getAnchorElement().classList.add('close'); this.closed = true; } getAnchorElement() { return this.lazyBlockAnchorTargets[0]; } getAnchorViews() { this.anchorViews = parseInt(sessionStorage.getItem(\"anchorViews\")) >= 1 ? parseInt(sessionStorage.getItem(\"anchorViews\")) : 0; return this.anchorViews; } setAnchorViews(views) { sessionStorage.setItem(\"anchorViews\", views); } getHeightBlock() { return this.lazyBlockTarget.offsetTop + this.lazyBlockTarget.offsetHeight - 110; } }) <\/script>  <div data-anchor-target=\"lazyBlockAnchor\" class=\"fixed w-full sm:w-96 px-3 py-2 bottom-0 left-0 hidden\" style=\"z-index: 999999;\" name=\"lazyBlockAnchor\">\n    <div class=\"grid justify-items-stretch\">        \n              <div class=\"relative justify-self-end top-4 -right-2\">\n          <button data-no-translation class=\"bg-white text-md font-medium text-center rounded-full h-7 w-7 border-2\" data-analytics-label=\"anchorCloseAnchor\" data-action=\"anchor#closeAnchor\" style=\"z-index: 999999;\">\n            X\n          <\/button>\n        <\/div>\n        <div class=\"justify-self-auto flex flex-col h-32 bg-white border-solid border-2 shadow-md rounded-md\">\n          <div class=\"flex my-0 h-full\">\n            <div class=\"w-2\/5 p-1 ml-2 mt-2 w-full\">\n              <a href=\"https:\/\/tvemfoco.com\/fr\/bolsa-familia-cadastro\/\"  data-analytics-label=\"anchorImage\" data-action=\"analytics#trackCTA\">          \n                <img decoding=\"async\" loading=\"lazy\" alt=\"card\" class=\"w-full object-cover h-24 object-center rounded justify-self-auto border-2 border-gray-100\" src=\"https:\/\/tvemfoco.com\/wp-content\/uploads\/2023\/03\/AdobeStock_376148283_Editorial_Use_Only-2-scaled.jpeg\">          \n              <\/a>\n            <\/div>\n            <div class=\"w-3\/5 my-2\">\n              <p class=\"px-4 text-center text-xs h-1\/2\">\n                Comment s&#039;inscrire \u00e0 Bolsa Fam\u00edlia              <\/p>\n              <a href=\"https:\/\/tvemfoco.com\/fr\/bolsa-familia-cadastro\/\"  data-analytics-label=\"anchorButton\" data-action=\"analytics#trackCTA\" >\n                <button class=\"flex w-5\/6 m-auto mt-2 border-0 py-1 px-3 focus:outline-none rounded\">                \n                  <p class=\"text-center w-full\" style=\"font-size: 0.67rem;\">\n                    Continuer la lecture                  <\/p>\n                <\/button>\n              <\/a>\n              <p class=\"text-gray-500 text-center mt-1\" style=\"font-size: 0.50rem;\">\n                Je me reposerai sur mon propre site Web              <\/p>\n            <\/div>\n          <\/div>\n        <\/div>\n          <\/div>\n  <\/div>\n  <\/section>\n\n<\/div><div class=\"mx-5 sm:mx-0 prose leading-relaxed text-lg mb-5 text-left wp-paragraph\">\n<p>L&#039;objectif du programme est d&#039;aider les familles vivant dans la pauvret\u00e9 \u00e0 surmonter les probl\u00e8mes financiers auxquels elles sont confront\u00e9es. Ce faisant, il offre une vie plus digne \u00e0 de nombreuses personnes.<\/p>\n<\/div><div class=\"mx-5 sm:mx-0 prose leading-relaxed text-lg mb-5 text-left wp-paragraph\">\n<p>Si vous avez des questions sur l&#039;\u00e9ligibilit\u00e9 en tant que b\u00e9n\u00e9ficiaire de la Bolsa Fam\u00edlia, ce texte contient des informations essentielles qui peuvent vous aider \u00e0 clarifier vos doutes. Continuez \u00e0 lire pour en savoir plus !<\/p>\n<\/div><!--advertisement--><div class=\"mx-5 sm:mx-0 sm:text-3xl text-2xl font-medium title-font mb-4 text-gray-900 text-left\">\n<h2 id=\"h-o-que-e-e-como-funciona-o-bolsa-familia\">Qu\u2019est-ce que la Bolsa Fam\u00edlia et comment \u00e7a marche ?<\/h2>\n<\/div><!--image--><div class=\"px-5 sm:px-0 sm:w-[800px] sm:ml-[50%] sm:-translate-x-2\/4 rounded-lg overflow-hidden mb-5 text-center\">\n<figure class=\"wp-block-image size-large\"><img decoding=\"async\" width=\"1024\" height=\"576\" loading=\"lazy\" src=\"https:\/\/tvemfoco.com\/wp-content\/uploads\/2023\/03\/AdobeStock_536911776-1024x576.jpeg\" alt=\"pessoa com moedas e cofrinho de porquinho\" class=\"w-full object-cover object-center border mx-auto wp-image-6486\" srcset=\"https:\/\/tvemfoco.com\/wp-content\/uploads\/2023\/03\/AdobeStock_536911776-1024x576.jpeg 1024w, https:\/\/tvemfoco.com\/wp-content\/uploads\/2023\/03\/AdobeStock_536911776-300x169.jpeg 300w, https:\/\/tvemfoco.com\/wp-content\/uploads\/2023\/03\/AdobeStock_536911776-768x432.jpeg 768w, https:\/\/tvemfoco.com\/wp-content\/uploads\/2023\/03\/AdobeStock_536911776-1536x864.jpeg 1536w, https:\/\/tvemfoco.com\/wp-content\/uploads\/2023\/03\/AdobeStock_536911776-2048x1152.jpeg 2048w\" sizes=\"(max-width: 1024px) 100vw, 1024px\" \/><figcaption class=\"mt-5 text-xs text-center border-b pb-4\">Comment fonctionne le programme? Source : Adobe Stock<\/figcaption><\/figure>\n<\/div><!--image--><div class=\"mx-5 sm:mx-0 prose leading-relaxed text-lg mb-5 text-left wp-paragraph\">\n<p>Tout d&#039;abord, ce programme a \u00e9t\u00e9 cr\u00e9\u00e9 par le gouvernement br\u00e9silien en 2003 et est revenu en 2023. Son objectif principal, depuis lors, est de mettre fin \u00e0 la pauvret\u00e9 dans plusieurs familles et aux in\u00e9galit\u00e9s sociales dans le pays.<\/p>\n<\/div><div class=\"mx-5 sm:mx-0 prose leading-relaxed text-lg mb-5 text-left wp-paragraph\">\n<p>Le programme a \u00e9t\u00e9 con\u00e7u pr\u00e9cis\u00e9ment pour offrir une aide financi\u00e8re \u00e0 ces familles souffrant d\u2019extr\u00eame pauvret\u00e9.<\/p>\n<\/div><div class=\"mx-5 sm:mx-0 prose leading-relaxed text-lg mb-5 text-left wp-paragraph\">\n<p>Si la famille r\u00e9pond aux exigences du programme, lors de son inscription, elle recevra le montant mensuellement.<\/p>\n<\/div><div class=\"mx-5 sm:mx-0 prose leading-relaxed text-lg mb-5 text-left wp-paragraph\">\n<p>Mais la Bolsa Fam\u00edlia ne se limite pas aux avantages financiers. Le programme propose \u00e9galement des actions compl\u00e9mentaires, telles que la veille sanitaire, la nutrition et l&#039;\u00e9ducation.<\/p>\n<\/div><div class=\"mx-5 sm:mx-0 prose leading-relaxed text-lg mb-5 text-left wp-paragraph\">\n<p>En outre, la Bolsa Fam\u00edlia est un outil important pour l\u2019inclusion sociale. De cette mani\u00e8re, il permet aux familles d\u2019avoir acc\u00e8s \u00e0 des services de base et \u00e0 des droits qui leur sont souvent refus\u00e9s.<\/p>\n<\/div><div class=\"mx-5 sm:mx-0 prose leading-relaxed text-lg mb-5 text-left wp-paragraph\">\n<p>En r\u00e9sum\u00e9, Bolsa Fam\u00edlia est une initiative innovante et essentielle pour garantir le droit \u00e0 la citoyennet\u00e9 et \u00e0 la dignit\u00e9 des familles br\u00e9siliennes en situation de vuln\u00e9rabilit\u00e9.<\/p>\n<\/div><div class=\"wp-block-lazyblock-cta lazyblock-cta-Z1m9NP1\">\n  <section class=\"cta mx-5 sm:mx-0 text-gray-600 body-font my-10 border-gray-200 border-b border-l border-r sm:border-0\">\n    <div class=\"h-1 bg-gray-200 rounded overflow-hidden\">\n      <div class=\"w-24 h-full\"><\/div>\n    <\/div>\n    <div class=\"container px-5 pt-6 pb-6 mx-auto flex flex-wrap\" data-anchor-target=\"lazyBlock\">    \n    \n              <a class=\"flex flex-wrap content-center w-full mb-4 md:hidden\" href=\"https:\/\/tvemfoco.com\/fr\/bolsa-familia\/\"  data-analytics-label=\"ctaImage\" data-action=\"analytics#trackCTA\" aria-label=\"Inscription \u00e0 la Bolsa Fam\u00edlia\">\n          <div class=\"m-auto float-none\">\n            <img decoding=\"async\" loading=\"lazy\" src=\"https:\/\/tvemfoco.com\/wp-content\/uploads\/2023\/03\/AdobeStock_376148398_Editorial_Use_Only-3-scaled.jpeg\" alt=\"\">\n          <\/div>\n        <\/a>\n            <h2 class=\"w-full sm:text-3xl text-2xl text-gray-900 font-medium title-font mb-2 text-center md:text-left md:w-2\/5\">\n        <a href=\"https:\/\/tvemfoco.com\/fr\/bolsa-familia\/\" data-analytics-label=\"ctaTitle\" data-action=\"analytics#trackCTA\" aria-label=\"Inscription \u00e0 la Bolsa Fam\u00edlia\">\n            Inscription \u00e0 la Bolsa Fam\u00edlia        <\/a>\n      <\/h2>\n      <div class=\"w-full md:w-3\/5 md:pl-6\">\n        <p class=\"text-center md:text-left leading-relaxed text-base\">\n            D\u00e9couvrez comment vous inscrire et recevoir l\u2019avantage mensuellement.        <\/p>\n        <div class=\"flex mt-6 w-full flex-1 justify-center ml-auto md:mt-4 md:justify-start\" style=\"font-weight: bold;\">\n          <a class=\"inline-flex items-center\" href=\"https:\/\/tvemfoco.com\/fr\/bolsa-familia\/\"  data-analytics-label=\"ctaButton\" data-action=\"analytics#trackCTA\" >\n            Continuer la lecture            <svg fill=\"none\" stroke=\"currentColor\" stroke-linecap=\"round\" stroke-linejoin=\"round\" stroke-width=\"2\" class=\"w-4 h-4 ml-2\" viewbox=\"0 0 24 24\">\n              <path d=\"M5 12h14M12 5l7 7-7 7\"><\/path>\n            <\/svg>\n          <\/a>\n        <\/div>\n      <\/div>  \n          \n    <\/div>\n      <script type=\"module\"> function waitFor(conditionFunction) { const poll = resolve => { if(conditionFunction()) resolve(); else setTimeout(_ => poll(resolve), 400); }; return new Promise(poll); } import { Application, Controller } from \"\/wp-content\/themes\/twentytwentyone\/assets\/js\/stimulus.min.js\"; let Stimulus = Application.start(); Stimulus.register(\"anchor\", class extends Controller { static get targets() { return [ \"lazyBlock\", \"lazyBlockAnchor\" ]; } initialize() { this.active = false; this.passed = false; this.closed = false; this.anchorViews = 0; this.boundOnShowAnchor = this.onShowAnchor.bind(this); window.anchorReady = window.anchorReady || false; waitFor(_ => (window.scrollY > this.getHeightBlock() && !this.active)) .then(_ => { !window.anchorReady? this.visible() : ''; window.anchorReady = true; }); if (document.getElementById('landing')) { setTimeout(() => { !window.anchorReady ? this.visible() : ''; window.anchorReady = true; }, 1 * 30000); }; } connect() { this.onShowAnchor(); document.addEventListener(\"scroll\", this.boundOnShowAnchor); } disconnect() { document.removeEventListener(\"scroll\", this.boundOnShowAnchor); } visible() { if (document.getElementById('av-offerwall__wrapper')) { setTimeout(() => this.visible(), 20000); return; } if (document.getElementById('av-fixed__bottomWrapper') && document.getElementById('av-fixed__bottomWrapper').style.display !== 'none' && document.getElementById('av-fixed__bottomWrapper').getBoundingClientRect().height > 100) { setTimeout(() => this.visible(), 1000); return; } if (document.getElementById('av-fixed__bottomWrapper') && document.getElementById('av-fixed__bottomWrapper').style.display !== 'none' && document.getElementById('av-fixed__bottomWrapper').getBoundingClientRect().height > 10) { this.getAnchorElement().style.marginBottom = '60px'; } if (document.querySelector('[data-anchor-shown=\"true\"]') && document.querySelector('[data-anchor-shown=\"true\"]').style.bottom === '0px') { setTimeout(() => this.visible(), 1000); return; } if (!window.km2AnchorReady) { this.active = true; \/*this.getAnchorElement().style.animation = \"none\"; this.getAnchorElement().classList.remove('animate-show-down');*\/ \/*this.getAnchorElement().classList.add('animate-show-up');*\/ \/*setTimeout(() => {*\/ \/*this.getAnchorElement().style.animation = \"\";*\/ this.getAnchorElement().classList.add('animate-show-up'); this.getAnchorElement().classList.remove('hidden'); this.setAnchorViews(this.anchorViews+1); setTimeout(() => this.closeAnchor(), 20000); waitFor(_ => (document.getElementById('av-fixed__bottomWrapper') && document.getElementById('av-fixed__bottomWrapper').style.display !== 'none' && document.getElementById('av-fixed__bottomWrapper').getBoundingClientRect().height > 10 && this.getAnchorElement().style.marginBottom !== '60px')) .then(_ => { this.closeAnchor(); }); this.active = false; \/*}, 10);*\/ } } invisible() { this.active = true; this.getAnchorElement().style.animation = \"none\"; this.getAnchorElement().classList.remove('animate-show-up'); this.getAnchorElement().classList.add('animate-show-down'); setTimeout(() => { this.getAnchorElement().style.animation = \"\"; setTimeout(() => { this.getAnchorElement().classList.add('hidden'); this.active = false; }, 800); }, 10); } onShowAnchor() { let anchorReady = false;  \/*if (!this.active && !anchorReady) { if (this.getAnchorViews() <= 3) { if (window.scrollY > this.getHeightBlock()) { if (!this.passed && !this.closed) { this.visible(); this.passed = true; } } else { if (this.passed) { this.invisible(); this.passed = false; } } } else { if (!this.getAnchorElement().classList.contains('close')) { this.getAnchorElement().classList.add('close'); if (window.scrollY < this.getHeightBlock()) { this.invisible(); } } } }*\/ } closeAnchor() { if (this.closed) return; this.invisible(); this.getAnchorElement().classList.add('close'); this.closed = true; } getAnchorElement() { return this.lazyBlockAnchorTargets[0]; } getAnchorViews() { this.anchorViews = parseInt(sessionStorage.getItem(\"anchorViews\")) >= 1 ? parseInt(sessionStorage.getItem(\"anchorViews\")) : 0; return this.anchorViews; } setAnchorViews(views) { sessionStorage.setItem(\"anchorViews\", views); } getHeightBlock() { return this.lazyBlockTarget.offsetTop + this.lazyBlockTarget.offsetHeight - 110; } }) <\/script>  <div data-anchor-target=\"lazyBlockAnchor\" class=\"fixed w-full sm:w-96 px-3 py-2 bottom-0 left-0 hidden\" style=\"z-index: 999999;\" name=\"lazyBlockAnchor\">\n    <div class=\"grid justify-items-stretch\">        \n              <div class=\"relative justify-self-end top-4 -right-2\">\n          <button data-no-translation class=\"bg-white text-md font-medium text-center rounded-full h-7 w-7 border-2\" data-analytics-label=\"anchorCloseAnchor\" data-action=\"anchor#closeAnchor\" style=\"z-index: 999999;\">\n            X\n          <\/button>\n        <\/div>\n        <div class=\"justify-self-auto flex flex-col h-32 bg-white border-solid border-2 shadow-md rounded-md\">\n          <div class=\"flex my-0 h-full\">\n            <div class=\"w-2\/5 p-1 ml-2 mt-2 w-full\">\n              <a href=\"https:\/\/tvemfoco.com\/fr\/bolsa-familia\/\"  data-analytics-label=\"anchorImage\" data-action=\"analytics#trackCTA\">          \n                <img decoding=\"async\" loading=\"lazy\" alt=\"card\" class=\"w-full object-cover h-24 object-center rounded justify-self-auto border-2 border-gray-100\" src=\"https:\/\/tvemfoco.com\/wp-content\/uploads\/2023\/03\/AdobeStock_376148398_Editorial_Use_Only-3-scaled.jpeg\">          \n              <\/a>\n            <\/div>\n            <div class=\"w-3\/5 my-2\">\n              <p class=\"px-4 text-center text-xs h-1\/2\">\n                Inscription \u00e0 la Bolsa Fam\u00edlia              <\/p>\n              <a href=\"https:\/\/tvemfoco.com\/fr\/bolsa-familia\/\"  data-analytics-label=\"anchorButton\" data-action=\"analytics#trackCTA\" >\n                <button class=\"flex w-5\/6 m-auto mt-2 border-0 py-1 px-3 focus:outline-none rounded\">                \n                  <p class=\"text-center w-full\" style=\"font-size: 0.67rem;\">\n                    Continuer la lecture                  <\/p>\n                <\/button>\n              <\/a>\n              <p class=\"text-gray-500 text-center mt-1\" style=\"font-size: 0.50rem;\">\n                Je me reposerai sur mon propre site Web              <\/p>\n            <\/div>\n          <\/div>\n        <\/div>\n          <\/div>\n  <\/div>\n  <\/section>\n\n<\/div><!--advertisement--><div class=\"mx-5 sm:mx-0 sm:text-3xl text-2xl font-medium title-font mb-4 text-gray-900 text-left\">\n<h2 id=\"h-bolsa-familia-quem-tem-direito\">Bolsa Fam\u00edlia, qui a droit ?<\/h2>\n<\/div><div class=\"mx-5 sm:mx-0 prose leading-relaxed text-lg mb-5 text-left wp-paragraph\">\n<p>La Bolsa Fam\u00edlia est une opportunit\u00e9 d&#039;espoir pour d&#039;innombrables familles br\u00e9siliennes. Dans lequel ils sont confront\u00e9s \u00e0 des difficult\u00e9s \u00e9conomiques et sociales. <\/p>\n<\/div><div class=\"mx-5 sm:mx-0 prose leading-relaxed text-lg mb-5 text-left wp-paragraph\">\n<p>Cependant, certaines exigences \u00e9tablies par le gouvernement doivent \u00eatre prises en consid\u00e9ration.<\/p>\n<\/div><div class=\"mx-5 sm:mx-0 prose leading-relaxed text-lg mb-5 text-left wp-paragraph\">\n<p>Par exemple:<\/p>\n<\/div><div class=\"mx-5 sm:mx-0 prose text-left mb-5\">\n<ul><div class=\"mx-5 sm:mx-0 prose text-left mb-5\">\n<li>avoir des revenus identifi\u00e9s comme \u00e9tant de pauvret\u00e9 ou d\u2019extr\u00eame pauvret\u00e9\u00a0;<\/li>\n<\/div>\n\n<div class=\"mx-5 sm:mx-0 prose text-left mb-5\">\n<li>\u00eatre inscrit aupr\u00e8s de Cad\u00danico\u00a0;<\/li>\n<\/div>\n\n<div class=\"mx-5 sm:mx-0 prose text-left mb-5\">\n<li>garder les informations \u00e0 jour et les m\u00eames dans le registre et dans toute autre base de donn\u00e9es gouvernementale.<\/li>\n<\/div><\/ul>\n<\/div><div class=\"mx-5 sm:mx-0 prose leading-relaxed text-lg mb-5 text-left wp-paragraph\">\n<p>Ne perdez pas de temps! Cela pourrait \u00eatre l&#039;occasion que vous attendiez pour changer votre vie et celle de votre famille.<\/p>\n<\/div><!--advertisement--><div class=\"mx-5 sm:mx-0 sm:text-3xl text-2xl font-medium title-font mb-4 text-gray-900 text-left\">\n<h2 id=\"h-qual-o-valor-do-beneficio\">Quelle est la valeur de l\u2019avantage ?<\/h2>\n<\/div><div class=\"mx-5 sm:mx-0 prose leading-relaxed text-lg mb-5 text-left wp-paragraph\">\n<p>Pr\u00e9parez-vous \u00e0 d\u00e9couvrir l&#039;incroyable nouvelle qui arrive \u00e0 Bolsa Fam\u00edlia. Un programme d\u00e9j\u00e0 connu pour offrir un soutien financier aux familles les plus vuln\u00e9rables du pays.<\/p>\n<\/div><div class=\"mx-5 sm:mx-0 prose leading-relaxed text-lg mb-5 text-left wp-paragraph\">\n<p>Il est d\u00e9sormais encore plus complet et exhaustif. Gr\u00e2ce aux mises en \u0153uvre du gouvernement br\u00e9silien, la Bolsa Fam\u00edlia b\u00e9n\u00e9ficie d\u00e9sormais de deux nouvelles prestations compl\u00e9mentaires.<\/p>\n<\/div><div class=\"mx-5 sm:mx-0 prose leading-relaxed text-lg mb-5 text-left wp-paragraph\">\n<p>Le premier de ces bienfaits est un v\u00e9ritable cadeau pour la petite enfance. Ainsi, d\u00e9sormais, les familles qui ont un ou plusieurs enfants jusqu&#039;\u00e0 l&#039;\u00e2ge de 6 ans recevront R$150 de plus pour chacun. <\/p>\n<\/div><div class=\"mx-5 sm:mx-0 prose leading-relaxed text-lg mb-5 text-left wp-paragraph\">\n<p>En d\u2019autres termes, davantage de ressources pour l\u2019\u00e9ducation, la sant\u00e9 et le d\u00e9veloppement.<\/p>\n<\/div><div class=\"mx-5 sm:mx-0 prose leading-relaxed text-lg mb-5 text-left wp-paragraph\">\n<p>Mais cela ne s&#039;arr\u00eate pas l\u00e0 ! Il existe \u00e9galement la prestation variable familiale, qui analyse le nombre de membres \u00e2g\u00e9s de 7 \u00e0 18 ans et ajoute la valeur de R$50.00 pour chacun.<\/p>\n<\/div><div class=\"mx-5 sm:mx-0 prose leading-relaxed text-lg mb-5 text-left wp-paragraph\">\n<p>Cette prestation inclut \u00e9galement les femmes enceintes. Autrement dit, toutes les \u00e9tapes de la vie sont couvertes par cette nouvelle mesure.<\/p>\n<\/div><div class=\"mx-5 sm:mx-0 prose leading-relaxed text-lg mb-5 text-left wp-paragraph\">\n<p>Ainsi, Bolsa Fam\u00edlia devient encore plus inclusive et adapt\u00e9e aux besoins de chaque famille b\u00e9n\u00e9ficiaire.<\/p>\n<\/div><div class=\"mx-5 sm:mx-0 prose leading-relaxed text-lg mb-5 text-left wp-paragraph\">\n<p>Apr\u00e8s tout, il est d\u00e9sormais possible d\u2019investir encore davantage dans l\u2019\u00e9ducation, la sant\u00e9 et le bien-\u00eatre de tous les membres de la famille.<\/p>\n<\/div><!--advertisement--><div class=\"mx-5 sm:mx-0 sm:text-3xl text-2xl font-medium title-font mb-4 text-gray-900 text-left\">\n<h2 id=\"h-como-se-cadastrar-no-bolsa-familia\">Comment s\u2019inscrire \u00e0 la Bolsa Fam\u00edlia ?<\/h2>\n<\/div><div class=\"mx-5 sm:mx-0 prose leading-relaxed text-lg mb-5 text-left wp-paragraph\">\n<p>Voulez-vous savoir comment garantir l&#039;acc\u00e8s \u00e0 la Bolsa Fam\u00edlia \u00e0 ceux qui ont droit \u00e0 cette prestation, en plus d&#039;avoir l&#039;esprit plus tranquille pour prendre soin de votre famille ? Alors, faites attention \u00e0 ces conseils sur le processus !<\/p>\n<\/div><div class=\"mx-5 sm:mx-0 prose leading-relaxed text-lg mb-5 text-left wp-paragraph\">\n<p>Tout d\u2019abord, v\u00e9rifiez si vous r\u00e9pondez aux exigences du programme. Ensuite, recherchez simplement le secteur Bolsa Fam\u00edlia aupr\u00e8s de la mairie ou du CRAS de votre ville.<\/p>\n<\/div><div class=\"mx-5 sm:mx-0 prose leading-relaxed text-lg mb-5 text-left wp-paragraph\">\n<p>N&#039;oubliez pas d&#039;apporter tous les documents n\u00e9cessaires. Si votre inscription est approuv\u00e9e, ils vous enverront une lettre avec la valeur de la prestation, ainsi que la date de paiement.<\/p>\n<\/div><div class=\"mx-5 sm:mx-0 prose leading-relaxed text-lg mb-5 text-left wp-paragraph\">\n<p>Et pour vous assurer que tout continue de se d\u00e9rouler comme pr\u00e9vu, n&#039;oubliez pas de maintenir \u00e0 jour vos informations d&#039;inscription.<\/p>\n<\/div><div class=\"mx-5 sm:mx-0 prose leading-relaxed text-lg mb-5 text-left wp-paragraph\">\n<p>Et ne vous inqui\u00e9tez pas, l&#039;inscription \u00e0 Bolsa Fam\u00edlia est enti\u00e8rement gratuite et vous n&#039;avez pas besoin de payer de frais ou d&#039;interm\u00e9diaire.<\/p>\n<\/div><!--advertisement--><div class=\"mx-5 sm:mx-0 sm:text-3xl text-2xl font-medium title-font mb-4 text-gray-900 text-left\">\n<h2 id=\"h-como-consultar-o-bolsa-familia\">Comment v\u00e9rifier la Bolsa Fam\u00edlia ?<\/h2>\n<\/div><div class=\"mx-5 sm:mx-0 prose leading-relaxed text-lg mb-5 text-left wp-paragraph\">\n<p>Tout d\u2019abord, acc\u00e9dez au site officiel du programme. Ensuite, saisissez le num\u00e9ro NIS et les donn\u00e9es personnelles du responsable de la prestation et c&#039;est tout.<\/p>\n<\/div><div class=\"mx-5 sm:mx-0 prose leading-relaxed text-lg mb-5 text-left wp-paragraph\">\n<p>Vous aurez acc\u00e8s aux informations sur le montant re\u00e7u et la date de paiement. Si vous pr\u00e9f\u00e9rez, vous pouvez \u00e9galement consulter via l&#039;application officielle.<\/p>\n<\/div><!--advertisement--><div class=\"mx-5 sm:mx-0 sm:text-3xl text-2xl font-medium title-font mb-4 text-gray-900 text-left\">\n<h2 id=\"h-como-receber-o-beneficio\">Comment b\u00e9n\u00e9ficier de l\u2019avantage ?<\/h2>\n<\/div><!--image--><div class=\"px-5 sm:px-0 sm:w-[800px] sm:ml-[50%] sm:-translate-x-2\/4 rounded-lg overflow-hidden mb-5 text-center\">\n<figure class=\"wp-block-image size-large\"><img decoding=\"async\" width=\"1024\" height=\"683\" loading=\"lazy\" src=\"https:\/\/tvemfoco.com\/wp-content\/uploads\/2023\/03\/AdobeStock_495604060-9-1024x683.jpeg\" alt=\"moedas empilhadas e espalhadas \" class=\"w-full object-cover object-center border mx-auto wp-image-6490\" srcset=\"https:\/\/tvemfoco.com\/wp-content\/uploads\/2023\/03\/AdobeStock_495604060-9-1024x683.jpeg 1024w, https:\/\/tvemfoco.com\/wp-content\/uploads\/2023\/03\/AdobeStock_495604060-9-300x200.jpeg 300w, https:\/\/tvemfoco.com\/wp-content\/uploads\/2023\/03\/AdobeStock_495604060-9-768x512.jpeg 768w, https:\/\/tvemfoco.com\/wp-content\/uploads\/2023\/03\/AdobeStock_495604060-9-1536x1024.jpeg 1536w, https:\/\/tvemfoco.com\/wp-content\/uploads\/2023\/03\/AdobeStock_495604060-9-2048x1365.jpeg 2048w\" sizes=\"(max-width: 1024px) 100vw, 1024px\" \/><figcaption class=\"mt-5 text-xs text-center border-b pb-4\">Voici quelques instructions pour recevoir la Bolsa Fam\u00edlia, si vous \u00eates \u00e9ligible. Source : Adobe Stock<\/figcaption><\/figure>\n<\/div><!--image--><div class=\"mx-5 sm:mx-0 prose leading-relaxed text-lg mb-5 text-left wp-paragraph\">\n<p>Les familles inscrites au programme Bolsa Fam\u00edlia et qui remplissent les conditions requises ont droit \u00e0 recevoir le montant de la prestation mensuellement.<\/p>\n<\/div><div class=\"mx-5 sm:mx-0 prose leading-relaxed text-lg mb-5 text-left wp-paragraph\">\n<p>Apr\u00e8s approbation, la famille re\u00e7oit une carte sp\u00e9cifique du programme en partenariat avec Caixa Econ\u00f4mica Federal. <\/p>\n<\/div><div class=\"mx-5 sm:mx-0 prose leading-relaxed text-lg mb-5 text-left wp-paragraph\">\n<p>Si vous n&#039;avez pas de compte, celui-ci sera automatiquement ouvert au nom du membre de la famille responsable.&nbsp;<\/p>\n<\/div><div class=\"mx-5 sm:mx-0 prose leading-relaxed text-lg mb-5 text-left wp-paragraph\">\n<p>Selon le calendrier de paiement du programme, le montant mensuel de la prestation sera d\u00e9pos\u00e9 sur les comptes de ceux qui sont \u00e9ligibles pour la recevoir via Bolsa Fam\u00edlia.<\/p>\n<\/div><div class=\"mx-5 sm:mx-0 prose leading-relaxed text-lg mb-5 text-left wp-paragraph\">\n<p>L&#039;avantage peut \u00eatre retir\u00e9 via les distributeurs automatiques Caixa ou m\u00eame aupr\u00e8s d&#039;autres banques partenaires. <\/p>\n<\/div><div class=\"mx-5 sm:mx-0 prose leading-relaxed text-lg mb-5 text-left wp-paragraph\">\n<p>Cependant, il est important de souligner que le retrait ne peut \u00eatre effectu\u00e9 que par le membre responsable de la famille, qui est titulaire de la carte magn\u00e9tique.<\/p>\n<\/div><div class=\"mx-5 sm:mx-0 prose leading-relaxed text-lg mb-5 text-left wp-paragraph\">\n<p>N&#039;oubliez pas que pour le recevoir, vous devez respecter les conditions d&#039;\u00e9ligibilit\u00e9 et \u00eatre inscrit aupr\u00e8s de Cad\u00danico.<\/p>\n<\/div><div class=\"mx-5 sm:mx-0 prose leading-relaxed text-lg mb-5 text-left wp-paragraph\">\n<p>D\u00e9couvrez plus de d\u00e9tails sur la fa\u00e7on de vous inscrire au programme en cliquant sur l&#039;article ci-dessous.<\/p>\n<\/div><div class=\"wp-block-lazyblock-cta lazyblock-cta-14JYCP\">\n  <section class=\"cta mx-5 sm:mx-0 text-gray-600 body-font my-10 border-gray-200 border-b border-l border-r sm:border-0\">\n    <div class=\"h-1 bg-gray-200 rounded overflow-hidden\">\n      <div class=\"w-24 h-full\"><\/div>\n    <\/div>\n    <div class=\"container px-5 pt-6 pb-6 mx-auto flex flex-wrap\" data-anchor-target=\"lazyBlock\">    \n    \n              <a class=\"flex flex-wrap content-center w-full mb-4 md:hidden\" href=\"https:\/\/tvemfoco.com\/fr\/bolsa-familia-cadastro\/\"  data-analytics-label=\"ctaImage\" data-action=\"analytics#trackCTA\" aria-label=\"Inscription \u00e0 la Bolsa Fam\u00edlia\">\n          <div class=\"m-auto float-none\">\n            <img decoding=\"async\" loading=\"lazy\" src=\"https:\/\/tvemfoco.com\/wp-content\/uploads\/2023\/03\/AdobeStock_158037191-5-scaled.jpeg\" alt=\"\">\n          <\/div>\n        <\/a>\n            <h2 class=\"w-full sm:text-3xl text-2xl text-gray-900 font-medium title-font mb-2 text-center md:text-left md:w-2\/5\">\n        <a href=\"https:\/\/tvemfoco.com\/fr\/bolsa-familia-cadastro\/\" data-analytics-label=\"ctaTitle\" data-action=\"analytics#trackCTA\" aria-label=\"Inscription \u00e0 la Bolsa Fam\u00edlia\">\n            Inscription \u00e0 la Bolsa Fam\u00edlia        <\/a>\n      <\/h2>\n      <div class=\"w-full md:w-3\/5 md:pl-6\">\n        <p class=\"text-center md:text-left leading-relaxed text-base\">\n            V\u00e9rifiez les d\u00e9tails pour vous inscrire \u00e0 la prestation gouvernementale.        <\/p>\n        <div class=\"flex mt-6 w-full flex-1 justify-center ml-auto md:mt-4 md:justify-start\" style=\"font-weight: bold;\">\n          <a class=\"inline-flex items-center\" href=\"https:\/\/tvemfoco.com\/fr\/bolsa-familia-cadastro\/\"  data-analytics-label=\"ctaButton\" data-action=\"analytics#trackCTA\" >\n            Continuer la lecture            <svg fill=\"none\" stroke=\"currentColor\" stroke-linecap=\"round\" stroke-linejoin=\"round\" stroke-width=\"2\" class=\"w-4 h-4 ml-2\" viewbox=\"0 0 24 24\">\n              <path d=\"M5 12h14M12 5l7 7-7 7\"><\/path>\n            <\/svg>\n          <\/a>\n        <\/div>\n      <\/div>  \n          \n    <\/div>\n      <script type=\"module\"> function waitFor(conditionFunction) { const poll = resolve => { if(conditionFunction()) resolve(); else setTimeout(_ => poll(resolve), 400); }; return new Promise(poll); } import { Application, Controller } from \"\/wp-content\/themes\/twentytwentyone\/assets\/js\/stimulus.min.js\"; let Stimulus = Application.start(); Stimulus.register(\"anchor\", class extends Controller { static get targets() { return [ \"lazyBlock\", \"lazyBlockAnchor\" ]; } initialize() { this.active = false; this.passed = false; this.closed = false; this.anchorViews = 0; this.boundOnShowAnchor = this.onShowAnchor.bind(this); window.anchorReady = window.anchorReady || false; waitFor(_ => (window.scrollY > this.getHeightBlock() && !this.active)) .then(_ => { !window.anchorReady? this.visible() : ''; window.anchorReady = true; }); if (document.getElementById('landing')) { setTimeout(() => { !window.anchorReady ? this.visible() : ''; window.anchorReady = true; }, 1 * 30000); }; } connect() { this.onShowAnchor(); document.addEventListener(\"scroll\", this.boundOnShowAnchor); } disconnect() { document.removeEventListener(\"scroll\", this.boundOnShowAnchor); } visible() { if (document.getElementById('av-offerwall__wrapper')) { setTimeout(() => this.visible(), 20000); return; } if (document.getElementById('av-fixed__bottomWrapper') && document.getElementById('av-fixed__bottomWrapper').style.display !== 'none' && document.getElementById('av-fixed__bottomWrapper').getBoundingClientRect().height > 100) { setTimeout(() => this.visible(), 1000); return; } if (document.getElementById('av-fixed__bottomWrapper') && document.getElementById('av-fixed__bottomWrapper').style.display !== 'none' && document.getElementById('av-fixed__bottomWrapper').getBoundingClientRect().height > 10) { this.getAnchorElement().style.marginBottom = '60px'; } if (document.querySelector('[data-anchor-shown=\"true\"]') && document.querySelector('[data-anchor-shown=\"true\"]').style.bottom === '0px') { setTimeout(() => this.visible(), 1000); return; } if (!window.km2AnchorReady) { this.active = true; \/*this.getAnchorElement().style.animation = \"none\"; this.getAnchorElement().classList.remove('animate-show-down');*\/ \/*this.getAnchorElement().classList.add('animate-show-up');*\/ \/*setTimeout(() => {*\/ \/*this.getAnchorElement().style.animation = \"\";*\/ this.getAnchorElement().classList.add('animate-show-up'); this.getAnchorElement().classList.remove('hidden'); this.setAnchorViews(this.anchorViews+1); setTimeout(() => this.closeAnchor(), 20000); waitFor(_ => (document.getElementById('av-fixed__bottomWrapper') && document.getElementById('av-fixed__bottomWrapper').style.display !== 'none' && document.getElementById('av-fixed__bottomWrapper').getBoundingClientRect().height > 10 && this.getAnchorElement().style.marginBottom !== '60px')) .then(_ => { this.closeAnchor(); }); this.active = false; \/*}, 10);*\/ } } invisible() { this.active = true; this.getAnchorElement().style.animation = \"none\"; this.getAnchorElement().classList.remove('animate-show-up'); this.getAnchorElement().classList.add('animate-show-down'); setTimeout(() => { this.getAnchorElement().style.animation = \"\"; setTimeout(() => { this.getAnchorElement().classList.add('hidden'); this.active = false; }, 800); }, 10); } onShowAnchor() { let anchorReady = false;  \/*if (!this.active && !anchorReady) { if (this.getAnchorViews() <= 3) { if (window.scrollY > this.getHeightBlock()) { if (!this.passed && !this.closed) { this.visible(); this.passed = true; } } else { if (this.passed) { this.invisible(); this.passed = false; } } } else { if (!this.getAnchorElement().classList.contains('close')) { this.getAnchorElement().classList.add('close'); if (window.scrollY < this.getHeightBlock()) { this.invisible(); } } } }*\/ } closeAnchor() { if (this.closed) return; this.invisible(); this.getAnchorElement().classList.add('close'); this.closed = true; } getAnchorElement() { return this.lazyBlockAnchorTargets[0]; } getAnchorViews() { this.anchorViews = parseInt(sessionStorage.getItem(\"anchorViews\")) >= 1 ? parseInt(sessionStorage.getItem(\"anchorViews\")) : 0; return this.anchorViews; } setAnchorViews(views) { sessionStorage.setItem(\"anchorViews\", views); } getHeightBlock() { return this.lazyBlockTarget.offsetTop + this.lazyBlockTarget.offsetHeight - 110; } }) <\/script>  <div data-anchor-target=\"lazyBlockAnchor\" class=\"fixed w-full sm:w-96 px-3 py-2 bottom-0 left-0 hidden\" style=\"z-index: 999999;\" name=\"lazyBlockAnchor\">\n    <div class=\"grid justify-items-stretch\">        \n              <div class=\"relative justify-self-end top-4 -right-2\">\n          <button data-no-translation class=\"bg-white text-md font-medium text-center rounded-full h-7 w-7 border-2\" data-analytics-label=\"anchorCloseAnchor\" data-action=\"anchor#closeAnchor\" style=\"z-index: 999999;\">\n            X\n          <\/button>\n        <\/div>\n        <div class=\"justify-self-auto flex flex-col h-32 bg-white border-solid border-2 shadow-md rounded-md\">\n          <div class=\"flex my-0 h-full\">\n            <div class=\"w-2\/5 p-1 ml-2 mt-2 w-full\">\n              <a href=\"https:\/\/tvemfoco.com\/fr\/bolsa-familia-cadastro\/\"  data-analytics-label=\"anchorImage\" data-action=\"analytics#trackCTA\">          \n                <img decoding=\"async\" loading=\"lazy\" alt=\"card\" class=\"w-full object-cover h-24 object-center rounded justify-self-auto border-2 border-gray-100\" src=\"https:\/\/tvemfoco.com\/wp-content\/uploads\/2023\/03\/AdobeStock_158037191-5-scaled.jpeg\">          \n              <\/a>\n            <\/div>\n            <div class=\"w-3\/5 my-2\">\n              <p class=\"px-4 text-center text-xs h-1\/2\">\n                Inscription \u00e0 la Bolsa Fam\u00edlia              <\/p>\n              <a href=\"https:\/\/tvemfoco.com\/fr\/bolsa-familia-cadastro\/\"  data-analytics-label=\"anchorButton\" data-action=\"analytics#trackCTA\" >\n                <button class=\"flex w-5\/6 m-auto mt-2 border-0 py-1 px-3 focus:outline-none rounded\">                \n                  <p class=\"text-center w-full\" style=\"font-size: 0.67rem;\">\n                    Continuer la lecture                  <\/p>\n                <\/button>\n              <\/a>\n              <p class=\"text-gray-500 text-center mt-1\" style=\"font-size: 0.50rem;\">\n                Je me reposerai sur mon propre site Web              <\/p>\n            <\/div>\n          <\/div>\n        <\/div>\n          <\/div>\n  <\/div>\n  <\/section>\n\n<\/div>","protected":false},"excerpt":{"rendered":"<p>Si vous avez une famille et que vous souffrez de faibles revenus, vous devez conna\u00eetre la Bolsa Fam\u00edlia. Dans cet article, vous trouverez plus d\u2019informations sur cette prestation, notamment si vous y avez droit.<\/p>","protected":false},"author":13,"featured_media":0,"comment_status":"open","ping_status":"open","sticky":false,"template":"","format":"standard","meta":[],"categories":[856],"tags":[817,206,820,1018],"yoast_head":"<!-- This site is optimized with the Yoast SEO Premium plugin v18.7 (Yoast SEO v19.1) - https:\/\/yoast.com\/wordpress\/plugins\/seo\/ -->\n<title>Bolsa Fam\u00edlia quem tem direito? Confira a resposta aqui! - TV em Foco<\/title>\n<meta name=\"description\" content=\"Est\u00e1 na hora de transformar a sua vida! Conhe\u00e7a o Bolsa Fam\u00edlia e veja se voc\u00ea tem direito a ele. Confira agora mesmo como se cadastrar.\" \/>\n<meta name=\"robots\" content=\"index, follow, max-snippet:-1, max-image-preview:large, max-video-preview:-1\" \/>\n<link rel=\"canonical\" href=\"https:\/\/tvemfoco.com\/fr\/bolsa-familia-quem-tem-direito\/\" \/>\n<meta property=\"og:locale\" content=\"fr_FR\" \/>\n<meta property=\"og:type\" content=\"article\" \/>\n<meta property=\"og:title\" content=\"Bolsa Fam\u00edlia quem tem direito? Confira a resposta aqui!\" \/>\n<meta property=\"og:description\" content=\"Est\u00e1 na hora de transformar a sua vida! Conhe\u00e7a o Bolsa Fam\u00edlia e veja se voc\u00ea tem direito a ele. Confira agora mesmo como se cadastrar.\" \/>\n<meta property=\"og:url\" content=\"https:\/\/tvemfoco.com\/fr\/bolsa-familia-quem-tem-direito\/\" \/>\n<meta property=\"og:site_name\" content=\"TV em Foco\" \/>\n<meta property=\"article:published_time\" content=\"2023-04-02T12:00:00+00:00\" \/>\n<meta property=\"article:modified_time\" content=\"2023-04-02T00:58:06+00:00\" \/>\n<meta property=\"og:image\" content=\"https:\/\/tvemfoco.com\/wp-content\/uploads\/2023\/03\/AdobeStock_376148398_Editorial_Use_Only-1024x683.jpeg\" \/>\n<meta name=\"twitter:card\" content=\"summary_large_image\" \/>\n<meta name=\"twitter:label1\" content=\"Written by\" \/>\n\t<meta name=\"twitter:data1\" content=\"Rafaela Gregorio\" \/>\n\t<meta name=\"twitter:label2\" content=\"Est. reading time\" \/>\n\t<meta name=\"twitter:data2\" content=\"6 minutes\" \/>\n<script type=\"application\/ld+json\" class=\"yoast-schema-graph\">{\"@context\":\"https:\/\/schema.org\",\"@graph\":[{\"@type\":\"WebSite\",\"@id\":\"https:\/\/tvemfoco.com\/#website\",\"url\":\"https:\/\/tvemfoco.com\/\",\"name\":\"TV em Foco\",\"description\":\"A TV em Foco \u00e9 um site online que oferece not\u00edcias atualizadas sobre diversos assuntos\",\"potentialAction\":[{\"@type\":\"SearchAction\",\"target\":{\"@type\":\"EntryPoint\",\"urlTemplate\":\"https:\/\/tvemfoco.com\/?s={search_term_string}\"},\"query-input\":\"required name=search_term_string\"}],\"inLanguage\":\"fr-FR\"},{\"@type\":\"ImageObject\",\"inLanguage\":\"fr-FR\",\"@id\":\"https:\/\/tvemfoco.com\/bolsa-familia-quem-tem-direito\/#primaryimage\",\"url\":\"https:\/\/tvemfoco.com\/wp-content\/uploads\/2023\/03\/AdobeStock_376148398_Editorial_Use_Only-1024x683.jpeg\",\"contentUrl\":\"https:\/\/tvemfoco.com\/wp-content\/uploads\/2023\/03\/AdobeStock_376148398_Editorial_Use_Only-1024x683.jpeg\"},{\"@type\":\"WebPage\",\"@id\":\"https:\/\/tvemfoco.com\/bolsa-familia-quem-tem-direito\/#webpage\",\"url\":\"https:\/\/tvemfoco.com\/bolsa-familia-quem-tem-direito\/\",\"name\":\"Bolsa Fam\u00edlia quem tem direito? Confira a resposta aqui! - TV em Foco\",\"isPartOf\":{\"@id\":\"https:\/\/tvemfoco.com\/#website\"},\"primaryImageOfPage\":{\"@id\":\"https:\/\/tvemfoco.com\/bolsa-familia-quem-tem-direito\/#primaryimage\"},\"datePublished\":\"2023-04-02T12:00:00+00:00\",\"dateModified\":\"2023-04-02T00:58:06+00:00\",\"author\":{\"@id\":\"https:\/\/tvemfoco.com\/#\/schema\/person\/42a9a1613dd1eed66208d3e549212aa2\"},\"description\":\"Est\u00e1 na hora de transformar a sua vida! Conhe\u00e7a o Bolsa Fam\u00edlia e veja se voc\u00ea tem direito a ele. Confira agora mesmo como se cadastrar.\",\"breadcrumb\":{\"@id\":\"https:\/\/tvemfoco.com\/bolsa-familia-quem-tem-direito\/#breadcrumb\"},\"inLanguage\":\"fr-FR\",\"potentialAction\":[{\"@type\":\"ReadAction\",\"target\":[\"https:\/\/tvemfoco.com\/bolsa-familia-quem-tem-direito\/\"]}]},{\"@type\":\"BreadcrumbList\",\"@id\":\"https:\/\/tvemfoco.com\/bolsa-familia-quem-tem-direito\/#breadcrumb\",\"itemListElement\":[{\"@type\":\"ListItem\",\"position\":1,\"name\":\"Home\",\"item\":\"https:\/\/tvemfoco.com\/\"},{\"@type\":\"ListItem\",\"position\":2,\"name\":\"Bolsa Fam\u00edlia quem tem direito? Confira a resposta aqui!\"}]},{\"@type\":\"Person\",\"@id\":\"https:\/\/tvemfoco.com\/#\/schema\/person\/42a9a1613dd1eed66208d3e549212aa2\",\"name\":\"Rafaela Gregorio\",\"image\":{\"@type\":\"ImageObject\",\"inLanguage\":\"fr-FR\",\"@id\":\"https:\/\/tvemfoco.com\/#\/schema\/person\/image\/\",\"url\":\"https:\/\/secure.gravatar.com\/avatar\/896114155b61e0c2f10a07a5dea38c84?s=96&d=mm&r=g\",\"contentUrl\":\"https:\/\/secure.gravatar.com\/avatar\/896114155b61e0c2f10a07a5dea38c84?s=96&d=mm&r=g\",\"caption\":\"Rafaela Gregorio\"},\"description\":\"Formada em Publicidade e Propaganda, especialista e amante do Digital. Sempre em busca de desenvolver novas habilidades.\",\"url\":\"https:\/\/tvemfoco.com\/fr\/author\/rafaela-gregorio\/\"}]}<\/script>\n<!-- \/ Yoast SEO Premium plugin. -->","yoast_head_json":{"title":"Bolsa Fam\u00edlia quem tem direito? Confira a resposta aqui! - TV em Foco","description":"Est\u00e1 na hora de transformar a sua vida! Conhe\u00e7a o Bolsa Fam\u00edlia e veja se voc\u00ea tem direito a ele. Confira agora mesmo como se cadastrar.","robots":{"index":"index","follow":"follow","max-snippet":"max-snippet:-1","max-image-preview":"max-image-preview:large","max-video-preview":"max-video-preview:-1"},"canonical":"https:\/\/tvemfoco.com\/fr\/bolsa-familia-quem-tem-direito\/","og_locale":"fr_FR","og_type":"article","og_title":"Bolsa Fam\u00edlia quem tem direito? Confira a resposta aqui!","og_description":"Est\u00e1 na hora de transformar a sua vida! Conhe\u00e7a o Bolsa Fam\u00edlia e veja se voc\u00ea tem direito a ele. Confira agora mesmo como se cadastrar.","og_url":"https:\/\/tvemfoco.com\/fr\/bolsa-familia-quem-tem-direito\/","og_site_name":"TV em Foco","article_published_time":"2023-04-02T12:00:00+00:00","article_modified_time":"2023-04-02T00:58:06+00:00","og_image":[{"url":"https:\/\/tvemfoco.com\/wp-content\/uploads\/2023\/03\/AdobeStock_376148398_Editorial_Use_Only-1024x683.jpeg"}],"twitter_card":"summary_large_image","twitter_misc":{"Written by":"Rafaela Gregorio","Est. reading time":"6 minutes"},"schema":{"@context":"https:\/\/schema.org","@graph":[{"@type":"WebSite","@id":"https:\/\/tvemfoco.com\/#website","url":"https:\/\/tvemfoco.com\/","name":"TV em Foco","description":"A TV em Foco \u00e9 um site online que oferece not\u00edcias atualizadas sobre diversos assuntos","potentialAction":[{"@type":"SearchAction","target":{"@type":"EntryPoint","urlTemplate":"https:\/\/tvemfoco.com\/?s={search_term_string}"},"query-input":"required name=search_term_string"}],"inLanguage":"fr-FR"},{"@type":"ImageObject","inLanguage":"fr-FR","@id":"https:\/\/tvemfoco.com\/bolsa-familia-quem-tem-direito\/#primaryimage","url":"https:\/\/tvemfoco.com\/wp-content\/uploads\/2023\/03\/AdobeStock_376148398_Editorial_Use_Only-1024x683.jpeg","contentUrl":"https:\/\/tvemfoco.com\/wp-content\/uploads\/2023\/03\/AdobeStock_376148398_Editorial_Use_Only-1024x683.jpeg"},{"@type":"WebPage","@id":"https:\/\/tvemfoco.com\/bolsa-familia-quem-tem-direito\/#webpage","url":"https:\/\/tvemfoco.com\/bolsa-familia-quem-tem-direito\/","name":"Bolsa Fam\u00edlia quem tem direito? Confira a resposta aqui! - TV em Foco","isPartOf":{"@id":"https:\/\/tvemfoco.com\/#website"},"primaryImageOfPage":{"@id":"https:\/\/tvemfoco.com\/bolsa-familia-quem-tem-direito\/#primaryimage"},"datePublished":"2023-04-02T12:00:00+00:00","dateModified":"2023-04-02T00:58:06+00:00","author":{"@id":"https:\/\/tvemfoco.com\/#\/schema\/person\/42a9a1613dd1eed66208d3e549212aa2"},"description":"Est\u00e1 na hora de transformar a sua vida! Conhe\u00e7a o Bolsa Fam\u00edlia e veja se voc\u00ea tem direito a ele. Confira agora mesmo como se cadastrar.","breadcrumb":{"@id":"https:\/\/tvemfoco.com\/bolsa-familia-quem-tem-direito\/#breadcrumb"},"inLanguage":"fr-FR","potentialAction":[{"@type":"ReadAction","target":["https:\/\/tvemfoco.com\/bolsa-familia-quem-tem-direito\/"]}]},{"@type":"BreadcrumbList","@id":"https:\/\/tvemfoco.com\/bolsa-familia-quem-tem-direito\/#breadcrumb","itemListElement":[{"@type":"ListItem","position":1,"name":"Home","item":"https:\/\/tvemfoco.com\/"},{"@type":"ListItem","position":2,"name":"Bolsa Fam\u00edlia quem tem direito? Confira a resposta aqui!"}]},{"@type":"Person","@id":"https:\/\/tvemfoco.com\/#\/schema\/person\/42a9a1613dd1eed66208d3e549212aa2","name":"Rafaela Gregorio","image":{"@type":"ImageObject","inLanguage":"fr-FR","@id":"https:\/\/tvemfoco.com\/#\/schema\/person\/image\/","url":"https:\/\/secure.gravatar.com\/avatar\/896114155b61e0c2f10a07a5dea38c84?s=96&d=mm&r=g","contentUrl":"https:\/\/secure.gravatar.com\/avatar\/896114155b61e0c2f10a07a5dea38c84?s=96&d=mm&r=g","caption":"Rafaela Gregorio"},"description":"Formada em Publicidade e Propaganda, especialista e amante do Digital. Sempre em busca de desenvolver novas habilidades.","url":"https:\/\/tvemfoco.com\/fr\/author\/rafaela-gregorio\/"}]}},"_links":{"self":[{"href":"https:\/\/tvemfoco.com\/fr\/wp-json\/wp\/v2\/posts\/6479"}],"collection":[{"href":"https:\/\/tvemfoco.com\/fr\/wp-json\/wp\/v2\/posts"}],"about":[{"href":"https:\/\/tvemfoco.com\/fr\/wp-json\/wp\/v2\/types\/post"}],"author":[{"embeddable":true,"href":"https:\/\/tvemfoco.com\/fr\/wp-json\/wp\/v2\/users\/13"}],"replies":[{"embeddable":true,"href":"https:\/\/tvemfoco.com\/fr\/wp-json\/wp\/v2\/comments?post=6479"}],"version-history":[{"count":0,"href":"https:\/\/tvemfoco.com\/fr\/wp-json\/wp\/v2\/posts\/6479\/revisions"}],"wp:attachment":[{"href":"https:\/\/tvemfoco.com\/fr\/wp-json\/wp\/v2\/media?parent=6479"}],"wp:term":[{"taxonomy":"category","embeddable":true,"href":"https:\/\/tvemfoco.com\/fr\/wp-json\/wp\/v2\/categories?post=6479"},{"taxonomy":"post_tag","embeddable":true,"href":"https:\/\/tvemfoco.com\/fr\/wp-json\/wp\/v2\/tags?post=6479"}],"curies":[{"name":"wp","href":"https:\/\/api.w.org\/{rel}","templated":true}]}}