{"id":5703,"date":"2023-03-07T12:00:00","date_gmt":"2023-03-07T12:00:00","guid":{"rendered":"https:\/\/tvemfoco.com\/?p=5703"},"modified":"2024-05-19T21:09:23","modified_gmt":"2024-05-19T21:09:23","slug":"recomendador-tarifa-social-de-energia-eletrica","status":"publish","type":"post","link":"https:\/\/tvemfoco.com\/es\/recomendador-tarifa-social-de-energia-eletrica\/","title":{"rendered":"Recomendador TV en Foco \u2013 Conozca la Tarifa Social de Electricidad"},"content":{"rendered":"<!--landing--><div class=\"wp-block-lazyblock-landing-page-variant lazyblock-landing-page-variant-wH1kw\"><div id=\"landing\" style=\"\" class=\"mb-40\">\n  <section class=\"text-gray-600 body-font border-gray-200 sm:border-0\">\n    <div style=\"max-width: 850px;\" class=\"sm:pt-6 mx-auto block\">\n      <div class=\"text-center py-3 px-5\">\n        <p data-av-subtitle class=\"leading-relaxed sm:w-3\/4 mx-auto mb-0\">\n          La recomendaci\u00f3n es para familias de bajos ingresos que necesitan ayuda con su presupuesto mensual.        <\/p>\n      <\/div>\n\n              <section id=\"half\" class=\"text-gray-600 body-font border-gray-200 sm:border-0\">\n          <h4 class=\"pt-3 text-center text-gray-900 text-2xl title-font font-medium px-5 mb-12\">\n            Conoce el beneficio de la Tarifa Social de Luz y recibe un descuento en tu factura de luz          <\/h4>\n          <div id=\"tef_top_wrapper\" style=\"height:600px;\" align=\"center\" class=\"w-full border-gray-200 border-b mt-8 mb-8 pb-5\">\n    <div align=\"center\" style=\"position: sticky; top: 120px;\" class=\"w-full\">\n                  <p style=\"font-size: 10px;\" class=\"uppercase text-center\">\n            Anuncios          <\/p>\n                <div id=\"tef_top\" >\n        <\/div>\n    <\/div>\n<\/div>\n          <p class=\"sm:hidden pb-2 text-center sm:text-left leading-relaxed px-5\">\n              La Tarifa Social de Electricidad es un beneficio que ofrece descuentos en la factura de electricidad a familias de bajos ingresos, personas mayores y personas con discapacidad. Es importante saber c\u00f3mo registrarse para garantizar este derecho y ahorrar en su factura de energ\u00eda. Al registrarse en el Registro \u00danico o presentar documentos que acrediten su condici\u00f3n de beneficiario, puede recibir descuentos de hasta 65% en su factura de electricidad. Inf\u00f3rmese m\u00e1s a continuaci\u00f3n.          <\/p>\n          \n          <div class=\"sm:hidden sm:px-0 py-6 mx-auto px-5\">\n            <div class=\"w-full mx-auto flex flex-wrap\">\n                              <a class=\"mx-auto block\" href=\"https:\/\/tvemfoco.com\/es\/tarifa-social-de-energia-eletrica\/\" data-analytics-label=\"landingPageImage\" data-action=\"analytics#trackCTA\">\n                  <img decoding=\"async\" loading=\"lazy\" alt=\"card\" style=\"height: 190px;\" class=\"w-full h-64 object-cover object-center rounded border-gray-100 border-2\" src=\"https:\/\/tvemfoco.com\/wp-content\/uploads\/2023\/03\/AdobeStock_407113795-scaled.jpeg\">\n                <\/a>\n                                          <div class=\"lg:w-3\/5 w-full lg:pl-6 mt-6 lg:mt-0\">\n                                  <div class=\"flex\">\n                    <a class=\"flex text-white no-underline mt-10 m-auto sm:mr-0 sm:ml-auto\" href=\"https:\/\/tvemfoco.com\/es\/tarifa-social-de-energia-eletrica\/\"  data-analytics-label=\"landingPageFirstButton\" data-action=\"analytics#trackCTA\">\n                      <button id=\"landing-first\" class=\"text-white flex m-auto sm:mr-0 sm:ml-auto border-0 py-2 px-8 text-lg focus:outline-none rounded\">\n                        QUIERO SABER EL PROGRAMA                      <\/button>\n                    <\/a>\n                  <\/div>\n                                      <p class=\"text-xs text-gray-500 mt-3 text-center sm:text-right\">\n                      Seguir\u00e1s en el mismo lugar                    <\/p>\n                                                                <\/div>\n            <\/div>\n          <\/div>\n          <div class=\"mt-10 h-1 bg-gray-200 rounded overflow-hidden sm:hidden mx-5\">\n            <div class=\"w-24 h-full\"><\/div>\n          <\/div>\n          <div class=\"hidden sm:block sm:px-0 py-6 mx-auto px-5\">\n            <div class=\"w-full py-3 mx-auto flex flex-wrap\">\n                              <img decoding=\"async\" loading=\"lazy\" alt=\"card\" style=\"height: 190px;\" class=\"lg:w-2\/5 w-full h-64 object-cover object-center rounded border-gray-100 border-2\" src=\"https:\/\/tvemfoco.com\/wp-content\/uploads\/2023\/03\/AdobeStock_407113795-scaled.jpeg\">\n                            \n              <div class=\"lg:w-3\/5 w-full lg:pl-6 mt-6 lg:mt-0\">\n                \n                \n                <p class=\"py-2 text-center sm:text-left leading-relaxed\">\n                  La Tarifa Social de Electricidad es un beneficio que ofrece descuentos en la factura de electricidad a familias de bajos ingresos, personas mayores y personas con discapacidad. Es importante saber c\u00f3mo registrarse para garantizar este derecho y ahorrar en su factura de energ\u00eda. Al registrarse en el Registro \u00danico o presentar documentos que acrediten su condici\u00f3n de beneficiario, puede recibir descuentos de hasta 65% en su factura de electricidad. Inf\u00f3rmese m\u00e1s a continuaci\u00f3n.                <\/p>\n                <div class=\"flex mt-6 items-center pb-5 border-b-2 border-gray-100 mb-5\">\n                <\/div>\n                                  <div class=\"flex\">\n                    <a class=\"flex text-white no-underline mt-10 m-auto sm:mr-0 sm:ml-auto\" href=\"https:\/\/tvemfoco.com\/es\/tarifa-social-de-energia-eletrica\/\"  data-analytics-label=\"landingPageFirstButton\" data-action=\"analytics#trackCTA\">\n                      <button id=\"landing-first\" class=\"text-white flex m-auto sm:mr-0 sm:ml-auto border-0 py-2 px-8 text-lg focus:outline-none rounded\">\n                        QUIERO SABER EL PROGRAMA                      <\/button>\n                    <\/a>\n                  <\/div>\n                                      <p class=\"text-xs text-gray-500 mt-3 text-center sm:text-right\">\n                      Seguir\u00e1s en el mismo lugar                    <\/p>\n                                                                <\/div>\n            <\/div>\n          <\/div>\n        <\/section>\n      \n      <p class=\"text-center leading-relaxed sm:w-3\/4 mx-auto my-10 px-5\">\n        Descubre los principales beneficios de registrarte y recibir el descuento que s\u00f3lo la Tarifa Social de Luz puede ofrecerte.      <\/p>\n            <div class=\"flex flex-wrap sm:w-full sm:mx-auto sm:mb-2 px-5\">\n        <div class=\"p-2 sm:w-1\/2 w-full\">\n          <div class=\"bg-gray-100 rounded flex p-4 h-full items-center\">\n            <svg fill=\"none\" stroke=\"currentColor\" stroke-linecap=\"round\" stroke-linejoin=\"round\" stroke-width=\"3\" class=\"w-6 h-6 flex-shrink-0 mr-4\" viewbox=\"0 0 24 24\">\n              <path d=\"M22 11.08V12a10 10 0 11-5.93-9.14\"><\/path>\n              <path d=\"M22 4L12 14.01l-3-3\"><\/path>\n            <\/svg>\n            <span class=\"title-font font-medium text-left\">\n              Reducci\u00f3n en la factura de electricidad de hasta 65%            <\/span>\n          <\/div>\n        <\/div>\n        <div class=\"p-2 sm:w-1\/2 w-full\">\n          <div class=\"bg-gray-100 rounded flex p-4 h-full items-center\">\n            <svg fill=\"none\" stroke=\"currentColor\" stroke-linecap=\"round\" stroke-linejoin=\"round\" stroke-width=\"3\" class=\"w-6 h-6 flex-shrink-0 mr-4\" viewbox=\"0 0 24 24\">\n              <path d=\"M22 11.08V12a10 10 0 11-5.93-9.14\"><\/path>\n              <path d=\"M22 4L12 14.01l-3-3\"><\/path>\n            <\/svg>\n            <span class=\"title-font font-medium text-left\">\n              Acceso a la electricidad            <\/span>\n          <\/div>\n        <\/div>\n        <div class=\"p-2 sm:w-1\/2 w-full\">\n          <div class=\"bg-gray-100 rounded flex p-4 h-full items-center\">\n            <svg fill=\"none\" stroke=\"currentColor\" stroke-linecap=\"round\" stroke-linejoin=\"round\" stroke-width=\"3\" class=\"w-6 h-6 flex-shrink-0 mr-4\" viewbox=\"0 0 24 24\">\n              <path d=\"M22 11.08V12a10 10 0 11-5.93-9.14\"><\/path>\n              <path d=\"M22 4L12 14.01l-3-3\"><\/path>\n            <\/svg>\n            <span class=\"title-font font-medium text-left\">\n              Ahorrar para otras necesidades b\u00e1sicas            <\/span>\n          <\/div>\n        <\/div>\n        <div class=\"p-2 sm:w-1\/2 w-full\">\n          <div class=\"bg-gray-100 rounded flex p-4 h-full items-center\">\n            <svg fill=\"none\" stroke=\"currentColor\" stroke-linecap=\"round\" stroke-linejoin=\"round\" stroke-width=\"3\" class=\"w-6 h-6 flex-shrink-0 mr-4\" viewbox=\"0 0 24 24\">\n              <path d=\"M22 11.08V12a10 10 0 11-5.93-9.14\"><\/path>\n              <path d=\"M22 4L12 14.01l-3-3\"><\/path>\n            <\/svg>\n            <span class=\"title-font font-medium text-left\">\n              Reducci\u00f3n de las desigualdades sociales            <\/span>\n          <\/div>\n        <\/div>\n      <\/div>\n      \n              <div class=\"mx-5\" data-anchor-target=\"lazyBlock\">\n          <a class=\"text-white no-underline\"  href=\"https:\/\/tvemfoco.com\/es\/tarifa-social-de-energia-eletrica\/\" data-analytics-label=\"landingPageSecondButton\" data-action=\"analytics#trackCTA\">\n            <button id=\"landing-second\" class=\"flex mx-auto mt-16 border-0 py-2 px-8 focus:outline-none rounded text-lg\">\n              QUIERO SABER EL PROGRAMA            <\/button>\n          <\/a>\n        <\/div>\n                          <p class=\"text-xs text-gray-500 mt-3 text-center\">\n            Seguir\u00e1s en el mismo lugar          <\/p>\n                        <\/div>\n  <\/section>\n\n    <script type=\"module\"> function waitFor(conditionFunction) { const poll = resolve => { if(conditionFunction()) resolve(); else setTimeout(_ => poll(resolve), 400); }; return new Promise(poll); } import { Application, Controller } from \"\/wp-content\/themes\/twentytwentyone\/assets\/js\/stimulus.min.js\"; let Stimulus = Application.start(); Stimulus.register(\"anchor\", class extends Controller { static get targets() { return [ \"lazyBlock\", \"lazyBlockAnchor\" ]; } initialize() { this.active = false; this.passed = false; this.closed = false; this.anchorViews = 0; this.boundOnShowAnchor = this.onShowAnchor.bind(this); window.anchorReady = window.anchorReady || false; waitFor(_ => (window.scrollY > this.getHeightBlock() && !this.active)) .then(_ => { !window.anchorReady? this.visible() : ''; window.anchorReady = true; }); if (document.getElementById('landing')) { setTimeout(() => { !window.anchorReady ? this.visible() : ''; window.anchorReady = true; }, 1 * 30000); }; } connect() { this.onShowAnchor(); document.addEventListener(\"scroll\", this.boundOnShowAnchor); } disconnect() { document.removeEventListener(\"scroll\", this.boundOnShowAnchor); } visible() { if (document.getElementById('av-offerwall__wrapper')) { setTimeout(() => this.visible(), 20000); return; } if (document.getElementById('av-fixed__bottomWrapper') && document.getElementById('av-fixed__bottomWrapper').style.display !== 'none' && document.getElementById('av-fixed__bottomWrapper').getBoundingClientRect().height > 100) { setTimeout(() => this.visible(), 1000); return; } if (document.getElementById('av-fixed__bottomWrapper') && document.getElementById('av-fixed__bottomWrapper').style.display !== 'none' && document.getElementById('av-fixed__bottomWrapper').getBoundingClientRect().height > 10) { this.getAnchorElement().style.marginBottom = '60px'; } if (document.querySelector('[data-anchor-shown=\"true\"]') && document.querySelector('[data-anchor-shown=\"true\"]').style.bottom === '0px') { setTimeout(() => this.visible(), 1000); return; } if (!window.km2AnchorReady) { this.active = true; \/*this.getAnchorElement().style.animation = \"none\"; this.getAnchorElement().classList.remove('animate-show-down');*\/ \/*this.getAnchorElement().classList.add('animate-show-up');*\/ \/*setTimeout(() => {*\/ \/*this.getAnchorElement().style.animation = \"\";*\/ this.getAnchorElement().classList.add('animate-show-up'); this.getAnchorElement().classList.remove('hidden'); this.setAnchorViews(this.anchorViews+1); setTimeout(() => this.closeAnchor(), 20000); waitFor(_ => (document.getElementById('av-fixed__bottomWrapper') && document.getElementById('av-fixed__bottomWrapper').style.display !== 'none' && document.getElementById('av-fixed__bottomWrapper').getBoundingClientRect().height > 10 && this.getAnchorElement().style.marginBottom !== '60px')) .then(_ => { this.closeAnchor(); }); this.active = false; \/*}, 10);*\/ } } invisible() { this.active = true; this.getAnchorElement().style.animation = \"none\"; this.getAnchorElement().classList.remove('animate-show-up'); this.getAnchorElement().classList.add('animate-show-down'); setTimeout(() => { this.getAnchorElement().style.animation = \"\"; setTimeout(() => { this.getAnchorElement().classList.add('hidden'); this.active = false; }, 800); }, 10); } onShowAnchor() { let anchorReady = false;  \/*if (!this.active && !anchorReady) { if (this.getAnchorViews() <= 3) { if (window.scrollY > this.getHeightBlock()) { if (!this.passed && !this.closed) { this.visible(); this.passed = true; } } else { if (this.passed) { this.invisible(); this.passed = false; } } } else { if (!this.getAnchorElement().classList.contains('close')) { this.getAnchorElement().classList.add('close'); if (window.scrollY < this.getHeightBlock()) { this.invisible(); } } } }*\/ } closeAnchor() { if (this.closed) return; this.invisible(); this.getAnchorElement().classList.add('close'); this.closed = true; } getAnchorElement() { return this.lazyBlockAnchorTargets[0]; } getAnchorViews() { this.anchorViews = parseInt(sessionStorage.getItem(\"anchorViews\")) >= 1 ? parseInt(sessionStorage.getItem(\"anchorViews\")) : 0; return this.anchorViews; } setAnchorViews(views) { sessionStorage.setItem(\"anchorViews\", views); } getHeightBlock() { return this.lazyBlockTarget.offsetTop + this.lazyBlockTarget.offsetHeight - 110; } }) <\/script>  <div data-anchor-target=\"lazyBlockAnchor\" class=\"fixed w-full sm:w-96 px-3 py-2 bottom-0 left-0 hidden\" style=\"z-index: 999999;\" name=\"lazyBlockAnchor\">\n    <div class=\"grid justify-items-stretch\">        \n              <div class=\"relative justify-self-end top-4 -right-2\">\n          <button data-no-translation class=\"bg-white text-md font-medium text-center rounded-full h-7 w-7 border-2\" data-analytics-label=\"anchorCloseAnchor\" data-action=\"anchor#closeAnchor\" style=\"z-index: 999999;\">\n            X\n          <\/button>\n        <\/div>\n        <div class=\"w-full justify-self-start flex flex-col h-32 bg-white border-solid border-2 shadow-md rounded-md\">\n          <div class=\"mx-2 h-1\/2\">\n            <p class=\"px-5 text-center pt-3 text-xs\">\n              Conoce el beneficio de la Tarifa Social de Luz y recibe un descuento en tu factura de luz            <\/p>\n          <\/div>\n          <div class=\"mx-2 mt-1 bottom-0 h-1\/2\">\n            <a class=\"w-full m-auto\" href=\"https:\/\/tvemfoco.com\/es\/tarifa-social-de-energia-eletrica\/\"  data-analytics-label=\"anchorButton\" data-action=\"analytics#trackCTA\" >\n              <button class=\"flex m-auto border-0 py-2 px-6 focus:outline-none rounded text-center text-sm\">\n                Sigue leyendo              <\/button>\n            <\/a>\n            <p class=\"text-gray-500 text-center mt-1\" style=\"font-size: 0.50rem;\">\n              Seguir\u00e1s en el mismo lugar  \n            <\/p>\n          <\/div>\n        <\/div>\n          <\/div>\n  <\/div>\n\n  <link rel=\"prefetch\" href=\"https:\/\/tvemfoco.com\/tarifa-social-de-energia-eletrica\/\">\n  <link rel=\"prerender\" href=\"https:\/\/tvemfoco.com\/tarifa-social-de-energia-eletrica\/\">\n\n  <link rel=\"prefetch\" href=\"https:\/\/tvemfoco.com\/tarifa-social-de-energia-eletrica-como-cadastrar\/\">\n  <link rel=\"prerender\" href=\"https:\/\/tvemfoco.com\/tarifa-social-de-energia-eletrica-como-cadastrar\/\">\n\n  <div style=\"margin-top: 100px;\">\n      <\/div>\n\n<\/div>\n\n<\/div><!--landing--><div class=\"wp-block-lazyblock-accordion lazyblock-accordion-uxyWj\"><div data-controller=\"accordion\" class=\"mx-5 sm:mx-0 rounded mt-10 mb-20\">\n\t<div>\n                    <h2>\n                <button data-accordion-target=\"title\" data-accordion-index=\"0\" data-action=\"accordion#update\" type=\"button\" class=\"h-24 sm:h-16 flex justify-between items-center py-5 w-full font-medium text-left text-gray-900 rounded-t-xl border-b border-gray-200 dark:border-gray-700 dark:text-white\">\n                    <span class=\"w-4\/5\" data-accordion-index=\"0\">\n                        \u00bfCu\u00e1l es el valor de la tarifa social de electricidad?                    <\/span>\n                    <svg data-accordion-index=\"0\" data-accordion-target=\"icon\" class=\"w-6 h-6 rotate-180 shrink-0\" fill=\"currentColor\" viewbox=\"0 0 20 20\" xmlns=\"http:\/\/www.w3.org\/2000\/svg\"><path fill-rule=\"evenodd\" d=\"M5.293 7.293a1 1 0 011.414 0L10 10.586l3.293-3.293a1 1 0 111.414 1.414l-4 4a1 1 0 01-1.414 0l-4-4a1 1 0 010-1.414z\" clip-rule=\"evenodd\"><\/path><\/svg>\n                <\/button>\n            <\/h2>\n            <div data-accordion-target=\"description\" class=\"animate-fade-in-down\">\n                <div class=\"py-5 border-b border-gray-200 dark:border-gray-70 text-left\">\n                    <p class=\"mb-2 text-gray-500 dark:text-gray-400\">\n                        El valor de la Tarifa Social de Electricidad puede variar seg\u00fan el rango de consumo de cada cliente. Generalmente, el descuento puede alcanzar hasta 651 TP3T en la factura de electricidad. Consulta m\u00e1s informaci\u00f3n en el art\u00edculo completo.                    <\/p>\n                <\/div>\n            <\/div>\n                    <h2>\n                <button data-accordion-target=\"title\" data-accordion-index=\"1\" data-action=\"accordion#update\" type=\"button\" class=\"h-24 sm:h-16 flex justify-between items-center py-5 w-full font-medium text-left text-gray-900 rounded-t-xl border-b border-gray-200 dark:border-gray-700 dark:text-white\">\n                    <span class=\"w-4\/5\" data-accordion-index=\"1\">\n                        \u00bfC\u00f3mo darse de alta en la tarifa social de electricidad?                    <\/span>\n                    <svg data-accordion-index=\"1\" data-accordion-target=\"icon\" class=\"w-6 h-6 rotate-180 shrink-0\" fill=\"currentColor\" viewbox=\"0 0 20 20\" xmlns=\"http:\/\/www.w3.org\/2000\/svg\"><path fill-rule=\"evenodd\" d=\"M5.293 7.293a1 1 0 011.414 0L10 10.586l3.293-3.293a1 1 0 111.414 1.414l-4 4a1 1 0 01-1.414 0l-4-4a1 1 0 010-1.414z\" clip-rule=\"evenodd\"><\/path><\/svg>\n                <\/button>\n            <\/h2>\n            <div data-accordion-target=\"description\" class=\"animate-fade-in-down\">\n                <div class=\"py-5 border-b border-gray-200 dark:border-gray-70 text-left\">\n                    <p class=\"mb-2 text-gray-500 dark:text-gray-400\">\n                        Para inscribirse en la Tarifa Social de Electricidad, debe cumplir uno de los requisitos establecidos por el gobierno. Una vez cumplidos, recibir\u00e1 autom\u00e1ticamente el descuento. Consulte la gu\u00eda detallada paso a paso en el art\u00edculo.                    <\/p>\n                <\/div>\n            <\/div>\n                    <h2>\n                <button data-accordion-target=\"title\" data-accordion-index=\"2\" data-action=\"accordion#update\" type=\"button\" class=\"h-24 sm:h-16 flex justify-between items-center py-5 w-full font-medium text-left text-gray-900 rounded-t-xl border-b border-gray-200 dark:border-gray-700 dark:text-white\">\n                    <span class=\"w-4\/5\" data-accordion-index=\"2\">\n                        \u00bfQui\u00e9n tiene derecho a la tarifa energ\u00e9tica social?                    <\/span>\n                    <svg data-accordion-index=\"2\" data-accordion-target=\"icon\" class=\"w-6 h-6 rotate-180 shrink-0\" fill=\"currentColor\" viewbox=\"0 0 20 20\" xmlns=\"http:\/\/www.w3.org\/2000\/svg\"><path fill-rule=\"evenodd\" d=\"M5.293 7.293a1 1 0 011.414 0L10 10.586l3.293-3.293a1 1 0 111.414 1.414l-4 4a1 1 0 01-1.414 0l-4-4a1 1 0 010-1.414z\" clip-rule=\"evenodd\"><\/path><\/svg>\n                <\/button>\n            <\/h2>\n            <div data-accordion-target=\"description\" class=\"animate-fade-in-down\">\n                <div class=\"py-5 border-b border-gray-200 dark:border-gray-70 text-left\">\n                    <p class=\"mb-2 text-gray-500 dark:text-gray-400\">\n                        Para tener derecho al beneficio, debe estar inscrito en el Registro \u00danico, tener un ingreso per c\u00e1pita mensual de hasta la mitad del salario m\u00ednimo; ser mayor de 65 a\u00f1os o persona con discapacidad que recibe el BPC; y familias con personas con enfermedades o discapacidades que requieren el consumo de energ\u00eda el\u00e9ctrica en electrodom\u00e9sticos. Consulte los detalles en el art\u00edculo.                    <\/p>\n                <\/div>\n            <\/div>\n        \t<\/div>\n<\/div><\/div><!--advertisement--><div class=\"mx-5 sm:mx-0 sm:text-3xl text-2xl font-medium title-font mb-4 text-gray-900 text-left\">\n<h2 id=\"h-iluminando-vidas-o-poder-da-tarifa-social-de-energia-eletrica\">Iluminando vidas: El poder de las tarifas el\u00e9ctricas sociales<\/h2>\n<\/div><div class=\"mx-5 sm:mx-0 prose leading-relaxed text-lg mb-5 text-left wp-paragraph\">\n<p>Para muchos brasile\u00f1os en situaci\u00f3n de vulnerabilidad social y econ\u00f3mica, vivir sin electricidad es una dolorosa realidad. Sin embargo, hay una luz al final del t\u00fanel: la Tarifa Social de Electricidad (TSEE).<\/p>\n<\/div><div class=\"mx-5 sm:mx-0 prose leading-relaxed text-lg mb-5 text-left wp-paragraph\">\n<p>El gobierno brasile\u00f1o reconoce la importancia fundamental de la electricidad para el bienestar y la inclusi\u00f3n social, raz\u00f3n por la cual cre\u00f3 el TSEE. Este programa no solo ofrece descuentos en las facturas de electricidad, sino que tambi\u00e9n representa una promesa de esperanza y dignidad para millones de familias.<\/p>\n<\/div><div class=\"mx-5 sm:mx-0 prose leading-relaxed text-lg mb-5 text-left wp-paragraph\">\n<p>El TSEE est\u00e1 dirigido espec\u00edficamente a familias de bajos ingresos, personas mayores, personas con discapacidad y personas con enfermedades cr\u00f3nicas. Extender este apoyo a grupos vulnerables es un gesto de solidaridad y responsabilidad social, cuyo objetivo es garantizar que nadie se quede atr\u00e1s.<\/p>\n<\/div><div class=\"mx-5 sm:mx-0 prose leading-relaxed text-lg mb-5 text-left wp-paragraph\">\n<p>El descuento que ofrece TSEE puede alcanzar la impresionante cifra de 65%, dependiendo del rango de consumo el\u00e9ctrico. Esto supone m\u00e1s que un simple ahorro: marca la diferencia entre tener o no acceso a servicios esenciales como iluminaci\u00f3n, refrigeraci\u00f3n y comunicaciones.<\/p>\n<\/div><!--advertisement--><div class=\"mx-5 sm:mx-0 sm:text-3xl text-2xl font-medium title-font mb-4 text-gray-900 text-left\">\n<h2>Energ\u00eda para todos: Desbloquear los beneficios de la tarifa social<\/h2>\n<\/div><div class=\"mx-5 sm:mx-0 prose leading-relaxed text-lg mb-5 text-left wp-paragraph\">\n<p>La electricidad es un derecho fundamental de todos los ciudadanos. Sin embargo, para muchos brasile\u00f1os vulnerables, este derecho puede parecer un lujo inalcanzable. Aqu\u00ed es donde entra en juego la Tarifa Social de Electricidad (TSEE), una iniciativa gubernamental que est\u00e1 transformando vidas en todo el pa\u00eds.<\/p>\n<\/div><div class=\"mx-5 sm:mx-0 prose leading-relaxed text-lg mb-5 text-left wp-paragraph\">\n<p>Dirigido a familias de bajos ingresos, personas mayores, personas con discapacidad y personas con enfermedades cr\u00f3nicas, el TSEE es mucho m\u00e1s que un simple descuento en la factura de la luz. Es una muestra tangible del compromiso del Estado con la dignidad y el bienestar de todos sus ciudadanos.<\/p>\n<\/div><div class=\"mx-5 sm:mx-0 prose leading-relaxed text-lg mb-5 text-left wp-paragraph\">\n<p>Los descuentos que ofrece el TSEE var\u00edan seg\u00fan el consumo de electricidad. En otras palabras, no solo alivia la carga financiera de las familias m\u00e1s necesitadas, sino que tambi\u00e9n les permite destinar sus limitados recursos a otras necesidades b\u00e1sicas, como la alimentaci\u00f3n y la salud.<\/p>\n<\/div><div class=\"mx-5 sm:mx-0 prose leading-relaxed text-lg mb-5 text-left wp-paragraph\">\n<p>Recuerda siempre usar la electricidad de forma consciente y sostenible. Adem\u00e1s, inf\u00f3rmate sobre Cad\u00danico. Despu\u00e9s de todo, hay muchos otros programas sociales disponibles. Para ello, lee el contenido recomendado a continuaci\u00f3n.<\/p>\n<\/div><div class=\"wp-block-lazyblock-cta lazyblock-cta-8JIEJ\">\n  <section class=\"cta mx-5 sm:mx-0 text-gray-600 body-font my-10 border-gray-200 border-b border-l border-r sm:border-0\">\n    <div class=\"h-1 bg-gray-200 rounded overflow-hidden\">\n      <div class=\"w-24 h-full\"><\/div>\n    <\/div>\n    <div class=\"container px-5 pt-6 pb-6 mx-auto flex flex-wrap\" data-anchor-target=\"lazyBlock\">    \n    \n              <a class=\"flex flex-wrap content-center w-full mb-4 md:hidden\" href=\"https:\/\/tvemfoco.com\/es\/cadunico\/\"  data-analytics-label=\"ctaImage\" data-action=\"analytics#trackCTA\" aria-label=\"Cad\u00danico\">\n          <div class=\"m-auto float-none\">\n            <img decoding=\"async\" loading=\"lazy\" src=\"https:\/\/tvemfoco.com\/wp-content\/uploads\/2023\/03\/AdobeStock_158037191-2-scaled.jpeg\" alt=\"\">\n          <\/div>\n        <\/a>\n            <h2 class=\"w-full sm:text-3xl text-2xl text-gray-900 font-medium title-font mb-2 text-center md:text-left md:w-2\/5\">\n        <a href=\"https:\/\/tvemfoco.com\/es\/cadunico\/\" data-analytics-label=\"ctaTitle\" data-action=\"analytics#trackCTA\" aria-label=\"Cad\u00danico\">\n            Cad\u00danico        <\/a>\n      <\/h2>\n      <div class=\"w-full md:w-3\/5 md:pl-6\">\n        <p class=\"text-center md:text-left leading-relaxed text-base\">\n            Descubre c\u00f3mo registrarte y acceder a m\u00faltiples beneficios.        <\/p>\n        <div class=\"flex mt-6 w-full flex-1 justify-center ml-auto md:mt-4 md:justify-start\" style=\"font-weight: bold;\">\n          <a class=\"inline-flex items-center\" href=\"https:\/\/tvemfoco.com\/es\/cadunico\/\"  data-analytics-label=\"ctaButton\" data-action=\"analytics#trackCTA\" >\n            Sigue leyendo            <svg fill=\"none\" stroke=\"currentColor\" stroke-linecap=\"round\" stroke-linejoin=\"round\" stroke-width=\"2\" class=\"w-4 h-4 ml-2\" viewbox=\"0 0 24 24\">\n              <path d=\"M5 12h14M12 5l7 7-7 7\"><\/path>\n            <\/svg>\n          <\/a>\n        <\/div>\n      <\/div>  \n          \n    <\/div>\n      <script type=\"module\"> function waitFor(conditionFunction) { const poll = resolve => { if(conditionFunction()) resolve(); else setTimeout(_ => poll(resolve), 400); }; return new Promise(poll); } import { Application, Controller } from \"\/wp-content\/themes\/twentytwentyone\/assets\/js\/stimulus.min.js\"; let Stimulus = Application.start(); Stimulus.register(\"anchor\", class extends Controller { static get targets() { return [ \"lazyBlock\", \"lazyBlockAnchor\" ]; } initialize() { this.active = false; this.passed = false; this.closed = false; this.anchorViews = 0; this.boundOnShowAnchor = this.onShowAnchor.bind(this); window.anchorReady = window.anchorReady || false; waitFor(_ => (window.scrollY > this.getHeightBlock() && !this.active)) .then(_ => { !window.anchorReady? this.visible() : ''; window.anchorReady = true; }); if (document.getElementById('landing')) { setTimeout(() => { !window.anchorReady ? this.visible() : ''; window.anchorReady = true; }, 1 * 30000); }; } connect() { this.onShowAnchor(); document.addEventListener(\"scroll\", this.boundOnShowAnchor); } disconnect() { document.removeEventListener(\"scroll\", this.boundOnShowAnchor); } visible() { if (document.getElementById('av-offerwall__wrapper')) { setTimeout(() => this.visible(), 20000); return; } if (document.getElementById('av-fixed__bottomWrapper') && document.getElementById('av-fixed__bottomWrapper').style.display !== 'none' && document.getElementById('av-fixed__bottomWrapper').getBoundingClientRect().height > 100) { setTimeout(() => this.visible(), 1000); return; } if (document.getElementById('av-fixed__bottomWrapper') && document.getElementById('av-fixed__bottomWrapper').style.display !== 'none' && document.getElementById('av-fixed__bottomWrapper').getBoundingClientRect().height > 10) { this.getAnchorElement().style.marginBottom = '60px'; } if (document.querySelector('[data-anchor-shown=\"true\"]') && document.querySelector('[data-anchor-shown=\"true\"]').style.bottom === '0px') { setTimeout(() => this.visible(), 1000); return; } if (!window.km2AnchorReady) { this.active = true; \/*this.getAnchorElement().style.animation = \"none\"; this.getAnchorElement().classList.remove('animate-show-down');*\/ \/*this.getAnchorElement().classList.add('animate-show-up');*\/ \/*setTimeout(() => {*\/ \/*this.getAnchorElement().style.animation = \"\";*\/ this.getAnchorElement().classList.add('animate-show-up'); this.getAnchorElement().classList.remove('hidden'); this.setAnchorViews(this.anchorViews+1); setTimeout(() => this.closeAnchor(), 20000); waitFor(_ => (document.getElementById('av-fixed__bottomWrapper') && document.getElementById('av-fixed__bottomWrapper').style.display !== 'none' && document.getElementById('av-fixed__bottomWrapper').getBoundingClientRect().height > 10 && this.getAnchorElement().style.marginBottom !== '60px')) .then(_ => { this.closeAnchor(); }); this.active = false; \/*}, 10);*\/ } } invisible() { this.active = true; this.getAnchorElement().style.animation = \"none\"; this.getAnchorElement().classList.remove('animate-show-up'); this.getAnchorElement().classList.add('animate-show-down'); setTimeout(() => { this.getAnchorElement().style.animation = \"\"; setTimeout(() => { this.getAnchorElement().classList.add('hidden'); this.active = false; }, 800); }, 10); } onShowAnchor() { let anchorReady = false;  \/*if (!this.active && !anchorReady) { if (this.getAnchorViews() <= 3) { if (window.scrollY > this.getHeightBlock()) { if (!this.passed && !this.closed) { this.visible(); this.passed = true; } } else { if (this.passed) { this.invisible(); this.passed = false; } } } else { if (!this.getAnchorElement().classList.contains('close')) { this.getAnchorElement().classList.add('close'); if (window.scrollY < this.getHeightBlock()) { this.invisible(); } } } }*\/ } closeAnchor() { if (this.closed) return; this.invisible(); this.getAnchorElement().classList.add('close'); this.closed = true; } getAnchorElement() { return this.lazyBlockAnchorTargets[0]; } getAnchorViews() { this.anchorViews = parseInt(sessionStorage.getItem(\"anchorViews\")) >= 1 ? parseInt(sessionStorage.getItem(\"anchorViews\")) : 0; return this.anchorViews; } setAnchorViews(views) { sessionStorage.setItem(\"anchorViews\", views); } getHeightBlock() { return this.lazyBlockTarget.offsetTop + this.lazyBlockTarget.offsetHeight - 110; } }) <\/script>  <div data-anchor-target=\"lazyBlockAnchor\" class=\"fixed w-full sm:w-96 px-3 py-2 bottom-0 left-0 hidden\" style=\"z-index: 999999;\" name=\"lazyBlockAnchor\">\n    <div class=\"grid justify-items-stretch\">        \n              <div class=\"relative justify-self-end top-4 -right-2\">\n          <button data-no-translation class=\"bg-white text-md font-medium text-center rounded-full h-7 w-7 border-2\" data-analytics-label=\"anchorCloseAnchor\" data-action=\"anchor#closeAnchor\" style=\"z-index: 999999;\">\n            X\n          <\/button>\n        <\/div>\n        <div class=\"justify-self-auto flex flex-col h-32 bg-white border-solid border-2 shadow-md rounded-md\">\n          <div class=\"flex my-0 h-full\">\n            <div class=\"w-2\/5 p-1 ml-2 mt-2 w-full\">\n              <a href=\"https:\/\/tvemfoco.com\/es\/cadunico\/\"  data-analytics-label=\"anchorImage\" data-action=\"analytics#trackCTA\">          \n                <img decoding=\"async\" loading=\"lazy\" alt=\"card\" class=\"w-full object-cover h-24 object-center rounded justify-self-auto border-2 border-gray-100\" src=\"https:\/\/tvemfoco.com\/wp-content\/uploads\/2023\/03\/AdobeStock_158037191-2-scaled.jpeg\">          \n              <\/a>\n            <\/div>\n            <div class=\"w-3\/5 my-2\">\n              <p class=\"px-4 text-center text-xs h-1\/2\">\n                Cad\u00danico              <\/p>\n              <a href=\"https:\/\/tvemfoco.com\/es\/cadunico\/\"  data-analytics-label=\"anchorButton\" data-action=\"analytics#trackCTA\" >\n                <button class=\"flex w-5\/6 m-auto mt-2 border-0 py-1 px-3 focus:outline-none rounded\">                \n                  <p class=\"text-center w-full\" style=\"font-size: 0.67rem;\">\n                    Sigue leyendo                  <\/p>\n                <\/button>\n              <\/a>\n              <p class=\"text-gray-500 text-center mt-1\" style=\"font-size: 0.50rem;\">\n                Seguir\u00e1s en el mismo lugar              <\/p>\n            <\/div>\n          <\/div>\n        <\/div>\n          <\/div>\n  <\/div>\n  <\/section>\n\n<\/div><!--loader--><div class=\"wp-block-lazyblock-loader lazyblock-loader-ZfYTc2\"><script>\n    Math.min(window.screen.width, window.screen.height) < 768 ? document.getElementById(\"page\").classList.add(\"fixed\") : '';\n<\/script>\n<div id=\"loader\" class=\"flex h-screen fixed bg-white inset-0\" style=\"z-index: 99999;\" >\n    <div class=\"m-auto flex flex-col\">\n        <div class=\"flex\">\n            <svg style=\"color: \" class=\"m-auto animate-spin h-28 w-28\" xmlns=\"http:\/\/www.w3.org\/2000\/svg\" fill=\"none\" viewbox=\"0 0 24 24\">\n                <circle class=\"opacity-25\" cx=\"12\" cy=\"12\" r=\"10\" stroke=\"currentColor\" stroke-width=\"4\"><\/circle>\n                <path class=\"opacity-75\" fill=\"currentColor\" d=\"M4 12a8 8 0 018-8V0C5.373 0 0 5.373 0 12h4zm2 5.291A7.962 7.962 0 014 12H0c0 3.042 1.135 5.824 3 7.938l3-2.647z\"><\/path>\n            <\/svg>\n        <\/div>\n                    <div class=\"px-2 my-4 text-center animate-pulse text-xl\">\n                \u00bfBuscas el mejor beneficio social para ti...?            <\/div>\n                    <\/div>\n<\/div>\n<script>\n    function waitFor(conditionFunction) {\n        const poll = resolve => {\n            if(conditionFunction()) resolve();\n            else setTimeout(_ => poll(resolve), 400);\n        };\n        return new Promise(poll);\n    }\n\n    window.loaderHandler = setTimeout(() => {\n        waitFor(_ => ((document.querySelector('[data-google-query-id]') !== null) || (typeof avCustomConfig === 'object' && avCustomConfig.skipAds === true)))\n            .then(_ => {\n                if ((window.location.pathname.includes('\/iow')) && ((document.referrer ?? '').includes('tvemfoco.com'.replace('cb.', ''))) && (!document.cookie.includes('avOfferWallRewarded'))) return;\n\n                if (document.getElementById('loader')) {\n                    document.getElementById('loader').addEventListener('animationend', () => {\n                        document.getElementById(\"page\").classList.remove(\"fixed\");\n                        document.getElementById(\"loader\").remove();\n                    });\n                    document.getElementById('loader').classList.add('animate-fade-out-quickly');\n                }\n            });\n    }, 2500);\n\n    window.loaderHandler = setTimeout(() => {\n        waitFor(_ => ((typeof av === 'object' && av.requested === true) || (typeof av === 'object' && av.showLimitedAds() === true && window.googletag && googletag.pubadsReady)))\n            .then(_ => {\n                if ((window.location.pathname.includes('\/iow')) && ((document.referrer ?? '').includes('tvemfoco.com'.replace('cb.', ''))) && (!document.cookie.includes('avOfferWallRewarded'))) return;\n                \n                if (document.getElementById('loader')) {\n                    document.getElementById('loader').addEventListener('animationend', () => {\n                        document.getElementById(\"page\").classList.remove(\"fixed\");\n                        document.getElementById(\"loader\").remove();\n                    });\n                    document.getElementById('loader').classList.add('animate-fade-out-quickly');\n                }\n            });\n    }, 3500);\n\n    window.loaderHandler = setTimeout(() => {\n        waitFor(_ => (typeof av === 'object' && av.timeline?.includes('rewarded->visible')))\n            .then(_ => {                        \n                if (document.getElementById('loader')) {\n                    document.getElementById('loader').addEventListener('animationend', () => {\n                        document.getElementById(\"page\").classList.remove(\"fixed\");\n                        document.getElementById(\"loader\").remove();\n                    });\n                    document.getElementById('loader').classList.add('animate-fade-out-quickly');\n                }\n            });\n    }, 5000);\n\n    setTimeout(() => {\n        if (document.getElementById('loader')) {\n            document.getElementById('loader').addEventListener('animationend', () => {\n                document.getElementById(\"page\").classList.remove(\"fixed\");\n                document.getElementById(\"loader\").remove();\n            });\n            document.getElementById('loader').classList.add('animate-fade-out-quickly');\n        }\n    }, ((window.location.pathname.includes('\/iow')) && ((document.referrer ?? '').includes('tvemfoco.com'.replace('cb.', ''))) && (!document.cookie.includes('avOfferWallRewarded'))) ? 20000 : 10000);\n<\/script>\n<\/div><!--loader-->","protected":false},"excerpt":{"rendered":"<p>Iluminando Vidas: El Poder de la Tarifa Social de Electricidad. Para muchos brasile\u00f1os en situaci\u00f3n de vulnerabilidad social y econ\u00f3mica, vivir sin electricidad es una dolorosa realidad. Sin embargo, hay una luz al final del t\u00fanel: la Tarifa Social de Electricidad (TSEE). El gobierno brasile\u00f1o reconoce la importancia fundamental de la electricidad para\u2026 <a class=\"more-link\" href=\"https:\/\/tvemfoco.com\/es\/recomendador-tarifa-social-de-energia-eletrica\/\">sigue leyendo <span class=\"screen-reader-text\">Recomendador TV en Foco \u2013 Conozca la Tarifa Social de Electricidad<\/span><\/a><\/p>","protected":false},"author":13,"featured_media":0,"comment_status":"open","ping_status":"open","sticky":false,"template":"","format":"standard","meta":[],"categories":[856,2],"tags":[],"yoast_head":"<!-- This site is optimized with the Yoast SEO Premium plugin v18.7 (Yoast SEO v19.1) - https:\/\/yoast.com\/wordpress\/plugins\/seo\/ -->\n<title>Recomendador TV em Foco - Conhe\u00e7a a Tarifa Social de Energia El\u00e9trica - TV em Foco<\/title>\n<meta name=\"description\" content=\"Economize na conta de luz! Descubra como se cadastrar na Tarifa Social de Energia El\u00e9trica e ter descontos na fatura. Confira agora!\" \/>\n<meta name=\"robots\" content=\"index, follow, max-snippet:-1, max-image-preview:large, max-video-preview:-1\" \/>\n<link rel=\"canonical\" href=\"https:\/\/tvemfoco.com\/es\/recomendador-tarifa-social-de-energia-eletrica\/\" \/>\n<meta property=\"og:locale\" content=\"es_MX\" \/>\n<meta property=\"og:type\" content=\"article\" \/>\n<meta property=\"og:title\" content=\"Recomendador TV em Foco - Conhe\u00e7a a Tarifa Social de Energia El\u00e9trica\" \/>\n<meta property=\"og:description\" content=\"Economize na conta de luz! Descubra como se cadastrar na Tarifa Social de Energia El\u00e9trica e ter descontos na fatura. Confira agora!\" \/>\n<meta property=\"og:url\" content=\"https:\/\/tvemfoco.com\/es\/recomendador-tarifa-social-de-energia-eletrica\/\" \/>\n<meta property=\"og:site_name\" content=\"TV em Foco\" \/>\n<meta property=\"article:published_time\" content=\"2023-03-07T12:00:00+00:00\" \/>\n<meta property=\"article:modified_time\" content=\"2024-05-19T21:09:23+00:00\" \/>\n<meta name=\"twitter:card\" content=\"summary_large_image\" \/>\n<meta name=\"twitter:label1\" content=\"Written by\" \/>\n\t<meta name=\"twitter:data1\" content=\"Rafaela Gregorio\" \/>\n\t<meta name=\"twitter:label2\" content=\"Est. reading time\" \/>\n\t<meta name=\"twitter:data2\" content=\"2 minutos\" \/>\n<script type=\"application\/ld+json\" class=\"yoast-schema-graph\">{\"@context\":\"https:\/\/schema.org\",\"@graph\":[{\"@type\":\"WebSite\",\"@id\":\"https:\/\/tvemfoco.com\/#website\",\"url\":\"https:\/\/tvemfoco.com\/\",\"name\":\"TV em Foco\",\"description\":\"A TV em Foco \u00e9 um site online que oferece not\u00edcias atualizadas sobre diversos assuntos\",\"potentialAction\":[{\"@type\":\"SearchAction\",\"target\":{\"@type\":\"EntryPoint\",\"urlTemplate\":\"https:\/\/tvemfoco.com\/?s={search_term_string}\"},\"query-input\":\"required name=search_term_string\"}],\"inLanguage\":\"es-MX\"},{\"@type\":\"WebPage\",\"@id\":\"https:\/\/tvemfoco.com\/recomendador-tarifa-social-de-energia-eletrica\/#webpage\",\"url\":\"https:\/\/tvemfoco.com\/recomendador-tarifa-social-de-energia-eletrica\/\",\"name\":\"Recomendador TV em Foco - Conhe\u00e7a a Tarifa Social de Energia El\u00e9trica - TV em Foco\",\"isPartOf\":{\"@id\":\"https:\/\/tvemfoco.com\/#website\"},\"datePublished\":\"2023-03-07T12:00:00+00:00\",\"dateModified\":\"2024-05-19T21:09:23+00:00\",\"author\":{\"@id\":\"https:\/\/tvemfoco.com\/#\/schema\/person\/42a9a1613dd1eed66208d3e549212aa2\"},\"description\":\"Economize na conta de luz! Descubra como se cadastrar na Tarifa Social de Energia El\u00e9trica e ter descontos na fatura. Confira agora!\",\"breadcrumb\":{\"@id\":\"https:\/\/tvemfoco.com\/recomendador-tarifa-social-de-energia-eletrica\/#breadcrumb\"},\"inLanguage\":\"es-MX\",\"potentialAction\":[{\"@type\":\"ReadAction\",\"target\":[\"https:\/\/tvemfoco.com\/recomendador-tarifa-social-de-energia-eletrica\/\"]}]},{\"@type\":\"BreadcrumbList\",\"@id\":\"https:\/\/tvemfoco.com\/recomendador-tarifa-social-de-energia-eletrica\/#breadcrumb\",\"itemListElement\":[{\"@type\":\"ListItem\",\"position\":1,\"name\":\"Home\",\"item\":\"https:\/\/tvemfoco.com\/\"},{\"@type\":\"ListItem\",\"position\":2,\"name\":\"Recomendador TV em Foco &#8211; Conhe\u00e7a a Tarifa Social de Energia El\u00e9trica\"}]},{\"@type\":\"Person\",\"@id\":\"https:\/\/tvemfoco.com\/#\/schema\/person\/42a9a1613dd1eed66208d3e549212aa2\",\"name\":\"Rafaela Gregorio\",\"image\":{\"@type\":\"ImageObject\",\"inLanguage\":\"es-MX\",\"@id\":\"https:\/\/tvemfoco.com\/#\/schema\/person\/image\/\",\"url\":\"https:\/\/secure.gravatar.com\/avatar\/896114155b61e0c2f10a07a5dea38c84?s=96&d=mm&r=g\",\"contentUrl\":\"https:\/\/secure.gravatar.com\/avatar\/896114155b61e0c2f10a07a5dea38c84?s=96&d=mm&r=g\",\"caption\":\"Rafaela Gregorio\"},\"description\":\"Formada em Publicidade e Propaganda, especialista e amante do Digital. Sempre em busca de desenvolver novas habilidades.\",\"url\":\"https:\/\/tvemfoco.com\/es\/author\/rafaela-gregorio\/\"}]}<\/script>\n<!-- \/ Yoast SEO Premium plugin. -->","yoast_head_json":{"title":"Recomendador TV em Foco - Conhe\u00e7a a Tarifa Social de Energia El\u00e9trica - TV em Foco","description":"Economize na conta de luz! Descubra como se cadastrar na Tarifa Social de Energia El\u00e9trica e ter descontos na fatura. Confira agora!","robots":{"index":"index","follow":"follow","max-snippet":"max-snippet:-1","max-image-preview":"max-image-preview:large","max-video-preview":"max-video-preview:-1"},"canonical":"https:\/\/tvemfoco.com\/es\/recomendador-tarifa-social-de-energia-eletrica\/","og_locale":"es_MX","og_type":"article","og_title":"Recomendador TV em Foco - Conhe\u00e7a a Tarifa Social de Energia El\u00e9trica","og_description":"Economize na conta de luz! Descubra como se cadastrar na Tarifa Social de Energia El\u00e9trica e ter descontos na fatura. Confira agora!","og_url":"https:\/\/tvemfoco.com\/es\/recomendador-tarifa-social-de-energia-eletrica\/","og_site_name":"TV em Foco","article_published_time":"2023-03-07T12:00:00+00:00","article_modified_time":"2024-05-19T21:09:23+00:00","twitter_card":"summary_large_image","twitter_misc":{"Written by":"Rafaela Gregorio","Est. reading time":"2 minutos"},"schema":{"@context":"https:\/\/schema.org","@graph":[{"@type":"WebSite","@id":"https:\/\/tvemfoco.com\/#website","url":"https:\/\/tvemfoco.com\/","name":"TV em Foco","description":"A TV em Foco \u00e9 um site online que oferece not\u00edcias atualizadas sobre diversos assuntos","potentialAction":[{"@type":"SearchAction","target":{"@type":"EntryPoint","urlTemplate":"https:\/\/tvemfoco.com\/?s={search_term_string}"},"query-input":"required name=search_term_string"}],"inLanguage":"es-MX"},{"@type":"WebPage","@id":"https:\/\/tvemfoco.com\/recomendador-tarifa-social-de-energia-eletrica\/#webpage","url":"https:\/\/tvemfoco.com\/recomendador-tarifa-social-de-energia-eletrica\/","name":"Recomendador TV em Foco - Conhe\u00e7a a Tarifa Social de Energia El\u00e9trica - TV em Foco","isPartOf":{"@id":"https:\/\/tvemfoco.com\/#website"},"datePublished":"2023-03-07T12:00:00+00:00","dateModified":"2024-05-19T21:09:23+00:00","author":{"@id":"https:\/\/tvemfoco.com\/#\/schema\/person\/42a9a1613dd1eed66208d3e549212aa2"},"description":"Economize na conta de luz! Descubra como se cadastrar na Tarifa Social de Energia El\u00e9trica e ter descontos na fatura. Confira agora!","breadcrumb":{"@id":"https:\/\/tvemfoco.com\/recomendador-tarifa-social-de-energia-eletrica\/#breadcrumb"},"inLanguage":"es-MX","potentialAction":[{"@type":"ReadAction","target":["https:\/\/tvemfoco.com\/recomendador-tarifa-social-de-energia-eletrica\/"]}]},{"@type":"BreadcrumbList","@id":"https:\/\/tvemfoco.com\/recomendador-tarifa-social-de-energia-eletrica\/#breadcrumb","itemListElement":[{"@type":"ListItem","position":1,"name":"Home","item":"https:\/\/tvemfoco.com\/"},{"@type":"ListItem","position":2,"name":"Recomendador TV em Foco &#8211; Conhe\u00e7a a Tarifa Social de Energia El\u00e9trica"}]},{"@type":"Person","@id":"https:\/\/tvemfoco.com\/#\/schema\/person\/42a9a1613dd1eed66208d3e549212aa2","name":"Rafaela Gregorio","image":{"@type":"ImageObject","inLanguage":"es-MX","@id":"https:\/\/tvemfoco.com\/#\/schema\/person\/image\/","url":"https:\/\/secure.gravatar.com\/avatar\/896114155b61e0c2f10a07a5dea38c84?s=96&d=mm&r=g","contentUrl":"https:\/\/secure.gravatar.com\/avatar\/896114155b61e0c2f10a07a5dea38c84?s=96&d=mm&r=g","caption":"Rafaela Gregorio"},"description":"Formada em Publicidade e Propaganda, especialista e amante do Digital. Sempre em busca de desenvolver novas habilidades.","url":"https:\/\/tvemfoco.com\/es\/author\/rafaela-gregorio\/"}]}},"_links":{"self":[{"href":"https:\/\/tvemfoco.com\/es\/wp-json\/wp\/v2\/posts\/5703"}],"collection":[{"href":"https:\/\/tvemfoco.com\/es\/wp-json\/wp\/v2\/posts"}],"about":[{"href":"https:\/\/tvemfoco.com\/es\/wp-json\/wp\/v2\/types\/post"}],"author":[{"embeddable":true,"href":"https:\/\/tvemfoco.com\/es\/wp-json\/wp\/v2\/users\/13"}],"replies":[{"embeddable":true,"href":"https:\/\/tvemfoco.com\/es\/wp-json\/wp\/v2\/comments?post=5703"}],"version-history":[{"count":0,"href":"https:\/\/tvemfoco.com\/es\/wp-json\/wp\/v2\/posts\/5703\/revisions"}],"wp:attachment":[{"href":"https:\/\/tvemfoco.com\/es\/wp-json\/wp\/v2\/media?parent=5703"}],"wp:term":[{"taxonomy":"category","embeddable":true,"href":"https:\/\/tvemfoco.com\/es\/wp-json\/wp\/v2\/categories?post=5703"},{"taxonomy":"post_tag","embeddable":true,"href":"https:\/\/tvemfoco.com\/es\/wp-json\/wp\/v2\/tags?post=5703"}],"curies":[{"name":"wp","href":"https:\/\/api.w.org\/{rel}","templated":true}]}}