{"id":11145,"date":"2023-07-21T19:51:41","date_gmt":"2023-07-21T19:51:41","guid":{"rendered":"https:\/\/tvemfoco.com\/?p=11145"},"modified":"2024-05-20T17:03:16","modified_gmt":"2024-05-20T17:03:16","slug":"recomendador-queda-de-cabelo","status":"publish","type":"post","link":"https:\/\/tvemfoco.com\/es\/recomendador-queda-de-cabelo\/","title":{"rendered":"Recomendador TEF \u2013 P\u00e9rdida del cabello"},"content":{"rendered":"<!--awpixel--><!--awpixel--><!--fbpixel--><!--fbpixel--><div class=\"mx-5 sm:mx-0 prose text-left mb-5\">\n<h4 style=\"text-align:center; font-size: 24px;\"> \u00a1Mantener tu cabello libre de canas se ha vuelto m\u00e1s f\u00e1cil que nunca!<\/h4>\n<\/div><div class=\"mx-5 sm:mx-0 prose text-left mb-5\">\n<p style=\"text-align:center; font-size: 16px;\"> \u00bfLo que quieras? <\/p>\n<\/div><div class=\"wp-block-lazyblock-options lazyblock-options-1hIlCB\"><section class=\"hidden sm:block mx-5 sm:mx-0 my-10\">\n                                <a style=\"\" href=\"https:\/\/tvemfoco.com\/es\/cabelos-apos-40-anos\/\" class=\"\" data-analytics-label=\"optionsButton\" data-action=\"analytics#trackCTA\">\n                <div data-options-target=\"option\" class=\"rounded-xl border p-5 shadow-md w-full bg-white my-5\">\n                    <div class=\"flex w-full items-center justify-between\">\n                        <div class=\"flex items-center space-x-3\">\n                            <div class=\"text-lg font-bold text-slate-700\">\n                                Eliminar a los blancos \u279d\n                            <\/div>\n                        <\/div>\n                    <\/div>\n                <\/div>\n            <\/a>\n                                        <a style=\"\" href=\"https:\/\/tvemfoco.com\/es\/queda-de-cabelo\/\" class=\"\" data-analytics-label=\"optionsButton\" data-action=\"analytics#trackCTA\">\n                <div data-options-target=\"option\" class=\"rounded-xl border p-5 shadow-md w-full bg-white my-5\">\n                    <div class=\"flex w-full items-center justify-between\">\n                        <div class=\"flex items-center space-x-3\">\n                            <div class=\"text-lg font-bold text-slate-700\">\n                                Fin del oto\u00f1o \u279d\n                            <\/div>\n                        <\/div>\n                    <\/div>\n                <\/div>\n            <\/a>\n                <p class=\"text-xs text-gray-500 text-right hidden\" style=\"margin-left: 50%; margin-bottom: 50px; margin-top: 5px;\">\n        Ser\u00e1s redirigido a otra ubicaci\u00f3n.    <\/p>\n<\/section>\n<section data-options-target=\"wrapper\" class=\"sm:hidden mx-5 sm:mx-0 my-10\" style=\"\">\n                                <a data-options-target=\"option\" href=\"https:\/\/tvemfoco.com\/es\/cabelos-apos-40-anos\/\" data-analytics-label=\"optionsButton\" data-action=\"analytics#trackCTA\" class=\"w-full mt-1 text-white  font-medium rounded-lg py-2 my-2 text-center inline-flex items-center text-xs\" style=\"height: 70px; font-size: 16px; line-height: 1.5; \" >\n                <span class=\"pl-3 text-left\">\n                    eliminar a los blancos                <\/span>\n                <span class=\"border-4 rounded-full text-white mr-3 inline-flex items-center lg:ml-auto md:ml-0 ml-auto leading-none text-sm py-1\">\n                    <svg style=\"width: 25px;\" class=\"w-4 h-4\" viewbox=\"0 0 24 24\" stroke=\"currentColor\" stroke-width=\"2\" fill=\"none\" stroke-linecap=\"round\" stroke-linejoin=\"round\">\n                    <path d=\"M5 12h14\"><\/path>\n                    <path d=\"M12 5l7 7-7 7\"><\/path>\n                    <\/svg>\n                <\/span>\n            <\/a>\n                                        <a data-options-target=\"option\" href=\"https:\/\/tvemfoco.com\/es\/queda-de-cabelo\/\" data-analytics-label=\"optionsButton\" data-action=\"analytics#trackCTA\" class=\"w-full mt-1 text-white  font-medium rounded-lg py-2 my-2 text-center inline-flex items-center text-xs\" style=\"height: 70px; font-size: 16px; line-height: 1.5; \" >\n                <span class=\"pl-3 text-left\">\n                    Fin del oto\u00f1o                <\/span>\n                <span class=\"border-4 rounded-full text-white mr-3 inline-flex items-center lg:ml-auto md:ml-0 ml-auto leading-none text-sm py-1\">\n                    <svg style=\"width: 25px;\" class=\"w-4 h-4\" viewbox=\"0 0 24 24\" stroke=\"currentColor\" stroke-width=\"2\" fill=\"none\" stroke-linecap=\"round\" stroke-linejoin=\"round\">\n                    <path d=\"M5 12h14\"><\/path>\n                    <path d=\"M12 5l7 7-7 7\"><\/path>\n                    <\/svg>\n                <\/span>\n            <\/a>\n                <p class=\"text-xs text-gray-500 text-center hidden\" style=\"margin-bottom: 50px; margin-top: 5px;\">\n        Ser\u00e1s redirigido a otra ubicaci\u00f3n.    <\/p>\n<\/section>\n<\/div><div class=\"mx-5 sm:mx-0 prose text-left mb-5\">\n<h4 style=\"text-align:center; font-size: 24px;\">Los mejores tratamientos disponibles en el mercado <\/h4>\n<\/div><!--landing--><div class=\"wp-block-lazyblock-landing-page-variant lazyblock-landing-page-variant-ZfW4e3\"><div id=\"landing\" style=\"\" class=\"mb-40\">\n  <section class=\"text-gray-600 body-font border-gray-200 sm:border-0\">\n    <div style=\"max-width: 850px;\" class=\"sm:pt-6 mx-auto block\">\n      <div class=\"text-center py-3 px-5\">\n        <p data-av-subtitle class=\"leading-relaxed sm:w-3\/4 mx-auto mb-0\">\n           \u00bfSufres de ca\u00edda del cabello y buscas un tratamiento eficaz? \u00a1Has llegado al lugar indicado!        <\/p>\n      <\/div>\n\n              <section id=\"half\" class=\"text-gray-600 body-font border-gray-200 sm:border-0\">\n          <h4 class=\"pt-3 text-center text-gray-900 text-2xl title-font font-medium px-5 mb-12\">\n            Aqu\u00ed encontrar\u00e1s consejos y tratamientos para frenar la ca\u00edda del cabello.          <\/h4>\n                    <p class=\"sm:hidden pb-2 text-center sm:text-left leading-relaxed px-5\">\n              La ca\u00edda del cabello es un problema com\u00fan que puede deberse a factores como la gen\u00e9tica, los desequilibrios hormonales, el estr\u00e9s y las enfermedades del cuero cabelludo. El tratamiento var\u00eda seg\u00fan la causa. Sin embargo, puedes tomar medidas preventivas, como una dieta saludable y evitar los productos qu\u00edmicos agresivos. Tambi\u00e9n puedes probar una vitamina que promete acabar con la ca\u00edda del cabello de una vez por todas. Haz clic en &quot;M\u00e1s informaci\u00f3n sobre Luminus Hair Caps&quot; para obtener m\u00e1s informaci\u00f3n.          <\/p>\n          \n          <div class=\"sm:hidden sm:px-0 py-6 mx-auto px-5\">\n            <div class=\"w-full mx-auto flex flex-wrap\">\n                              <a class=\"mx-auto block\" href=\"https:\/\/tvemfoco.com\/es\/queda-de-cabelo\/\" data-analytics-label=\"landingPageImage\" data-action=\"analytics#trackCTA\">\n                  <img decoding=\"async\" loading=\"lazy\" alt=\"card\" style=\"height: 190px;\" class=\"w-full h-64 object-cover object-center rounded border-gray-100 border-2\" src=\"https:\/\/minutovip.com\/wp-content\/uploads\/2023\/07\/Queda-de-cabelo-3-1-scaled.jpeg\">\n                <\/a>\n                                          <div class=\"lg:w-3\/5 w-full lg:pl-6 mt-6 lg:mt-0\">\n                                  <div class=\"flex\">\n                    <a class=\"flex text-white no-underline mt-10 m-auto sm:mr-0 sm:ml-auto\" href=\"https:\/\/tvemfoco.com\/es\/queda-de-cabelo\/\"  data-analytics-label=\"landingPageFirstButton\" data-action=\"analytics#trackCTA\">\n                      <button id=\"landing-first\" class=\"text-white flex m-auto sm:mr-0 sm:ml-auto border-0 py-2 px-8 text-lg focus:outline-none rounded\">\n                        DET\u00c9N LA P\u00c9RDIDA DE CABELLO                      <\/button>\n                    <\/a>\n                  <\/div>\n                                      <p class=\"text-xs text-gray-500 mt-3 text-center sm:text-right\">\n                      Seguir\u00e1s en el mismo lugar                    <\/p>\n                                                                <\/div>\n            <\/div>\n          <\/div>\n          <div class=\"mt-10 h-1 bg-gray-200 rounded overflow-hidden sm:hidden mx-5\">\n            <div class=\"w-24 h-full\"><\/div>\n          <\/div>\n          <div class=\"hidden sm:block sm:px-0 py-6 mx-auto px-5\">\n            <div class=\"w-full py-3 mx-auto flex flex-wrap\">\n                              <img decoding=\"async\" loading=\"lazy\" alt=\"card\" style=\"height: 190px;\" class=\"lg:w-2\/5 w-full h-64 object-cover object-center rounded border-gray-100 border-2\" src=\"https:\/\/minutovip.com\/wp-content\/uploads\/2023\/07\/Queda-de-cabelo-3-1-scaled.jpeg\">\n                            \n              <div class=\"lg:w-3\/5 w-full lg:pl-6 mt-6 lg:mt-0\">\n                \n                \n                <p class=\"py-2 text-center sm:text-left leading-relaxed\">\n                  La ca\u00edda del cabello es un problema com\u00fan que puede deberse a factores como la gen\u00e9tica, los desequilibrios hormonales, el estr\u00e9s y las enfermedades del cuero cabelludo. El tratamiento var\u00eda seg\u00fan la causa. Sin embargo, puedes tomar medidas preventivas, como una dieta saludable y evitar los productos qu\u00edmicos agresivos. Tambi\u00e9n puedes probar una vitamina que promete acabar con la ca\u00edda del cabello de una vez por todas. Haz clic en &quot;M\u00e1s informaci\u00f3n sobre Luminus Hair Caps&quot; para obtener m\u00e1s informaci\u00f3n.                <\/p>\n                <div class=\"flex mt-6 items-center pb-5 border-b-2 border-gray-100 mb-5\">\n                <\/div>\n                                  <div class=\"flex\">\n                    <a class=\"flex text-white no-underline mt-10 m-auto sm:mr-0 sm:ml-auto\" href=\"https:\/\/tvemfoco.com\/es\/queda-de-cabelo\/\"  data-analytics-label=\"landingPageFirstButton\" data-action=\"analytics#trackCTA\">\n                      <button id=\"landing-first\" class=\"text-white flex m-auto sm:mr-0 sm:ml-auto border-0 py-2 px-8 text-lg focus:outline-none rounded\">\n                        DET\u00c9N LA P\u00c9RDIDA DE CABELLO                      <\/button>\n                    <\/a>\n                  <\/div>\n                                      <p class=\"text-xs text-gray-500 mt-3 text-center sm:text-right\">\n                      Seguir\u00e1s en el mismo lugar                    <\/p>\n                                                                <\/div>\n            <\/div>\n          <\/div>\n        <\/section>\n      \n      <p class=\"text-center leading-relaxed sm:w-3\/4 mx-auto my-10 px-5\">\n        \u00bfA\u00fan no est\u00e1s seguro de si el tratamiento es beneficioso? Descubre sus beneficios.      <\/p>\n            <div class=\"flex flex-wrap sm:w-full sm:mx-auto sm:mb-2 px-5\">\n        <div class=\"p-2 sm:w-1\/2 w-full\">\n          <div class=\"bg-gray-100 rounded flex p-4 h-full items-center\">\n            <svg fill=\"none\" stroke=\"currentColor\" stroke-linecap=\"round\" stroke-linejoin=\"round\" stroke-width=\"3\" class=\"w-6 h-6 flex-shrink-0 mr-4\" viewbox=\"0 0 24 24\">\n              <path d=\"M22 11.08V12a10 10 0 11-5.93-9.14\"><\/path>\n              <path d=\"M22 4L12 14.01l-3-3\"><\/path>\n            <\/svg>\n            <span class=\"title-font font-medium text-left\">\n              Cabello, u\u00f1as y piel m\u00e1s saludables            <\/span>\n          <\/div>\n        <\/div>\n        <div class=\"p-2 sm:w-1\/2 w-full\">\n          <div class=\"bg-gray-100 rounded flex p-4 h-full items-center\">\n            <svg fill=\"none\" stroke=\"currentColor\" stroke-linecap=\"round\" stroke-linejoin=\"round\" stroke-width=\"3\" class=\"w-6 h-6 flex-shrink-0 mr-4\" viewbox=\"0 0 24 24\">\n              <path d=\"M22 11.08V12a10 10 0 11-5.93-9.14\"><\/path>\n              <path d=\"M22 4L12 14.01l-3-3\"><\/path>\n            <\/svg>\n            <span class=\"title-font font-medium text-left\">\n              Estimulaci\u00f3n del crecimiento del cabello            <\/span>\n          <\/div>\n        <\/div>\n        <div class=\"p-2 sm:w-1\/2 w-full\">\n          <div class=\"bg-gray-100 rounded flex p-4 h-full items-center\">\n            <svg fill=\"none\" stroke=\"currentColor\" stroke-linecap=\"round\" stroke-linejoin=\"round\" stroke-width=\"3\" class=\"w-6 h-6 flex-shrink-0 mr-4\" viewbox=\"0 0 24 24\">\n              <path d=\"M22 11.08V12a10 10 0 11-5.93-9.14\"><\/path>\n              <path d=\"M22 4L12 14.01l-3-3\"><\/path>\n            <\/svg>\n            <span class=\"title-font font-medium text-left\">\n              Mayor confianza en s\u00ed mismo            <\/span>\n          <\/div>\n        <\/div>\n        <div class=\"p-2 sm:w-1\/2 w-full\">\n          <div class=\"bg-gray-100 rounded flex p-4 h-full items-center\">\n            <svg fill=\"none\" stroke=\"currentColor\" stroke-linecap=\"round\" stroke-linejoin=\"round\" stroke-width=\"3\" class=\"w-6 h-6 flex-shrink-0 mr-4\" viewbox=\"0 0 24 24\">\n              <path d=\"M22 11.08V12a10 10 0 11-5.93-9.14\"><\/path>\n              <path d=\"M22 4L12 14.01l-3-3\"><\/path>\n            <\/svg>\n            <span class=\"title-font font-medium text-left\">\n              Prevenci\u00f3n de la ca\u00edda del cabello            <\/span>\n          <\/div>\n        <\/div>\n      <\/div>\n      \n              <div class=\"mx-5\" data-anchor-target=\"lazyBlock\">\n          <a class=\"text-white no-underline\"  href=\"https:\/\/tvemfoco.com\/es\/queda-de-cabelo\/\" data-analytics-label=\"landingPageSecondButton\" data-action=\"analytics#trackCTA\">\n            <button id=\"landing-second\" class=\"flex mx-auto mt-16 border-0 py-2 px-8 focus:outline-none rounded text-lg\">\n              DET\u00c9N LA P\u00c9RDIDA DE CABELLO            <\/button>\n          <\/a>\n        <\/div>\n                          <p class=\"text-xs text-gray-500 mt-3 text-center\">\n            Seguir\u00e1s en el mismo lugar          <\/p>\n                        <\/div>\n  <\/section>\n\n    <script type=\"module\"> function waitFor(conditionFunction) { const poll = resolve => { if(conditionFunction()) resolve(); else setTimeout(_ => poll(resolve), 400); }; return new Promise(poll); } import { Application, Controller } from \"\/wp-content\/themes\/twentytwentyone\/assets\/js\/stimulus.min.js\"; let Stimulus = Application.start(); Stimulus.register(\"anchor\", class extends Controller { static get targets() { return [ \"lazyBlock\", \"lazyBlockAnchor\" ]; } initialize() { this.active = false; this.passed = false; this.closed = false; this.anchorViews = 0; this.boundOnShowAnchor = this.onShowAnchor.bind(this); window.anchorReady = window.anchorReady || false; waitFor(_ => (window.scrollY > this.getHeightBlock() && !this.active)) .then(_ => { !window.anchorReady? this.visible() : ''; window.anchorReady = true; }); if (document.getElementById('landing')) { setTimeout(() => { !window.anchorReady ? this.visible() : ''; window.anchorReady = true; }, 1 * 30000); }; } connect() { this.onShowAnchor(); document.addEventListener(\"scroll\", this.boundOnShowAnchor); } disconnect() { document.removeEventListener(\"scroll\", this.boundOnShowAnchor); } visible() { if (document.getElementById('av-offerwall__wrapper')) { setTimeout(() => this.visible(), 20000); return; } if (document.getElementById('av-fixed__bottomWrapper') && document.getElementById('av-fixed__bottomWrapper').style.display !== 'none' && document.getElementById('av-fixed__bottomWrapper').getBoundingClientRect().height > 100) { setTimeout(() => this.visible(), 1000); return; } if (document.getElementById('av-fixed__bottomWrapper') && document.getElementById('av-fixed__bottomWrapper').style.display !== 'none' && document.getElementById('av-fixed__bottomWrapper').getBoundingClientRect().height > 10) { this.getAnchorElement().style.marginBottom = '60px'; } if (document.querySelector('[data-anchor-shown=\"true\"]') && document.querySelector('[data-anchor-shown=\"true\"]').style.bottom === '0px') { setTimeout(() => this.visible(), 1000); return; } if (!window.km2AnchorReady) { this.active = true; \/*this.getAnchorElement().style.animation = \"none\"; this.getAnchorElement().classList.remove('animate-show-down');*\/ \/*this.getAnchorElement().classList.add('animate-show-up');*\/ \/*setTimeout(() => {*\/ \/*this.getAnchorElement().style.animation = \"\";*\/ this.getAnchorElement().classList.add('animate-show-up'); this.getAnchorElement().classList.remove('hidden'); this.setAnchorViews(this.anchorViews+1); setTimeout(() => this.closeAnchor(), 20000); waitFor(_ => (document.getElementById('av-fixed__bottomWrapper') && document.getElementById('av-fixed__bottomWrapper').style.display !== 'none' && document.getElementById('av-fixed__bottomWrapper').getBoundingClientRect().height > 10 && this.getAnchorElement().style.marginBottom !== '60px')) .then(_ => { this.closeAnchor(); }); this.active = false; \/*}, 10);*\/ } } invisible() { this.active = true; this.getAnchorElement().style.animation = \"none\"; this.getAnchorElement().classList.remove('animate-show-up'); this.getAnchorElement().classList.add('animate-show-down'); setTimeout(() => { this.getAnchorElement().style.animation = \"\"; setTimeout(() => { this.getAnchorElement().classList.add('hidden'); this.active = false; }, 800); }, 10); } onShowAnchor() { let anchorReady = false;  \/*if (!this.active && !anchorReady) { if (this.getAnchorViews() <= 3) { if (window.scrollY > this.getHeightBlock()) { if (!this.passed && !this.closed) { this.visible(); this.passed = true; } } else { if (this.passed) { this.invisible(); this.passed = false; } } } else { if (!this.getAnchorElement().classList.contains('close')) { this.getAnchorElement().classList.add('close'); if (window.scrollY < this.getHeightBlock()) { this.invisible(); } } } }*\/ } closeAnchor() { if (this.closed) return; this.invisible(); this.getAnchorElement().classList.add('close'); this.closed = true; } getAnchorElement() { return this.lazyBlockAnchorTargets[0]; } getAnchorViews() { this.anchorViews = parseInt(sessionStorage.getItem(\"anchorViews\")) >= 1 ? parseInt(sessionStorage.getItem(\"anchorViews\")) : 0; return this.anchorViews; } setAnchorViews(views) { sessionStorage.setItem(\"anchorViews\", views); } getHeightBlock() { return this.lazyBlockTarget.offsetTop + this.lazyBlockTarget.offsetHeight - 110; } }) <\/script>  <div data-anchor-target=\"lazyBlockAnchor\" class=\"fixed w-full sm:w-96 px-3 py-2 bottom-0 left-0 hidden\" style=\"z-index: 999999;\" name=\"lazyBlockAnchor\">\n    <div class=\"grid justify-items-stretch\">        \n              <div class=\"relative justify-self-end top-4 -right-2\">\n          <button data-no-translation class=\"bg-white text-md font-medium text-center rounded-full h-7 w-7 border-2\" data-analytics-label=\"anchorCloseAnchor\" data-action=\"anchor#closeAnchor\" style=\"z-index: 999999;\">\n            X\n          <\/button>\n        <\/div>\n        <div class=\"w-full justify-self-start flex flex-col h-32 bg-white border-solid border-2 shadow-md rounded-md\">\n          <div class=\"mx-2 h-1\/2\">\n            <p class=\"px-5 text-center pt-3 text-xs\">\n              Aqu\u00ed encontrar\u00e1s consejos y tratamientos para frenar la ca\u00edda del cabello.            <\/p>\n          <\/div>\n          <div class=\"mx-2 mt-1 bottom-0 h-1\/2\">\n            <a class=\"w-full m-auto\" href=\"https:\/\/tvemfoco.com\/es\/queda-de-cabelo\/\"  data-analytics-label=\"anchorButton\" data-action=\"analytics#trackCTA\" >\n              <button class=\"flex m-auto border-0 py-2 px-6 focus:outline-none rounded text-center text-sm\">\n                Sigue leyendo              <\/button>\n            <\/a>\n            <p class=\"text-gray-500 text-center mt-1\" style=\"font-size: 0.50rem;\">\n              Seguir\u00e1s en el mismo lugar  \n            <\/p>\n          <\/div>\n        <\/div>\n          <\/div>\n  <\/div>\n\n  <link rel=\"prefetch\" href=\"https:\/\/tvemfoco.com\/queda-de-cabelo\/\">\n  <link rel=\"prerender\" href=\"https:\/\/tvemfoco.com\/queda-de-cabelo\/\">\n\n  <link rel=\"prefetch\" href=\"https:\/\/tvemfoco.com\/cabelos-apos-40-anos\/\">\n  <link rel=\"prerender\" href=\"https:\/\/tvemfoco.com\/cabelos-apos-40-anos\/\">\n\n  <div style=\"margin-top: 100px;\">\n      <\/div>\n\n<\/div>\n\n<\/div><!--landing--><div class=\"wp-block-lazyblock-accordion lazyblock-accordion-1BPGq6\"><div data-controller=\"accordion\" class=\"mx-5 sm:mx-0 rounded mt-10 mb-20\">\n\t<div>\n                    <h2>\n                <button data-accordion-target=\"title\" data-accordion-index=\"0\" data-action=\"accordion#update\" type=\"button\" class=\"h-24 sm:h-16 flex justify-between items-center py-5 w-full font-medium text-left text-gray-900 rounded-t-xl border-b border-gray-200 dark:border-gray-700 dark:text-white\">\n                    <span class=\"w-4\/5\" data-accordion-index=\"0\">\n                        Cuando se te cae mucho el cabello, \u00bfqu\u00e9 podr\u00eda ser?                    <\/span>\n                    <svg data-accordion-index=\"0\" data-accordion-target=\"icon\" class=\"w-6 h-6 rotate-180 shrink-0\" fill=\"currentColor\" viewbox=\"0 0 20 20\" xmlns=\"http:\/\/www.w3.org\/2000\/svg\"><path fill-rule=\"evenodd\" d=\"M5.293 7.293a1 1 0 011.414 0L10 10.586l3.293-3.293a1 1 0 111.414 1.414l-4 4a1 1 0 01-1.414 0l-4-4a1 1 0 010-1.414z\" clip-rule=\"evenodd\"><\/path><\/svg>\n                <\/button>\n            <\/h2>\n            <div data-accordion-target=\"description\" class=\"animate-fade-in-down\">\n                <div class=\"py-5 border-b border-gray-200 dark:border-gray-70 text-left\">\n                    <p class=\"mb-2 text-gray-500 dark:text-gray-400\">\n                        Existen varias causas que pueden provocar la ca\u00edda del cabello. Una de las principales es la falta de vitaminas. En otras palabras, si comes mal, es probable que tu cuerpo carezca de vitaminas.                    <\/p>\n                <\/div>\n            <\/div>\n                    <h2>\n                <button data-accordion-target=\"title\" data-accordion-index=\"1\" data-action=\"accordion#update\" type=\"button\" class=\"h-24 sm:h-16 flex justify-between items-center py-5 w-full font-medium text-left text-gray-900 rounded-t-xl border-b border-gray-200 dark:border-gray-700 dark:text-white\">\n                    <span class=\"w-4\/5\" data-accordion-index=\"1\">\n                        \u00bfQu\u00e9 hacer para detener la ca\u00edda del cabello?                    <\/span>\n                    <svg data-accordion-index=\"1\" data-accordion-target=\"icon\" class=\"w-6 h-6 rotate-180 shrink-0\" fill=\"currentColor\" viewbox=\"0 0 20 20\" xmlns=\"http:\/\/www.w3.org\/2000\/svg\"><path fill-rule=\"evenodd\" d=\"M5.293 7.293a1 1 0 011.414 0L10 10.586l3.293-3.293a1 1 0 111.414 1.414l-4 4a1 1 0 01-1.414 0l-4-4a1 1 0 010-1.414z\" clip-rule=\"evenodd\"><\/path><\/svg>\n                <\/button>\n            <\/h2>\n            <div data-accordion-target=\"description\" class=\"animate-fade-in-down\">\n                <div class=\"py-5 border-b border-gray-200 dark:border-gray-70 text-left\">\n                    <p class=\"mb-2 text-gray-500 dark:text-gray-400\">\n                        Hemos enumerado algunos h\u00e1bitos que pueden ayudarte a reducir la ca\u00edda del cabello. Entre ellos se encuentra una dieta sana y equilibrada, ya que aumenta la cantidad de vitaminas y previene la ca\u00edda del cabello.                    <\/p>\n                <\/div>\n            <\/div>\n                    <h2>\n                <button data-accordion-target=\"title\" data-accordion-index=\"2\" data-action=\"accordion#update\" type=\"button\" class=\"h-24 sm:h-16 flex justify-between items-center py-5 w-full font-medium text-left text-gray-900 rounded-t-xl border-b border-gray-200 dark:border-gray-700 dark:text-white\">\n                    <span class=\"w-4\/5\" data-accordion-index=\"2\">\n                        \u00bfQu\u00e9 tipo de vitamina puede ayudar a detener la ca\u00edda del cabello?                    <\/span>\n                    <svg data-accordion-index=\"2\" data-accordion-target=\"icon\" class=\"w-6 h-6 rotate-180 shrink-0\" fill=\"currentColor\" viewbox=\"0 0 20 20\" xmlns=\"http:\/\/www.w3.org\/2000\/svg\"><path fill-rule=\"evenodd\" d=\"M5.293 7.293a1 1 0 011.414 0L10 10.586l3.293-3.293a1 1 0 111.414 1.414l-4 4a1 1 0 01-1.414 0l-4-4a1 1 0 010-1.414z\" clip-rule=\"evenodd\"><\/path><\/svg>\n                <\/button>\n            <\/h2>\n            <div data-accordion-target=\"description\" class=\"animate-fade-in-down\">\n                <div class=\"py-5 border-b border-gray-200 dark:border-gray-70 text-left\">\n                    <p class=\"mb-2 text-gray-500 dark:text-gray-400\">\n                        Se necesitan varios tipos de vitaminas para prevenir la ca\u00edda del cabello, algunos de los tipos m\u00e1s importantes son las vitaminas B7, C y E. Ingerir todas estas vitaminas puede ser un poco dif\u00edcil, pero te mostraremos una soluci\u00f3n r\u00e1pida y pr\u00e1ctica para ingerirlas f\u00e1cilmente y hacer que tu cabello est\u00e9 mucho m\u00e1s saludable.                    <\/p>\n                <\/div>\n            <\/div>\n                    <h2>\n                <button data-accordion-target=\"title\" data-accordion-index=\"3\" data-action=\"accordion#update\" type=\"button\" class=\"h-24 sm:h-16 flex justify-between items-center py-5 w-full font-medium text-left text-gray-900 rounded-t-xl border-b border-gray-200 dark:border-gray-700 dark:text-white\">\n                    <span class=\"w-4\/5\" data-accordion-index=\"3\">\n                        \u00bfQu\u00e9 tomar para reducir la ca\u00edda del cabello?                    <\/span>\n                    <svg data-accordion-index=\"3\" data-accordion-target=\"icon\" class=\"w-6 h-6 rotate-180 shrink-0\" fill=\"currentColor\" viewbox=\"0 0 20 20\" xmlns=\"http:\/\/www.w3.org\/2000\/svg\"><path fill-rule=\"evenodd\" d=\"M5.293 7.293a1 1 0 011.414 0L10 10.586l3.293-3.293a1 1 0 111.414 1.414l-4 4a1 1 0 01-1.414 0l-4-4a1 1 0 010-1.414z\" clip-rule=\"evenodd\"><\/path><\/svg>\n                <\/button>\n            <\/h2>\n            <div data-accordion-target=\"description\" class=\"animate-fade-in-down\">\n                <div class=\"py-5 border-b border-gray-200 dark:border-gray-70 text-left\">\n                    <p class=\"mb-2 text-gray-500 dark:text-gray-400\">\n                        Un medicamento recomendado para reducir la ca\u00edda del cabello es Luminus Hair Caps. Combina varios tipos de vitaminas en una sola c\u00e1psula, para que tu cabello est\u00e9 mucho m\u00e1s nutrido y saludable, previniendo as\u00ed la ca\u00edda.                    <\/p>\n                <\/div>\n            <\/div>\n        \t<\/div>\n<\/div><\/div><!--advertisement--><div class=\"mx-5 sm:mx-0 sm:text-3xl text-2xl font-medium title-font mb-4 text-gray-900 text-left\">\n<h2 id=\"h-desvendando-os-misterios-da-queda-de-cabelo-um-guia-completo\">Desentra\u00f1ando los misterios de la ca\u00edda del cabello: una gu\u00eda completa<\/h2>\n<\/div><div class=\"mx-5 sm:mx-0 prose leading-relaxed text-lg mb-5 text-left wp-paragraph\">\n<p>\u00bfAlguna vez te has quedado mirando el desag\u00fce de la ducha, preocupada por la cantidad de cabello que se te est\u00e1 cayendo? \u00bfO quiz\u00e1s esta ma\u00f1ana has notado que tus entradas est\u00e1n retrocediendo en el espejo? <\/p>\n<\/div><div class=\"mx-5 sm:mx-0 prose leading-relaxed text-lg mb-5 text-left wp-paragraph\">\n<p>La ca\u00edda del cabello es una preocupaci\u00f3n com\u00fan que afecta a personas de todo el mundo, sin importar la edad, el g\u00e9nero ni la etnia. Pero \u00bfqu\u00e9 causa realmente la ca\u00edda del cabello y qu\u00e9 puedes hacer al respecto? Exploremos este misterio juntos.<\/p>\n<\/div><div class=\"mx-5 sm:mx-0 prose leading-relaxed text-lg mb-5 text-left wp-paragraph\">\n<p>La ca\u00edda del cabello puede atribuirse a diversos factores, desde la gen\u00e9tica hasta el estr\u00e9s, la mala alimentaci\u00f3n, problemas de salud e incluso el uso de ciertos productos capilares. Comprender estos factores es crucial para desarrollar una estrategia eficaz para combatir la ca\u00edda del cabello.<\/p>\n<\/div><!--advertisement--><div class=\"mx-5 sm:mx-0 sm:text-3xl text-2xl font-medium title-font mb-4 text-gray-900 text-left\">\n<h2>Recupera tu confianza: Consejos infalibles para combatir la ca\u00edda del cabello<\/h2>\n<\/div><div class=\"mx-5 sm:mx-0 prose leading-relaxed text-lg mb-5 text-left wp-paragraph\">\n<p>\u00bfQu\u00e9 puedes hacer para mantener tu melena abundante y saludable? Primero, es importante cuidar no solo tu cabello, sino tambi\u00e9n tu salud en general. Una dieta equilibrada rica en vitaminas y minerales esenciales, como hierro, zinc y biotina, puede fortalecer los fol\u00edculos pilosos y reducir la ca\u00edda del cabello.<\/p>\n<\/div><div class=\"mx-5 sm:mx-0 prose leading-relaxed text-lg mb-5 text-left wp-paragraph\">\n<p>Adem\u00e1s, el manejo del estr\u00e9s juega un papel crucial en la salud capilar. Pr\u00e1cticas como la meditaci\u00f3n, el yoga y el ejercicio regular pueden ayudar a reducir los niveles de cortisol, la hormona del estr\u00e9s que puede contribuir a la ca\u00edda del cabello.<\/p>\n<\/div><div class=\"mx-5 sm:mx-0 prose leading-relaxed text-lg mb-5 text-left wp-paragraph\">\n<p>Pero no olvides la importancia del cuidado capilar. Elige productos suaves y naturales que no da\u00f1en tu cuero cabelludo. Evita el uso excesivo de herramientas de calor, como secadores y planchas, que pueden da\u00f1ar tu cabello.<\/p>\n<\/div><div class=\"mx-5 sm:mx-0 prose leading-relaxed text-lg mb-5 text-left wp-paragraph\">\n<p>Para aquellos que experimentan p\u00e9rdida de cabello debido a problemas gen\u00e9ticos, existen opciones de tratamiento disponibles, como medicamentos recetados y procedimientos quir\u00fargicos. <\/p>\n<\/div><div class=\"mx-5 sm:mx-0 prose leading-relaxed text-lg mb-5 text-left wp-paragraph\">\n<p>Recuerda que la ca\u00edda del cabello es un problema com\u00fan y, a menudo, tratable. No dejes que afecte tu autoestima ni tu confianza. Con el conocimiento y el cuidado adecuados, puedes afrontar este reto y recuperar la salud y vitalidad de tu cabello.<\/p>\n<\/div><div class=\"mx-5 sm:mx-0 prose leading-relaxed text-lg mb-5 text-left wp-paragraph\">\n<p>\u00a1No pierdas m\u00e1s tiempo! Recupera el control de tu cabello y disfruta de un cabello sano. Tu cabello te lo agradecer\u00e1 y te sentir\u00e1s segura y radiante.<\/p>\n<\/div><div class=\"mx-5 sm:mx-0 prose leading-relaxed text-lg mb-5 text-left wp-paragraph\">\n<p>\u00bfTe gust\u00f3 nuestro contenido? Si es as\u00ed, \u00a1no te pierdas nuestros otros art\u00edculos! Descubre las mejores apps para hacer Zumba en casa a continuaci\u00f3n.<\/p>\n<\/div><div class=\"wp-block-lazyblock-credit-card lazyblock-credit-card-ZA7SQH\"><section class=\"credit-card mx-5 sm:mx-0 text-gray-600 body-font  my-10 border-gray-200 border-b border-l border-r sm:border-0\">\n  <div class=\"h-1 bg-gray-200 rounded overflow-hidden\">\n    <div class=\"w-24 h-full\"><\/div>\n  <\/div>\n  <div class=\"container px-5 sm:px-0 py-6 mx-auto\" data-anchor-target=\"lazyBlock\">\n    <div class=\"flex flex-wrap mx-auto\">\n      <a class=\"lg:w-2\/5 w-full lg:pl-6 mt-6 lg:mt-0\" href=\"https:\/\/tvemfoco.com\/es\/aplicativos-zumba-em-casa\/\" data-analytics-label=\"creditCardImage\" data-action=\"analytics#trackCTA\" >\n        <img decoding=\"async\" class=\"w-full h-64 object-cover object-center rounded\" loading=\"lazy\" alt=\"card\" style=\"height: 190px;\" src=\"https:\/\/tvemfoco.com\/wp-content\/uploads\/2023\/07\/Zumba-em-casa-4-1-scaled.jpeg\">\n      <\/a>\n      <div class=\"lg:w-3\/5 w-full lg:pl-6 mt-6 lg:mt-0\">\n        <h2 class=\"text-sm title-font text-gray-500 tracking-widest uppercase\">\n          SOLICITUD        <\/h2>\n        <h1 class=\"text-gray-900 text-3xl title-font font-medium mb-1\">\n          APLICACI\u00d3N ZUMBA        <\/h1>\n        <div class=\"flex mb-4 justify-center sm:justify-start\">\n          \n                      <span class=\"inline-block py-1 px-2 rounded text-xs font-medium tracking-widest uppercase mr-2\">\n              SOLICITUD:            <\/span>\n                      <span class=\"inline-block py-1 px-2 rounded text-xs font-medium tracking-widest uppercase mr-2\">\n              \u2b50\u2b50\u2b50\u2b50\u2b50            <\/span>\n                    \n        <\/div>\n        <p class=\"leading-relaxed\">\n          Las aplicaciones de Zumba en casa ofrecen la comodidad de hacer ejercicio y bailar.        <\/p>\n        <div class=\"flex mt-6 items-center pb-5 border-b-2 border-gray-100 mb-5\">\n          \n        <\/div>\n        <div class=\"flex\">\n          <a data-km2-rewarded=\"true\" style=\"font-size: 13px;\" class=\"hidden animate-fade-in flex m-auto sm:mr-0 sm:ml-auto\"  href=\"https:\/\/tvemfoco.com\/es\/aplicativos-zumba-em-casa\/\" data-analytics-label=\"creditCardButton\" data-action=\"analytics#trackCTA\"  >\n            <button class=\"uppercase flex m-auto sm:mr-0 sm:ml-auto border-0 py-2 px-4 focus:outline-none rounded  disabled:opacity-50\">\n              CONOZCA APLICACIONES            <\/button>\n          <\/a>\n          <a data-km2-rewarded=\"false\" style=\"font-size: 15px;\" class=\"flex m-auto sm:mr-0 sm:ml-auto\"  href=\"https:\/\/tvemfoco.com\/es\/aplicativos-zumba-em-casa\/\" data-analytics-label=\"creditCardButton\" data-action=\"analytics#trackCTA\"  >\n            <button id=\"offer-first\" class=\"flex m-auto sm:mr-0 sm:ml-auto border-0 py-2 px-6 focus:outline-none rounded  disabled:opacity-50\">\n              CONOZCA APLICACIONES            <\/button>\n          <\/a>\n        <\/div>\n        <p class=\"text-xs text-gray-500 mt-3 text-center sm:text-right\">\n          Seguir\u00e1s en el mismo lugar        <\/p>\n      <\/div>\n    <\/div>\n  <\/div>\n\n    <script type=\"module\"> function waitFor(conditionFunction) { const poll = resolve => { if(conditionFunction()) resolve(); else setTimeout(_ => poll(resolve), 400); }; return new Promise(poll); } import { Application, Controller } from \"\/wp-content\/themes\/twentytwentyone\/assets\/js\/stimulus.min.js\"; let Stimulus = Application.start(); Stimulus.register(\"anchor\", class extends Controller { static get targets() { return [ \"lazyBlock\", \"lazyBlockAnchor\" ]; } initialize() { this.active = false; this.passed = false; this.closed = false; this.anchorViews = 0; this.boundOnShowAnchor = this.onShowAnchor.bind(this); window.anchorReady = window.anchorReady || false; waitFor(_ => (window.scrollY > this.getHeightBlock() && !this.active)) .then(_ => { !window.anchorReady? this.visible() : ''; window.anchorReady = true; }); if (document.getElementById('landing')) { setTimeout(() => { !window.anchorReady ? this.visible() : ''; window.anchorReady = true; }, 1 * 30000); }; } connect() { this.onShowAnchor(); document.addEventListener(\"scroll\", this.boundOnShowAnchor); } disconnect() { document.removeEventListener(\"scroll\", this.boundOnShowAnchor); } visible() { if (document.getElementById('av-offerwall__wrapper')) { setTimeout(() => this.visible(), 20000); return; } if (document.getElementById('av-fixed__bottomWrapper') && document.getElementById('av-fixed__bottomWrapper').style.display !== 'none' && document.getElementById('av-fixed__bottomWrapper').getBoundingClientRect().height > 100) { setTimeout(() => this.visible(), 1000); return; } if (document.getElementById('av-fixed__bottomWrapper') && document.getElementById('av-fixed__bottomWrapper').style.display !== 'none' && document.getElementById('av-fixed__bottomWrapper').getBoundingClientRect().height > 10) { this.getAnchorElement().style.marginBottom = '60px'; } if (document.querySelector('[data-anchor-shown=\"true\"]') && document.querySelector('[data-anchor-shown=\"true\"]').style.bottom === '0px') { setTimeout(() => this.visible(), 1000); return; } if (!window.km2AnchorReady) { this.active = true; \/*this.getAnchorElement().style.animation = \"none\"; this.getAnchorElement().classList.remove('animate-show-down');*\/ \/*this.getAnchorElement().classList.add('animate-show-up');*\/ \/*setTimeout(() => {*\/ \/*this.getAnchorElement().style.animation = \"\";*\/ this.getAnchorElement().classList.add('animate-show-up'); this.getAnchorElement().classList.remove('hidden'); this.setAnchorViews(this.anchorViews+1); setTimeout(() => this.closeAnchor(), 20000); waitFor(_ => (document.getElementById('av-fixed__bottomWrapper') && document.getElementById('av-fixed__bottomWrapper').style.display !== 'none' && document.getElementById('av-fixed__bottomWrapper').getBoundingClientRect().height > 10 && this.getAnchorElement().style.marginBottom !== '60px')) .then(_ => { this.closeAnchor(); }); this.active = false; \/*}, 10);*\/ } } invisible() { this.active = true; this.getAnchorElement().style.animation = \"none\"; this.getAnchorElement().classList.remove('animate-show-up'); this.getAnchorElement().classList.add('animate-show-down'); setTimeout(() => { this.getAnchorElement().style.animation = \"\"; setTimeout(() => { this.getAnchorElement().classList.add('hidden'); this.active = false; }, 800); }, 10); } onShowAnchor() { let anchorReady = false;  \/*if (!this.active && !anchorReady) { if (this.getAnchorViews() <= 3) { if (window.scrollY > this.getHeightBlock()) { if (!this.passed && !this.closed) { this.visible(); this.passed = true; } } else { if (this.passed) { this.invisible(); this.passed = false; } } } else { if (!this.getAnchorElement().classList.contains('close')) { this.getAnchorElement().classList.add('close'); if (window.scrollY < this.getHeightBlock()) { this.invisible(); } } } }*\/ } closeAnchor() { if (this.closed) return; this.invisible(); this.getAnchorElement().classList.add('close'); this.closed = true; } getAnchorElement() { return this.lazyBlockAnchorTargets[0]; } getAnchorViews() { this.anchorViews = parseInt(sessionStorage.getItem(\"anchorViews\")) >= 1 ? parseInt(sessionStorage.getItem(\"anchorViews\")) : 0; return this.anchorViews; } setAnchorViews(views) { sessionStorage.setItem(\"anchorViews\", views); } getHeightBlock() { return this.lazyBlockTarget.offsetTop + this.lazyBlockTarget.offsetHeight - 110; } }) <\/script>  <div data-anchor-target=\"lazyBlockAnchor\" class=\"fixed w-full sm:w-96 px-3 py-2 bottom-0 left-0 hidden\" style=\"z-index: 999999;\" name=\"lazyBlockAnchor\">\n    <div class=\"grid justify-items-stretch\">        \n              <div class=\"relative justify-self-end top-4 -right-2\">\n          <button data-no-translation class=\"bg-white text-md font-medium text-center rounded-full h-7 w-7 border-2\" data-analytics-label=\"anchorCloseAnchor\" data-action=\"anchor#closeAnchor\" style=\"z-index: 999999;\">\n            X\n          <\/button>\n        <\/div>\n        <div class=\"justify-self-auto flex flex-col h-32 bg-white border-solid border-2 shadow-md rounded-md\">\n          <div class=\"flex my-0 h-full\">\n            <div class=\"w-2\/5 p-1 ml-2 mt-2 w-full\">\n              <a href=\"https:\/\/tvemfoco.com\/es\/aplicativos-zumba-em-casa\/\"  data-analytics-label=\"anchorImage\" data-action=\"analytics#trackCTA\">          \n                <img decoding=\"async\" loading=\"lazy\" alt=\"card\" class=\"w-full object-cover h-24 object-center rounded justify-self-auto border-2 border-gray-100\" src=\"https:\/\/tvemfoco.com\/wp-content\/uploads\/2023\/07\/Zumba-em-casa-4-1-scaled.jpeg\">          \n              <\/a>\n            <\/div>\n            <div class=\"w-3\/5 my-2\">\n              <p class=\"px-4 text-center text-xs h-1\/2\">\n                Las aplicaciones de Zumba en casa ofrecen la comodidad de...              <\/p>\n              <a href=\"https:\/\/tvemfoco.com\/es\/aplicativos-zumba-em-casa\/\"  data-analytics-label=\"anchorButton\" data-action=\"analytics#trackCTA\" >\n                <button class=\"flex w-5\/6 m-auto mt-2 border-0 py-1 px-3 focus:outline-none rounded\">                \n                  <p class=\"text-center w-full\" style=\"font-size: 0.67rem;\">\n                    CONOZCA APLICACIONES                  <\/p>\n                <\/button>\n              <\/a>\n              <p class=\"text-gray-500 text-center mt-1\" style=\"font-size: 0.50rem;\">\n                Seguir\u00e1s en el mismo lugar              <\/p>\n            <\/div>\n          <\/div>\n        <\/div>\n          <\/div>\n  <\/div>\n<\/section><\/div>","protected":false},"excerpt":{"rendered":"<p>\u00a1Mantener tu cabello sin canas es m\u00e1s f\u00e1cil que nunca! \u00bfQu\u00e9 buscas? Los mejores tratamientos disponibles. Descifrando los misterios de la ca\u00edda del cabello: Una gu\u00eda completa. \u00bfAlguna vez te has encontrado mirando fijamente el desag\u00fce de la ducha, preocupada por la cantidad de cabello que est\u00e1s perdiendo? \u00bfO quiz\u00e1s has notado que tus entradas est\u00e1n en retroceso? <a class=\"more-link\" href=\"https:\/\/tvemfoco.com\/es\/recomendador-queda-de-cabelo\/\">sigue leyendo <span class=\"screen-reader-text\">Recomendador TEF \u2013 P\u00e9rdida del cabello<\/span><\/a><\/p>","protected":false},"author":7,"featured_media":0,"comment_status":"open","ping_status":"open","sticky":false,"template":"","format":"standard","meta":[],"categories":[733,2],"tags":[],"yoast_head":"<!-- This site is optimized with the Yoast SEO Premium plugin v18.7 (Yoast SEO v19.1) - https:\/\/yoast.com\/wordpress\/plugins\/seo\/ -->\n<title>Recomendador TEF - Queda de cabelo - TV em Foco<\/title>\n<meta name=\"description\" content=\"Combata a queda de cabelo e recupere seus fios com solu\u00e7\u00f5es eficazes. Descubra dicas, produtos e tratamentos que fortalecer\u00e3o seu cabelo.\" \/>\n<meta name=\"robots\" content=\"index, follow, max-snippet:-1, max-image-preview:large, max-video-preview:-1\" \/>\n<link rel=\"canonical\" href=\"https:\/\/tvemfoco.com\/es\/recomendador-queda-de-cabelo\/\" \/>\n<meta property=\"og:locale\" content=\"es_MX\" \/>\n<meta property=\"og:type\" content=\"article\" \/>\n<meta property=\"og:title\" content=\"Recomendador TEF - Queda de cabelo\" \/>\n<meta property=\"og:description\" content=\"Combata a queda de cabelo e recupere seus fios com solu\u00e7\u00f5es eficazes. Descubra dicas, produtos e tratamentos que fortalecer\u00e3o seu cabelo.\" \/>\n<meta property=\"og:url\" content=\"https:\/\/tvemfoco.com\/es\/recomendador-queda-de-cabelo\/\" \/>\n<meta property=\"og:site_name\" content=\"TV em Foco\" \/>\n<meta property=\"article:published_time\" content=\"2023-07-21T19:51:41+00:00\" \/>\n<meta property=\"article:modified_time\" content=\"2024-05-20T17:03:16+00:00\" \/>\n<meta name=\"twitter:card\" content=\"summary_large_image\" \/>\n<meta name=\"twitter:label1\" content=\"Written by\" \/>\n\t<meta name=\"twitter:data1\" content=\"Junior de Aguiar\" \/>\n\t<meta name=\"twitter:label2\" content=\"Est. reading time\" \/>\n\t<meta name=\"twitter:data2\" content=\"3 minutos\" \/>\n<script type=\"application\/ld+json\" class=\"yoast-schema-graph\">{\"@context\":\"https:\/\/schema.org\",\"@graph\":[{\"@type\":\"WebSite\",\"@id\":\"https:\/\/tvemfoco.com\/#website\",\"url\":\"https:\/\/tvemfoco.com\/\",\"name\":\"TV em Foco\",\"description\":\"A TV em Foco \u00e9 um site online que oferece not\u00edcias atualizadas sobre diversos assuntos\",\"potentialAction\":[{\"@type\":\"SearchAction\",\"target\":{\"@type\":\"EntryPoint\",\"urlTemplate\":\"https:\/\/tvemfoco.com\/?s={search_term_string}\"},\"query-input\":\"required name=search_term_string\"}],\"inLanguage\":\"es-MX\"},{\"@type\":\"WebPage\",\"@id\":\"https:\/\/tvemfoco.com\/recomendador-queda-de-cabelo\/#webpage\",\"url\":\"https:\/\/tvemfoco.com\/recomendador-queda-de-cabelo\/\",\"name\":\"Recomendador TEF - Queda de cabelo - TV em Foco\",\"isPartOf\":{\"@id\":\"https:\/\/tvemfoco.com\/#website\"},\"datePublished\":\"2023-07-21T19:51:41+00:00\",\"dateModified\":\"2024-05-20T17:03:16+00:00\",\"author\":{\"@id\":\"https:\/\/tvemfoco.com\/#\/schema\/person\/eca0a76f4f3dd84ca3e2e3a19f93440a\"},\"description\":\"Combata a queda de cabelo e recupere seus fios com solu\u00e7\u00f5es eficazes. Descubra dicas, produtos e tratamentos que fortalecer\u00e3o seu cabelo.\",\"breadcrumb\":{\"@id\":\"https:\/\/tvemfoco.com\/recomendador-queda-de-cabelo\/#breadcrumb\"},\"inLanguage\":\"es-MX\",\"potentialAction\":[{\"@type\":\"ReadAction\",\"target\":[\"https:\/\/tvemfoco.com\/recomendador-queda-de-cabelo\/\"]}]},{\"@type\":\"BreadcrumbList\",\"@id\":\"https:\/\/tvemfoco.com\/recomendador-queda-de-cabelo\/#breadcrumb\",\"itemListElement\":[{\"@type\":\"ListItem\",\"position\":1,\"name\":\"Home\",\"item\":\"https:\/\/tvemfoco.com\/\"},{\"@type\":\"ListItem\",\"position\":2,\"name\":\"Recomendador TEF &#8211; Queda de cabelo\"}]},{\"@type\":\"Person\",\"@id\":\"https:\/\/tvemfoco.com\/#\/schema\/person\/eca0a76f4f3dd84ca3e2e3a19f93440a\",\"name\":\"Junior de Aguiar\",\"image\":{\"@type\":\"ImageObject\",\"inLanguage\":\"es-MX\",\"@id\":\"https:\/\/tvemfoco.com\/#\/schema\/person\/image\/\",\"url\":\"https:\/\/secure.gravatar.com\/avatar\/cf0b04c3551002c04040ec298a9879f5?s=96&d=mm&r=g\",\"contentUrl\":\"https:\/\/secure.gravatar.com\/avatar\/cf0b04c3551002c04040ec298a9879f5?s=96&d=mm&r=g\",\"caption\":\"Junior de Aguiar\"},\"description\":\"Estudante de Direito fascinado por aprender coisas novas. Descobriu seu interesse na \u00e1rea da produ\u00e7\u00e3o de conte\u00fado e busca ampliar suas experi\u00eancias nesse universo digital. Desde sempre, apaixonado por futebol e todo o mundo dos esportes. Esse sou eu. Prazer, Junior!\",\"url\":\"https:\/\/tvemfoco.com\/es\/author\/junior-aguiar\/\"}]}<\/script>\n<!-- \/ Yoast SEO Premium plugin. -->","yoast_head_json":{"title":"Recomendador TEF - Queda de cabelo - TV em Foco","description":"Combata a queda de cabelo e recupere seus fios com solu\u00e7\u00f5es eficazes. Descubra dicas, produtos e tratamentos que fortalecer\u00e3o seu cabelo.","robots":{"index":"index","follow":"follow","max-snippet":"max-snippet:-1","max-image-preview":"max-image-preview:large","max-video-preview":"max-video-preview:-1"},"canonical":"https:\/\/tvemfoco.com\/es\/recomendador-queda-de-cabelo\/","og_locale":"es_MX","og_type":"article","og_title":"Recomendador TEF - Queda de cabelo","og_description":"Combata a queda de cabelo e recupere seus fios com solu\u00e7\u00f5es eficazes. Descubra dicas, produtos e tratamentos que fortalecer\u00e3o seu cabelo.","og_url":"https:\/\/tvemfoco.com\/es\/recomendador-queda-de-cabelo\/","og_site_name":"TV em Foco","article_published_time":"2023-07-21T19:51:41+00:00","article_modified_time":"2024-05-20T17:03:16+00:00","twitter_card":"summary_large_image","twitter_misc":{"Written by":"Junior de Aguiar","Est. reading time":"3 minutos"},"schema":{"@context":"https:\/\/schema.org","@graph":[{"@type":"WebSite","@id":"https:\/\/tvemfoco.com\/#website","url":"https:\/\/tvemfoco.com\/","name":"TV em Foco","description":"A TV em Foco \u00e9 um site online que oferece not\u00edcias atualizadas sobre diversos assuntos","potentialAction":[{"@type":"SearchAction","target":{"@type":"EntryPoint","urlTemplate":"https:\/\/tvemfoco.com\/?s={search_term_string}"},"query-input":"required name=search_term_string"}],"inLanguage":"es-MX"},{"@type":"WebPage","@id":"https:\/\/tvemfoco.com\/recomendador-queda-de-cabelo\/#webpage","url":"https:\/\/tvemfoco.com\/recomendador-queda-de-cabelo\/","name":"Recomendador TEF - Queda de cabelo - TV em Foco","isPartOf":{"@id":"https:\/\/tvemfoco.com\/#website"},"datePublished":"2023-07-21T19:51:41+00:00","dateModified":"2024-05-20T17:03:16+00:00","author":{"@id":"https:\/\/tvemfoco.com\/#\/schema\/person\/eca0a76f4f3dd84ca3e2e3a19f93440a"},"description":"Combata a queda de cabelo e recupere seus fios com solu\u00e7\u00f5es eficazes. Descubra dicas, produtos e tratamentos que fortalecer\u00e3o seu cabelo.","breadcrumb":{"@id":"https:\/\/tvemfoco.com\/recomendador-queda-de-cabelo\/#breadcrumb"},"inLanguage":"es-MX","potentialAction":[{"@type":"ReadAction","target":["https:\/\/tvemfoco.com\/recomendador-queda-de-cabelo\/"]}]},{"@type":"BreadcrumbList","@id":"https:\/\/tvemfoco.com\/recomendador-queda-de-cabelo\/#breadcrumb","itemListElement":[{"@type":"ListItem","position":1,"name":"Home","item":"https:\/\/tvemfoco.com\/"},{"@type":"ListItem","position":2,"name":"Recomendador TEF &#8211; Queda de cabelo"}]},{"@type":"Person","@id":"https:\/\/tvemfoco.com\/#\/schema\/person\/eca0a76f4f3dd84ca3e2e3a19f93440a","name":"Junior de Aguiar","image":{"@type":"ImageObject","inLanguage":"es-MX","@id":"https:\/\/tvemfoco.com\/#\/schema\/person\/image\/","url":"https:\/\/secure.gravatar.com\/avatar\/cf0b04c3551002c04040ec298a9879f5?s=96&d=mm&r=g","contentUrl":"https:\/\/secure.gravatar.com\/avatar\/cf0b04c3551002c04040ec298a9879f5?s=96&d=mm&r=g","caption":"Junior de Aguiar"},"description":"Estudante de Direito fascinado por aprender coisas novas. Descobriu seu interesse na \u00e1rea da produ\u00e7\u00e3o de conte\u00fado e busca ampliar suas experi\u00eancias nesse universo digital. Desde sempre, apaixonado por futebol e todo o mundo dos esportes. Esse sou eu. Prazer, Junior!","url":"https:\/\/tvemfoco.com\/es\/author\/junior-aguiar\/"}]}},"_links":{"self":[{"href":"https:\/\/tvemfoco.com\/es\/wp-json\/wp\/v2\/posts\/11145"}],"collection":[{"href":"https:\/\/tvemfoco.com\/es\/wp-json\/wp\/v2\/posts"}],"about":[{"href":"https:\/\/tvemfoco.com\/es\/wp-json\/wp\/v2\/types\/post"}],"author":[{"embeddable":true,"href":"https:\/\/tvemfoco.com\/es\/wp-json\/wp\/v2\/users\/7"}],"replies":[{"embeddable":true,"href":"https:\/\/tvemfoco.com\/es\/wp-json\/wp\/v2\/comments?post=11145"}],"version-history":[{"count":0,"href":"https:\/\/tvemfoco.com\/es\/wp-json\/wp\/v2\/posts\/11145\/revisions"}],"wp:attachment":[{"href":"https:\/\/tvemfoco.com\/es\/wp-json\/wp\/v2\/media?parent=11145"}],"wp:term":[{"taxonomy":"category","embeddable":true,"href":"https:\/\/tvemfoco.com\/es\/wp-json\/wp\/v2\/categories?post=11145"},{"taxonomy":"post_tag","embeddable":true,"href":"https:\/\/tvemfoco.com\/es\/wp-json\/wp\/v2\/tags?post=11145"}],"curies":[{"name":"wp","href":"https:\/\/api.w.org\/{rel}","templated":true}]}}